{"id":7215,"date":"2018-09-19T13:06:24","date_gmt":"2018-09-19T13:06:24","guid":{"rendered":"http:\/\/bibliotekamoscisko.pl\/?p=7215"},"modified":"2018-09-19T13:06:24","modified_gmt":"2018-09-19T13:06:24","slug":"nowi-czytelnicy-w-pilawie-dolnej","status":"publish","type":"post","link":"https:\/\/bibliotekamoscisko.pl\/?p=7215","title":{"rendered":"Nowi czytelnicy w Pi\u0142awie Dolnej"},"content":{"rendered":"<p>18 wrze\u015bnia \u00a0Bibliotek\u0119 w Pi\u0142awie Dolnej odwiedzili uczniowie klasy pierwszej Szko\u0142y Podstawowej im. K. Makuszy\u0144skiego. Dzieci zapozna\u0142y si\u0119 z ksi\u0119gozbiorem biblioteki i sta\u0142y si\u0119 posiadaczami w\u0142asnej karty bibliotecznej. Nowi czytelnicy poznali zasady korzystania z ksi\u0119gozbioru. Podczas rozm\u00f3w o ulubionych ksi\u0105\u017ckach dzieci malowa\u0142y tak\u017ce swoje autoportrety, kt\u00f3re zostawi\u0142y w bibliotece.<\/p>\n<div id='gallery-1' class='gallery galleryid-7215 gallery-columns-3 gallery-size-thumbnail'><figure class='gallery-item'>\n\t\t\t<div class='gallery-icon landscape'>\n\t\t\t\t<a href='https:\/\/bibliotekamoscisko.pl\/?attachment_id=7218'><img decoding=\"async\" width=\"150\" height=\"150\" src=\"https:\/\/bibliotekamoscisko.pl\/wp-content\/uploads\/2018\/09\/IMG_3649-150x150.jpeg\" class=\"attachment-thumbnail size-thumbnail\" alt=\"\" srcset=\"https:\/\/bibliotekamoscisko.pl\/wp-content\/uploads\/2018\/09\/IMG_3649-150x150.jpeg 150w, https:\/\/bibliotekamoscisko.pl\/wp-content\/uploads\/2018\/09\/IMG_3649-1x1.jpeg 1w\" sizes=\"(max-width: 150px) 100vw, 150px\" \/><\/a>\n\t\t\t<\/div><\/figure><figure class='gallery-item'>\n\t\t\t<div class='gallery-icon landscape'>\n\t\t\t\t<a href='https:\/\/bibliotekamoscisko.pl\/?attachment_id=7219'><img decoding=\"async\" width=\"150\" height=\"150\" src=\"https:\/\/bibliotekamoscisko.pl\/wp-content\/uploads\/2018\/09\/IMG_3651-150x150.jpeg\" class=\"attachment-thumbnail size-thumbnail\" alt=\"\" srcset=\"https:\/\/bibliotekamoscisko.pl\/wp-content\/uploads\/2018\/09\/IMG_3651-150x150.jpeg 150w, https:\/\/bibliotekamoscisko.pl\/wp-content\/uploads\/2018\/09\/IMG_3651-1x1.jpeg 1w\" sizes=\"(max-width: 150px) 100vw, 150px\" \/><\/a>\n\t\t\t<\/div><\/figure><figure class='gallery-item'>\n\t\t\t<div class='gallery-icon portrait'>\n\t\t\t\t<a href='https:\/\/bibliotekamoscisko.pl\/?attachment_id=7222'><img decoding=\"async\" width=\"150\" height=\"150\" src=\"https:\/\/bibliotekamoscisko.pl\/wp-content\/uploads\/2018\/09\/IMG_3658-e1537362264578-150x150.jpeg\" class=\"attachment-thumbnail size-thumbnail\" alt=\"\" srcset=\"https:\/\/bibliotekamoscisko.pl\/wp-content\/uploads\/2018\/09\/IMG_3658-e1537362264578-150x150.jpeg 150w, https:\/\/bibliotekamoscisko.pl\/wp-content\/uploads\/2018\/09\/IMG_3658-e1537362264578-1x1.jpeg 1w\" sizes=\"(max-width: 150px) 100vw, 150px\" \/><\/a>\n\t\t\t<\/div><\/figure><figure class='gallery-item'>\n\t\t\t<div class='gallery-icon portrait'>\n\t\t\t\t<a href='https:\/\/bibliotekamoscisko.pl\/?attachment_id=7223'><img loading=\"lazy\" decoding=\"async\" width=\"150\" height=\"150\" src=\"https:\/\/bibliotekamoscisko.pl\/wp-content\/uploads\/2018\/09\/IMG_3659-e1537362276481-150x150.jpeg\" class=\"attachment-thumbnail size-thumbnail\" alt=\"\" srcset=\"https:\/\/bibliotekamoscisko.pl\/wp-content\/uploads\/2018\/09\/IMG_3659-e1537362276481-150x150.jpeg 150w, https:\/\/bibliotekamoscisko.pl\/wp-content\/uploads\/2018\/09\/IMG_3659-e1537362276481-1x1.jpeg 1w\" sizes=\"(max-width: 150px) 100vw, 150px\" \/><\/a>\n\t\t\t<\/div><\/figure>\n\t\t<\/div>\n\n<p>Celem naszego spotkania by\u0142o promowanie ksi\u0105\u017cki i czytelnictwa.<br \/>\nBardzo dzi\u0119kuj\u0119 za mi\u0142e odwiedziny a wychowawcy klasy El\u017cbiecie Biernackiej za wsp\u00f3\u0142prac\u0119.<br \/>\nZapraszamy Czytelnik\u00f3w do odwiedzenia naszej Biblioteki i skorzystania z pozycji beletrystycznych, kt\u00f3re ukaza\u0142y si\u0119 na rynku wydawniczym w 2018 r.<\/p>\n<p>W. Kun<\/p>\n","protected":false},"excerpt":{"rendered":"<p>18 wrze\u015bnia \u00a0Bibliotek\u0119 w Pi\u0142awie Dolnej odwiedzili uczniowie klasy pierwszej Szko\u0142y Podstawowej im. K. Makuszy\u0144skiego. Dzieci zapozna\u0142y si\u0119 z ksi\u0119gozbiorem biblioteki i sta\u0142y si\u0119 posiadaczami w\u0142asnej karty bibliotecznej. Nowi czytelnicy [&hellip;]<\/p>\n","protected":false},"author":1,"featured_media":0,"comment_status":"closed","ping_status":"open","sticky":false,"template":"","format":"standard","meta":{"ngg_post_thumbnail":0,"footnotes":""},"categories":[1],"tags":[],"class_list":["post-7215","post","type-post","status-publish","format-standard","hentry","category-uncategorized"],"_links":{"self":[{"href":"https:\/\/bibliotekamoscisko.pl\/index.php?rest_route=\/wp\/v2\/posts\/7215","targetHints":{"allow":["GET"]}}],"collection":[{"href":"https:\/\/bibliotekamoscisko.pl\/index.php?rest_route=\/wp\/v2\/posts"}],"about":[{"href":"https:\/\/bibliotekamoscisko.pl\/index.php?rest_route=\/wp\/v2\/types\/post"}],"author":[{"embeddable":true,"href":"https:\/\/bibliotekamoscisko.pl\/index.php?rest_route=\/wp\/v2\/users\/1"}],"replies":[{"embeddable":true,"href":"https:\/\/bibliotekamoscisko.pl\/index.php?rest_route=%2Fwp%2Fv2%2Fcomments&post=7215"}],"version-history":[{"count":1,"href":"https:\/\/bibliotekamoscisko.pl\/index.php?rest_route=\/wp\/v2\/posts\/7215\/revisions"}],"predecessor-version":[{"id":7224,"href":"https:\/\/bibliotekamoscisko.pl\/index.php?rest_route=\/wp\/v2\/posts\/7215\/revisions\/7224"}],"wp:attachment":[{"href":"https:\/\/bibliotekamoscisko.pl\/index.php?rest_route=%2Fwp%2Fv2%2Fmedia&parent=7215"}],"wp:term":[{"taxonomy":"category","embeddable":true,"href":"https:\/\/bibliotekamoscisko.pl\/index.php?rest_route=%2Fwp%2Fv2%2Fcategories&post=7215"},{"taxonomy":"post_tag","embeddable":true,"href":"https:\/\/bibliotekamoscisko.pl\/index.php?rest_route=%2Fwp%2Fv2%2Ftags&post=7215"}],"curies":[{"name":"wp","href":"https:\/\/api.w.org\/{rel}","templated":true}]}}