{"id":7229,"date":"2018-09-21T12:25:31","date_gmt":"2018-09-21T12:25:31","guid":{"rendered":"http:\/\/bibliotekamoscisko.pl\/?p=7229"},"modified":"2018-09-21T12:42:56","modified_gmt":"2018-09-21T12:42:56","slug":"mala-ksiazka-wielki-czlowiek-2","status":"publish","type":"post","link":"https:\/\/bibliotekamoscisko.pl\/?p=7229","title":{"rendered":"Ma\u0142a ksi\u0105\u017cka &#8211; wielki cz\u0142owiek"},"content":{"rendered":"<h2 style=\"text-align: center;\"><strong>Pilota\u017cowy projekt dla trzylatk\u00f3w realizowany w ramach og\u00f3lnopolskiej kampanii<\/strong><\/h2>\n<h2 style=\"text-align: center;\"><strong>\u201eMa\u0142a ksi\u0105\u017cka &#8211;\u00a0\u00a0 wielki cz\u0142owiek\u201ddotar\u0142 r\u00f3wnie\u017c do Biblioteki Publicznej Gminy Dzier\u017coni\u00f3w <\/strong><\/h2>\n<h2 style=\"text-align: center;\"><strong>im. W\u0142adys\u0142awa Reymonta!<\/strong><\/h2>\n<p style=\"text-align: left;\">Ka\u017cdy trzylatek, kt\u00f3ry przyjdzie do biblioteki, otrzyma w prezencie Wyprawk\u0119 Czytelnicz\u0105, a w niej: ksi\u0105\u017ck\u0119 \u201ePierwsze wiersze dla\u2026\u201d oraz Kart\u0119 Ma\u0142ego Czytelnika. Za ka\u017cd\u0105 wizyt\u0119 w bibliotece zako\u0144czon\u0105 wypo\u017cyczeniem minimum jednej ksi\u0105\u017cki z ksi\u0119gozbioru dzieci\u0119cego Ma\u0142y Czytelnik otrzyma naklejk\u0119, a po zebraniu dziesi\u0119ciu zostanie uhonorowany imiennym dyplomem potwierdzaj\u0105cym jego czytelnicze zainteresowania. W Wyprawce znajd\u0105 co\u015b dla siebie tak\u017ce rodzice. \u201eKsi\u0105\u017ck\u0105 po\u0142\u0105czeni, czyli o roli czytania w \u017cyciu dziecka\u201d to broszura informacyjna, \u00a0przypominaj\u0105ca o korzy\u015bciach wynikaj\u0105cych z czytania dzieciom oraz podpowiadaj\u0105ca, sk\u0105d czerpa\u0107 nowe inspiracje czytelnicze. Dzi\u0119ki akcji dziecko pozna wa\u017cne miejsce na czytelniczej mapie dzieci\u0144stwa (bibliotek\u0119) i zostanie pe\u0142noprawnym uczestnikiem \u017cycia kulturalnego. Badania wykazuj\u0105, \u017ce dzieci wychowywane po\u015br\u00f3d ksi\u0105\u017cek s\u0105 bardziej pewne siebie, maj\u0105 wi\u0119kszy ni\u017c r\u00f3wie\u015bnicy zas\u00f3b s\u0142ownictwa i dobrze rozwini\u0119t\u0105 wyobra\u017ani\u0119. Po\u017cytki z czytania maj\u0105 tak\u017ce konkretny wymiar materialny: czytaj\u0105ce dzieci osi\u0105gaj\u0105 sukcesy\u00a0\u00a0 \u00a0 \u00a0\u00a0\u00a0\u00a0\u00a0 \u00a0 \u00a0 \u00a0\u00a0 i zarabiaj\u0105 wi\u0119cej od tych, kt\u00f3re nie czytaj\u0105. Nieod\u0142\u0105cznym elementem czytania dzieciom w wieku przedszkolnym jest obecno\u015b\u0107 rodzica\/opiekuna, kt\u00f3ry nie tylko wciela si\u0119 w ksi\u0105\u017ckowych bohater\u00f3w, ale staje si\u0119 przewodnikiem w nowej przygodzie prze\u017cywanej wsp\u00f3lnie z dzieckiem, buduj\u0105c tym samym relacje, kt\u00f3re z ca\u0142\u0105 pewno\u015bci\u0105 zaowocuj\u0105 w przysz\u0142o\u015bci.<br \/>\n<a href=\"http:\/\/bibliotekamoscisko.pl\/wp-content\/uploads\/2018\/09\/Ma\u0142a-Ksi\u0105\u017cka-Wielki-Cz\u0142owiek-Plakat-m.jpg\"><img fetchpriority=\"high\" decoding=\"async\" class=\"aligncenter size-full wp-image-7230\" src=\"http:\/\/bibliotekamoscisko.pl\/wp-content\/uploads\/2018\/09\/Ma\u0142a-Ksi\u0105\u017cka-Wielki-Cz\u0142owiek-Plakat-m.jpg\" alt=\"\" width=\"632\" height=\"900\" srcset=\"https:\/\/bibliotekamoscisko.pl\/wp-content\/uploads\/2018\/09\/Ma\u0142a-Ksi\u0105\u017cka-Wielki-Cz\u0142owiek-Plakat-m.jpg 632w, https:\/\/bibliotekamoscisko.pl\/wp-content\/uploads\/2018\/09\/Ma\u0142a-Ksi\u0105\u017cka-Wielki-Cz\u0142owiek-Plakat-m-211x300.jpg 211w, https:\/\/bibliotekamoscisko.pl\/wp-content\/uploads\/2018\/09\/Ma\u0142a-Ksi\u0105\u017cka-Wielki-Cz\u0142owiek-Plakat-m-1x1.jpg 1w\" sizes=\"(max-width: 632px) 100vw, 632px\" \/><\/a><strong>\u00a0\u00a0\u00a0\u00a0\u00a0\u00a0\u00a0\u00a0\u00a0\u00a0\u00a0\u00a0\u00a0\u00a0\u00a0\u00a0\u00a0\u00a0\u00a0\u00a0\u00a0\u00a0\u00a0\u00a0\u00a0\u00a0\u00a0\u00a0\u00a0\u00a0\u00a0\u00a0\u00a0\u00a0\u00a0\u00a0\u00a0\u00a0\u00a0\u00a0\u00a0 W akcji bior\u0105 udzia\u0142 wszystkie nasze filie. Zapraszamy ju\u017c w pa\u017adzierniku!<\/strong><\/p>\n<p style=\"text-align: center;\">Projekt nawi\u0105zuje do kampanii proczytelniczych realizowanych na ca\u0142ym<br \/>\n\u015bwiecie, a zapocz\u0105tkowanych w 1992 r. przez brytyjsk\u0105 fundacj\u0119<br \/>\nBookTrust.<br \/>\nProjekt jest finansowany ze \u015brodk\u00f3w Ministerstwa Kultury i Dziedzictwa<br \/>\nNarodowego.<br \/>\nOrganizator: Instytut Ksi\u0105\u017cki<br \/>\nPatronat Honorowy: Rzecznik Praw Dziecka Marek Michalak<br \/>\nPartnerzy: Polska Sekcja IBBY, Fundacja Metropolia Dzieci<br \/>\nPatronat Medialny: Ryms, <u><a href=\"http:\/\/CzasDzieci.pl\">CzasDzieci.pl<\/a><\/u><\/p>\n","protected":false},"excerpt":{"rendered":"<p>Pilota\u017cowy projekt dla trzylatk\u00f3w realizowany w ramach og\u00f3lnopolskiej kampanii \u201eMa\u0142a ksi\u0105\u017cka &#8211;\u00a0\u00a0 wielki cz\u0142owiek\u201ddotar\u0142 r\u00f3wnie\u017c do Biblioteki Publicznej Gminy Dzier\u017coni\u00f3w im. W\u0142adys\u0142awa Reymonta! Ka\u017cdy trzylatek, kt\u00f3ry przyjdzie do biblioteki, otrzyma [&hellip;]<\/p>\n","protected":false},"author":1,"featured_media":0,"comment_status":"closed","ping_status":"open","sticky":false,"template":"","format":"standard","meta":{"ngg_post_thumbnail":0,"footnotes":""},"categories":[1],"tags":[],"class_list":["post-7229","post","type-post","status-publish","format-standard","hentry","category-uncategorized"],"_links":{"self":[{"href":"https:\/\/bibliotekamoscisko.pl\/index.php?rest_route=\/wp\/v2\/posts\/7229","targetHints":{"allow":["GET"]}}],"collection":[{"href":"https:\/\/bibliotekamoscisko.pl\/index.php?rest_route=\/wp\/v2\/posts"}],"about":[{"href":"https:\/\/bibliotekamoscisko.pl\/index.php?rest_route=\/wp\/v2\/types\/post"}],"author":[{"embeddable":true,"href":"https:\/\/bibliotekamoscisko.pl\/index.php?rest_route=\/wp\/v2\/users\/1"}],"replies":[{"embeddable":true,"href":"https:\/\/bibliotekamoscisko.pl\/index.php?rest_route=%2Fwp%2Fv2%2Fcomments&post=7229"}],"version-history":[{"count":8,"href":"https:\/\/bibliotekamoscisko.pl\/index.php?rest_route=\/wp\/v2\/posts\/7229\/revisions"}],"predecessor-version":[{"id":7235,"href":"https:\/\/bibliotekamoscisko.pl\/index.php?rest_route=\/wp\/v2\/posts\/7229\/revisions\/7235"}],"wp:attachment":[{"href":"https:\/\/bibliotekamoscisko.pl\/index.php?rest_route=%2Fwp%2Fv2%2Fmedia&parent=7229"}],"wp:term":[{"taxonomy":"category","embeddable":true,"href":"https:\/\/bibliotekamoscisko.pl\/index.php?rest_route=%2Fwp%2Fv2%2Fcategories&post=7229"},{"taxonomy":"post_tag","embeddable":true,"href":"https:\/\/bibliotekamoscisko.pl\/index.php?rest_route=%2Fwp%2Fv2%2Ftags&post=7229"}],"curies":[{"name":"wp","href":"https:\/\/api.w.org\/{rel}","templated":true}]}}