{"id":727,"date":"2014-07-25T12:09:44","date_gmt":"2014-07-25T12:09:44","guid":{"rendered":"http:\/\/bibliotekamoscisko.pl\/?p=727"},"modified":"2014-07-25T12:09:44","modified_gmt":"2014-07-25T12:09:44","slug":"wakacje-na-ludowo-w-tuszynie","status":"publish","type":"post","link":"https:\/\/bibliotekamoscisko.pl\/?p=727","title":{"rendered":"Wakacje na ludowo w Tuszynie"},"content":{"rendered":"<p>Rok Oskara Kolberga przyczyni\u0142 si\u0119 do wyboru tematyki tegorocznych spotka\u0144 wakacyjnych odbywaj\u0105cych si\u0119 w bibliotece w Tuszynie. Ludowo\u015b\u0107, folklor to has\u0142a, kt\u00f3re przy\u015bwieca\u0142y uczestnikom zaj\u0119\u0107. Czytelnicy rozpocz\u0119li spotkania od zapoznania si\u0119 z postaci\u0105 Oskara Kolberga. Przy wsp\u00f3lnym wycinaniu papierowych serwetek poznali bajki i opowie\u015bci, kt\u00f3re Kolberg zbiera\u0142 od ludowych bajarzy. Nie oby\u0142o si\u0119 r\u00f3wnie\u017c bez ludowych piosenek, przys\u0142\u00f3w i zabaw z dzieci\u0144stwa dziadk\u00f3w.<\/p>\n<p>W bibliotece zorganizowano zaj\u0119cia krawieckie \u201eEj, przelecia\u0142 ptaszek\u201d, podczas kt\u00f3rych powsta\u0142y pi\u0119kne ptaszki i serduszka. Samodzielne ozdabianie prac sprawi\u0142o wiele rado\u015bci. Nie zabrak\u0142o tak\u017ce warsztat\u00f3w kulinarnych \u201eMaryna, gotuj pierogi\u201d. Dzieci pozna\u0142y proces powstawania pierog\u00f3w, samodzielnie je klei\u0142y, a co niekt\u00f3rzy bili prawdziwe rekordy w jedzeniu tych ju\u017c ugotowanych. Kolejnymi by\u0142y warsztaty decoupage \u201eZ drzewa ko\u0144 na biegunach\u201d. Najm\u0142odsi zapoznali si\u0119 z technik\u0105 i dzi\u0119ki specjalnym preparatom samodzielnie wykonali drewniane zabawki, takie jak kiedy\u015b mieli ich dziadkowie. Dzieci zapozna\u0142y si\u0119 tak\u017ce z technik\u0105 szyde\u0142kowania, podczas spotkania pod has\u0142em \u201eU prz\u0105\u015bniczki siedz\u0105\u201d. Szyde\u0142ka bardzo dzieciom si\u0119 spodoba\u0142y, niekt\u00f3rzy stworzyli pi\u0119kne szyde\u0142kowe kwiaty.\u00a0 Czytelnicy mieli tak\u017ce mo\u017cliwo\u015b\u0107 nauczenia si\u0119 skomplikowanej techniki plecenia wie\u0144ca do\u017cynkowego. Niestrudzeni podj\u0119li wyzwanie i dzi\u0119ki pomocy doros\u0142ych wykonali naprawd\u0119 przepi\u0119kna prac\u0119.<\/p>\n<div id='gallery-1' class='gallery galleryid-727 gallery-columns-3 gallery-size-thumbnail'><figure class='gallery-item'>\n\t\t\t<div class='gallery-icon landscape'>\n\t\t\t\t<a href='https:\/\/bibliotekamoscisko.pl\/?attachment_id=728'><img decoding=\"async\" width=\"150\" height=\"150\" src=\"https:\/\/bibliotekamoscisko.pl\/wp-content\/uploads\/2014\/07\/IMG_0593-150x150.jpg\" class=\"attachment-thumbnail size-thumbnail\" alt=\"\" aria-describedby=\"gallery-1-728\" \/><\/a>\n\t\t\t<\/div>\n\t\t\t\t<figcaption class='wp-caption-text gallery-caption' id='gallery-1-728'>\n\t\t\t\tWakacje na ludowo\n\t\t\t\t<\/figcaption><\/figure><figure class='gallery-item'>\n\t\t\t<div class='gallery-icon portrait'>\n\t\t\t\t<a href='https:\/\/bibliotekamoscisko.pl\/?attachment_id=730'><img decoding=\"async\" width=\"150\" height=\"150\" src=\"https:\/\/bibliotekamoscisko.pl\/wp-content\/uploads\/2014\/07\/IMG_0620-150x150.jpg\" class=\"attachment-thumbnail size-thumbnail\" alt=\"\" aria-describedby=\"gallery-1-730\" \/><\/a>\n\t\t\t<\/div>\n\t\t\t\t<figcaption class='wp-caption-text gallery-caption' id='gallery-1-730'>\n\t\t\t\tWakacje na ludowo\n\t\t\t\t<\/figcaption><\/figure><figure class='gallery-item'>\n\t\t\t<div class='gallery-icon landscape'>\n\t\t\t\t<a href='https:\/\/bibliotekamoscisko.pl\/?attachment_id=731'><img decoding=\"async\" width=\"150\" height=\"150\" src=\"https:\/\/bibliotekamoscisko.pl\/wp-content\/uploads\/2014\/07\/IMG_0638-150x150.jpg\" class=\"attachment-thumbnail size-thumbnail\" alt=\"\" aria-describedby=\"gallery-1-731\" \/><\/a>\n\t\t\t<\/div>\n\t\t\t\t<figcaption class='wp-caption-text gallery-caption' id='gallery-1-731'>\n\t\t\t\tWakacje na ludowo\n\t\t\t\t<\/figcaption><\/figure>\n\t\t<\/div>\n\n<p>Wakacje w bibliotece min\u0119\u0142y zbyt szybko. Ju\u017c czas my\u015ble\u0107 o tematyce na nast\u0119pny rok. Tych, kt\u00f3rym podoba\u0142y si\u0119 zaj\u0119cia w bibliotece zapraszam od wrze\u015bnia na kolejne warsztaty, spotkania i kursy.<\/p>\n<p>Monika Adamska<\/p>\n","protected":false},"excerpt":{"rendered":"<p>Rok Oskara Kolberga przyczyni\u0142 si\u0119 do wyboru tematyki tegorocznych spotka\u0144 wakacyjnych odbywaj\u0105cych si\u0119 w bibliotece w Tuszynie. Ludowo\u015b\u0107, folklor to has\u0142a, kt\u00f3re przy\u015bwieca\u0142y uczestnikom zaj\u0119\u0107. Czytelnicy rozpocz\u0119li spotkania od zapoznania [&hellip;]<\/p>\n","protected":false},"author":1,"featured_media":731,"comment_status":"closed","ping_status":"open","sticky":false,"template":"","format":"standard","meta":{"ngg_post_thumbnail":0,"footnotes":""},"categories":[1],"tags":[],"class_list":["post-727","post","type-post","status-publish","format-standard","has-post-thumbnail","hentry","category-uncategorized"],"_links":{"self":[{"href":"https:\/\/bibliotekamoscisko.pl\/index.php?rest_route=\/wp\/v2\/posts\/727","targetHints":{"allow":["GET"]}}],"collection":[{"href":"https:\/\/bibliotekamoscisko.pl\/index.php?rest_route=\/wp\/v2\/posts"}],"about":[{"href":"https:\/\/bibliotekamoscisko.pl\/index.php?rest_route=\/wp\/v2\/types\/post"}],"author":[{"embeddable":true,"href":"https:\/\/bibliotekamoscisko.pl\/index.php?rest_route=\/wp\/v2\/users\/1"}],"replies":[{"embeddable":true,"href":"https:\/\/bibliotekamoscisko.pl\/index.php?rest_route=%2Fwp%2Fv2%2Fcomments&post=727"}],"version-history":[{"count":1,"href":"https:\/\/bibliotekamoscisko.pl\/index.php?rest_route=\/wp\/v2\/posts\/727\/revisions"}],"predecessor-version":[{"id":733,"href":"https:\/\/bibliotekamoscisko.pl\/index.php?rest_route=\/wp\/v2\/posts\/727\/revisions\/733"}],"wp:featuredmedia":[{"embeddable":true,"href":"https:\/\/bibliotekamoscisko.pl\/index.php?rest_route=\/wp\/v2\/media\/731"}],"wp:attachment":[{"href":"https:\/\/bibliotekamoscisko.pl\/index.php?rest_route=%2Fwp%2Fv2%2Fmedia&parent=727"}],"wp:term":[{"taxonomy":"category","embeddable":true,"href":"https:\/\/bibliotekamoscisko.pl\/index.php?rest_route=%2Fwp%2Fv2%2Fcategories&post=727"},{"taxonomy":"post_tag","embeddable":true,"href":"https:\/\/bibliotekamoscisko.pl\/index.php?rest_route=%2Fwp%2Fv2%2Ftags&post=727"}],"curies":[{"name":"wp","href":"https:\/\/api.w.org\/{rel}","templated":true}]}}