{"id":7338,"date":"2018-10-04T12:40:26","date_gmt":"2018-10-04T12:40:26","guid":{"rendered":"http:\/\/bibliotekamoscisko.pl\/?p=7338"},"modified":"2018-10-04T12:40:26","modified_gmt":"2018-10-04T12:40:26","slug":"niech-szczescie-pokoj-na-nowo-zakwitna","status":"publish","type":"post","link":"https:\/\/bibliotekamoscisko.pl\/?p=7338","title":{"rendered":"&#8222;Niech szcz\u0119\u015bcie, pok\u00f3j na nowo zakwitn\u0105&#8221;"},"content":{"rendered":"<p style=\"text-align: left;\"><strong>\u00a0\u00a0\u00a0\u00a0\u00a0\u00a0\u00a0\u00a0\u00a0\u00a0\u00a0\u00a0\u00a0\u00a0\u00a0\u00a0\u00a0\u00a0\u00a0\u00a0\u00a0\u00a0\u00a0\u00a0\u00a0\u00a0\u00a0\u00a0\u00a0\u00a0\u00a0\u00a0\u00a0\u00a0\u00a0\u00a0\u00a0\u00a0\u00a0\u00a0\u00a0\u00a0\u00a0\u00a0\u00a0\u00a0\u00a0\u00a0\u00a0\u00a0\u00a0\u00a0\u00a0\u00a0\u00a0\u00a0\u00a0\u00a0\u00a0\u00a0\u00a0 Narodowe Czytanie kolejnego tekstu z Antologii Niepodleg\u0142o\u015bci<\/strong><br \/>\n<strong>\u00a0\u00a0\u00a0\u00a0\u00a0\u00a0\u00a0\u00a0\u00a0\u00a0\u00a0\u00a0\u00a0\u00a0\u00a0\u00a0\u00a0\u00a0\u00a0\u00a0\u00a0\u00a0\u00a0\u00a0\u00a0\u00a0\u00a0\u00a0\u00a0\u00a0\u00a0\u00a0\u00a0\u00a0\u00a0\u00a0\u00a0\u00a0\u00a0\u00a0\u00a0\u00a0\u00a0\u00a0\u00a0\u00a0\u00a0\u00a0\u00a0\u00a0\u00a0\u00a0\u00a0\u00a0\u00a0\u00a0\u00a0\u00a0\u00a0\u00a0\u00a0 podczas nietypowej lekcji historii w bibliotece w Ostroszowicach.<a href=\"http:\/\/bibliotekamoscisko.pl\/wp-content\/uploads\/2018\/08\/logo-100-lat.jpg\"><img decoding=\"async\" class=\"alignright size-medium wp-image-7017\" src=\"http:\/\/bibliotekamoscisko.pl\/wp-content\/uploads\/2018\/08\/logo-100-lat-300x152.jpg\" alt=\"\" width=\"300\" height=\"152\" srcset=\"https:\/\/bibliotekamoscisko.pl\/wp-content\/uploads\/2018\/08\/logo-100-lat-300x152.jpg 300w, https:\/\/bibliotekamoscisko.pl\/wp-content\/uploads\/2018\/08\/logo-100-lat-768x389.jpg 768w, https:\/\/bibliotekamoscisko.pl\/wp-content\/uploads\/2018\/08\/logo-100-lat-2x1.jpg 2w, https:\/\/bibliotekamoscisko.pl\/wp-content\/uploads\/2018\/08\/logo-100-lat.jpg 1000w\" sizes=\"(max-width: 300px) 100vw, 300px\" \/><\/a><\/strong><\/p>\n<p>26 wrze\u015bnia uczniowie pi\u0105tej klasy uczestniczyli w wyj\u0105tkowym wyk\u0142adzie na temat wybranego utworu z listy 44 tekst\u00f3w Antologii Niepodleg\u0142o\u015bci.<br \/>\nHymn <strong><em>Bo\u017ce co\u015b Polsk\u0119 <\/em><\/strong>autorstwa Alojzego Feli\u0144skiego pokazuje jak bogata i fascynuj\u0105ca jest historia naszego narodu. Droga do niepodleg\u0142o\u015bci by\u0142a kr\u0119ta i naznaczona cierpieniem wielu ludzi. Prelegent Janusz G\u0142\u00f3d w bardzo interesuj\u0105cy spos\u00f3b opowiada\u0142 o dziejach tego wspania\u0142ego hymnu. Zanim uczniowie od\u015bpiewali t\u0119 uroczyst\u0105 pie\u015b\u0144 wspaniale opowiadali o tym jakie wsparcie dawa\u0142a ta pie\u015b\u0144 wszystkim Polakom.<br \/>\nWed\u0142ug uczni\u00f3w te s\u0142owa znaczy\u0142y dla Polak\u00f3w bardzo wiele:<br \/>\nDacie rad\u0119!<br \/>\nB\u0119dziecie na mapie!<br \/>\nWierzcie w siebie!<br \/>\nNie ulegajcie!<br \/>\nPodniesiecie Polsk\u0119 na nogi!<br \/>\nWasza \u015bmier\u0107 nie p\u00f3jdzie na marne!<br \/>\nNie tra\u0107cie ducha!<br \/>\nB\u0105d\u017acie wierni Ojczy\u017anie!<\/p>\n<p>Na zako\u0144czenie spotkania uczniowie z empati\u0105 i powag\u0105 od\u015bpiewali t\u0119 patriotyczn\u0105 pie\u015b\u0144.<br \/>\nDos\u0142ownie dr\u017ca\u0142y mury przy s\u0142owach:\u00a0 Ojczyzn\u0119 woln\u0105 pob\u0142ogos\u0142aw Panie!<br \/>\nTo by\u0142a dobra lekcja szacunku i patriotyzmu.\n<\/p>\n<div id='gallery-1' class='gallery galleryid-7338 gallery-columns-3 gallery-size-thumbnail'><figure class='gallery-item'>\n\t\t\t<div class='gallery-icon portrait'>\n\t\t\t\t<a href='https:\/\/bibliotekamoscisko.pl\/?attachment_id=7339'><img decoding=\"async\" width=\"150\" height=\"150\" src=\"https:\/\/bibliotekamoscisko.pl\/wp-content\/uploads\/2018\/10\/i-150x150.jpg\" class=\"attachment-thumbnail size-thumbnail\" alt=\"\" srcset=\"https:\/\/bibliotekamoscisko.pl\/wp-content\/uploads\/2018\/10\/i-150x150.jpg 150w, https:\/\/bibliotekamoscisko.pl\/wp-content\/uploads\/2018\/10\/i-1x1.jpg 1w\" sizes=\"(max-width: 150px) 100vw, 150px\" \/><\/a>\n\t\t\t<\/div><\/figure><figure class='gallery-item'>\n\t\t\t<div class='gallery-icon landscape'>\n\t\t\t\t<a href='https:\/\/bibliotekamoscisko.pl\/?attachment_id=7343'><img decoding=\"async\" width=\"150\" height=\"150\" src=\"https:\/\/bibliotekamoscisko.pl\/wp-content\/uploads\/2018\/10\/i8-150x150.jpg\" class=\"attachment-thumbnail size-thumbnail\" alt=\"\" srcset=\"https:\/\/bibliotekamoscisko.pl\/wp-content\/uploads\/2018\/10\/i8-150x150.jpg 150w, https:\/\/bibliotekamoscisko.pl\/wp-content\/uploads\/2018\/10\/i8-1x1.jpg 1w\" sizes=\"(max-width: 150px) 100vw, 150px\" \/><\/a>\n\t\t\t<\/div><\/figure><figure class='gallery-item'>\n\t\t\t<div class='gallery-icon landscape'>\n\t\t\t\t<a href='https:\/\/bibliotekamoscisko.pl\/?attachment_id=7344'><img loading=\"lazy\" decoding=\"async\" width=\"150\" height=\"150\" src=\"https:\/\/bibliotekamoscisko.pl\/wp-content\/uploads\/2018\/10\/i9-150x150.jpg\" class=\"attachment-thumbnail size-thumbnail\" alt=\"\" srcset=\"https:\/\/bibliotekamoscisko.pl\/wp-content\/uploads\/2018\/10\/i9-150x150.jpg 150w, https:\/\/bibliotekamoscisko.pl\/wp-content\/uploads\/2018\/10\/i9-1x1.jpg 1w\" sizes=\"(max-width: 150px) 100vw, 150px\" \/><\/a>\n\t\t\t<\/div><\/figure>\n\t\t<\/div>\n\n<p>W bibliotece dziej\u0105 si\u0119 rzeczy niezwyk\u0142e!<\/p>\n<p>M.K.<\/p>\n","protected":false},"excerpt":{"rendered":"<p>\u00a0\u00a0\u00a0\u00a0\u00a0\u00a0\u00a0\u00a0\u00a0\u00a0\u00a0\u00a0\u00a0\u00a0\u00a0\u00a0\u00a0\u00a0\u00a0\u00a0\u00a0\u00a0\u00a0\u00a0\u00a0\u00a0\u00a0\u00a0\u00a0\u00a0\u00a0\u00a0\u00a0\u00a0\u00a0\u00a0\u00a0\u00a0\u00a0\u00a0\u00a0\u00a0\u00a0\u00a0\u00a0\u00a0\u00a0\u00a0\u00a0\u00a0\u00a0\u00a0\u00a0\u00a0\u00a0\u00a0\u00a0\u00a0\u00a0\u00a0\u00a0 Narodowe Czytanie kolejnego tekstu z Antologii Niepodleg\u0142o\u015bci \u00a0\u00a0\u00a0\u00a0\u00a0\u00a0\u00a0\u00a0\u00a0\u00a0\u00a0\u00a0\u00a0\u00a0\u00a0\u00a0\u00a0\u00a0\u00a0\u00a0\u00a0\u00a0\u00a0\u00a0\u00a0\u00a0\u00a0\u00a0\u00a0\u00a0\u00a0\u00a0\u00a0\u00a0\u00a0\u00a0\u00a0\u00a0\u00a0\u00a0\u00a0\u00a0\u00a0\u00a0\u00a0\u00a0\u00a0\u00a0\u00a0\u00a0\u00a0\u00a0\u00a0\u00a0\u00a0\u00a0\u00a0\u00a0\u00a0\u00a0\u00a0 podczas nietypowej lekcji historii w bibliotece w Ostroszowicach. 26 wrze\u015bnia uczniowie pi\u0105tej klasy uczestniczyli w wyj\u0105tkowym wyk\u0142adzie na temat wybranego utworu [&hellip;]<\/p>\n","protected":false},"author":1,"featured_media":0,"comment_status":"closed","ping_status":"open","sticky":false,"template":"","format":"standard","meta":{"ngg_post_thumbnail":0,"footnotes":""},"categories":[1],"tags":[],"class_list":["post-7338","post","type-post","status-publish","format-standard","hentry","category-uncategorized"],"_links":{"self":[{"href":"https:\/\/bibliotekamoscisko.pl\/index.php?rest_route=\/wp\/v2\/posts\/7338","targetHints":{"allow":["GET"]}}],"collection":[{"href":"https:\/\/bibliotekamoscisko.pl\/index.php?rest_route=\/wp\/v2\/posts"}],"about":[{"href":"https:\/\/bibliotekamoscisko.pl\/index.php?rest_route=\/wp\/v2\/types\/post"}],"author":[{"embeddable":true,"href":"https:\/\/bibliotekamoscisko.pl\/index.php?rest_route=\/wp\/v2\/users\/1"}],"replies":[{"embeddable":true,"href":"https:\/\/bibliotekamoscisko.pl\/index.php?rest_route=%2Fwp%2Fv2%2Fcomments&post=7338"}],"version-history":[{"count":1,"href":"https:\/\/bibliotekamoscisko.pl\/index.php?rest_route=\/wp\/v2\/posts\/7338\/revisions"}],"predecessor-version":[{"id":7345,"href":"https:\/\/bibliotekamoscisko.pl\/index.php?rest_route=\/wp\/v2\/posts\/7338\/revisions\/7345"}],"wp:attachment":[{"href":"https:\/\/bibliotekamoscisko.pl\/index.php?rest_route=%2Fwp%2Fv2%2Fmedia&parent=7338"}],"wp:term":[{"taxonomy":"category","embeddable":true,"href":"https:\/\/bibliotekamoscisko.pl\/index.php?rest_route=%2Fwp%2Fv2%2Fcategories&post=7338"},{"taxonomy":"post_tag","embeddable":true,"href":"https:\/\/bibliotekamoscisko.pl\/index.php?rest_route=%2Fwp%2Fv2%2Ftags&post=7338"}],"curies":[{"name":"wp","href":"https:\/\/api.w.org\/{rel}","templated":true}]}}