{"id":7386,"date":"2018-10-16T13:54:47","date_gmt":"2018-10-16T13:54:47","guid":{"rendered":"http:\/\/bibliotekamoscisko.pl\/?p=7386"},"modified":"2018-10-16T13:57:54","modified_gmt":"2018-10-16T13:57:54","slug":"7386-2","status":"publish","type":"post","link":"https:\/\/bibliotekamoscisko.pl\/?p=7386","title":{"rendered":"&#8222;Niepodobna odda\u0107 tego upojenia, tego sza\u0142u rado\u015bci, jaki ludno\u015b\u0107 polsk\u0105 w tym momencie ogarn\u0105\u0142&#8221;"},"content":{"rendered":"<p><a href=\"http:\/\/bibliotekamoscisko.pl\/wp-content\/uploads\/2018\/08\/logo-100-lat.jpg\"><img decoding=\"async\" class=\"aligncenter size-medium wp-image-7017\" src=\"http:\/\/bibliotekamoscisko.pl\/wp-content\/uploads\/2018\/08\/logo-100-lat-300x152.jpg\" alt=\"\" width=\"300\" height=\"152\" srcset=\"https:\/\/bibliotekamoscisko.pl\/wp-content\/uploads\/2018\/08\/logo-100-lat-300x152.jpg 300w, https:\/\/bibliotekamoscisko.pl\/wp-content\/uploads\/2018\/08\/logo-100-lat-768x389.jpg 768w, https:\/\/bibliotekamoscisko.pl\/wp-content\/uploads\/2018\/08\/logo-100-lat-2x1.jpg 2w, https:\/\/bibliotekamoscisko.pl\/wp-content\/uploads\/2018\/08\/logo-100-lat.jpg 1000w\" sizes=\"(max-width: 300px) 100vw, 300px\" \/><\/a><br \/>\n<strong>\u201eNiepodobna odda\u0107 tego upojenia, tego sza\u0142u rado\u015bci, jaki ludno\u015b\u0107 polsk\u0105 w tym momencie ogarn\u0105\u0142. Po 120 latach prys\u0142y kordony. Nie ma \u201eich\u201d. Wolno\u015b\u0107! Niepodleg\u0142o\u015b\u0107! Zjednoczenie! W\u0142asne pa\u0144stwo! Na zawsze! Chaos? To nic. B\u0119dzie dobrze. Wszystko b\u0119dzie, bo jeste\u015bmy wolni od pijawek, z\u0142odziei, rabusi\u00f3w, od czapki z b\u0105czkiem, b\u0119dziemy sami sob\u0105 rz\u0105dzili. (\u2026) Cztery pokolenia nadaremno na t\u0119 chwil\u0119 czeka\u0142y, pi\u0105te doczeka\u0142o. (\u2026).\u201d\u00a0<\/strong><br \/>\nJ<strong>. <\/strong>Moraczewski \u201ePrzewr\u00f3t\u00a0w\u00a0Polsce\u201d<\/p>\n<h4>\u00a014 pa\u017adziernika <strong>Biblioteka Publiczna w Owie\u015bnie<\/strong> przy wsp\u00f3\u0142pracy <strong>Stowarzyszenia \u201eRazem dla wsi\u201d<\/strong> zaprosi\u0142a mieszka\u0144c\u00f3w na uroczyste obchody 100-lecia Odzyskania Niepodleg\u0142o\u015bci przez Polsk\u0119 w ramach projektu \u201e100 Lat Niepodleg\u0142o\u015bci \u015awi\u0119to Rado\u015bci\u201d.<br \/>\nPatriotyczna uroczysto\u015b\u0107 rozpocz\u0119\u0142a si\u0119 o godz. 9:15 msz\u0105 \u015bwi\u0119t\u0105 w ko\u015bciele pw. \u015bw. Tr\u00f3jcy w intencji ojczyzny. Po mszy uczestnicy spotkania oddali ho\u0142d poleg\u0142ym\u00a0 za ojczyzn\u0119, sk\u0142adaj\u0105c kwiaty pod pomnikiem \u201eOjc\u00f3w Naszych\u201d. Po uroczysto\u015bciach w ko\u015bciele przenie\u015bli\u015bmy si\u0119 do sali wiejskiej gdzie mia\u0142y miejsce dalsze obchody.<br \/>\nWsp\u00f3lnie wys\u0142uchali\u015bmy wyst\u0119pu artystycznego w wykonaniu scholi parafialnej pod kierownictwem p. Agnieszki Dro\u015b. W repertuarze m\u0142odych artyst\u00f3w znalaz\u0142y si\u0119 pie\u015bni patriotyczne, kt\u00f3rych publiczno\u015b\u0107 wys\u0142ucha\u0142a z wielkim wzruszeniem. Ka\u017cdy z uczestnik\u00f3w spotkania otrzyma\u0142 upominek patriotyczny przypominaj\u0105cy o odzyskaniu niepodleg\u0142o\u015bci w postaci flagi, balon\u00f3w a tak\u017ce kwiatka w barwach narodowych, kt\u00f3re zosta\u0142y wykonane podczas pi\u0105tkowych warsztat\u00f3w w bibliotece. Mia\u0142a miejsce r\u00f3wnie\u017c wystawa ksi\u0105\u017cek nawi\u0105zuj\u0105ca do obchod\u00f3w Odzyskania przez Polsk\u0119 Niepodleg\u0142o\u015bci.<br \/>\nWsp\u00f3lne \u015bwi\u0119towanie nie by\u0142oby mo\u017cliwe bez smako\u0142yk\u00f3w przygotowanych przez mieszka\u0144c\u00f3w Owiesna.<\/h4>\n<div id='gallery-1' class='gallery galleryid-7386 gallery-columns-3 gallery-size-thumbnail'><figure class='gallery-item'>\n\t\t\t<div class='gallery-icon portrait'>\n\t\t\t\t<a href='https:\/\/bibliotekamoscisko.pl\/?attachment_id=7387'><img decoding=\"async\" width=\"150\" height=\"150\" src=\"https:\/\/bibliotekamoscisko.pl\/wp-content\/uploads\/2018\/10\/IMG_20181012_173307-150x150.jpg\" class=\"attachment-thumbnail size-thumbnail\" alt=\"\" srcset=\"https:\/\/bibliotekamoscisko.pl\/wp-content\/uploads\/2018\/10\/IMG_20181012_173307-150x150.jpg 150w, https:\/\/bibliotekamoscisko.pl\/wp-content\/uploads\/2018\/10\/IMG_20181012_173307-1x1.jpg 1w\" sizes=\"(max-width: 150px) 100vw, 150px\" \/><\/a>\n\t\t\t<\/div><\/figure><figure class='gallery-item'>\n\t\t\t<div class='gallery-icon landscape'>\n\t\t\t\t<a href='https:\/\/bibliotekamoscisko.pl\/?attachment_id=7389'><img decoding=\"async\" width=\"150\" height=\"150\" src=\"https:\/\/bibliotekamoscisko.pl\/wp-content\/uploads\/2018\/10\/IMG_20181014_110430-150x150.jpg\" class=\"attachment-thumbnail size-thumbnail\" alt=\"\" srcset=\"https:\/\/bibliotekamoscisko.pl\/wp-content\/uploads\/2018\/10\/IMG_20181014_110430-150x150.jpg 150w, https:\/\/bibliotekamoscisko.pl\/wp-content\/uploads\/2018\/10\/IMG_20181014_110430-2x1.jpg 2w\" sizes=\"(max-width: 150px) 100vw, 150px\" \/><\/a>\n\t\t\t<\/div><\/figure><figure class='gallery-item'>\n\t\t\t<div class='gallery-icon portrait'>\n\t\t\t\t<a href='https:\/\/bibliotekamoscisko.pl\/?attachment_id=7390'><img loading=\"lazy\" decoding=\"async\" width=\"150\" height=\"150\" src=\"https:\/\/bibliotekamoscisko.pl\/wp-content\/uploads\/2018\/10\/IMG_20181014_111201-150x150.jpg\" class=\"attachment-thumbnail size-thumbnail\" alt=\"\" srcset=\"https:\/\/bibliotekamoscisko.pl\/wp-content\/uploads\/2018\/10\/IMG_20181014_111201-150x150.jpg 150w, https:\/\/bibliotekamoscisko.pl\/wp-content\/uploads\/2018\/10\/IMG_20181014_111201-298x300.jpg 298w, https:\/\/bibliotekamoscisko.pl\/wp-content\/uploads\/2018\/10\/IMG_20181014_111201.jpg 768w, https:\/\/bibliotekamoscisko.pl\/wp-content\/uploads\/2018\/10\/IMG_20181014_111201-1x1.jpg 1w\" sizes=\"(max-width: 150px) 100vw, 150px\" \/><\/a>\n\t\t\t<\/div><\/figure><figure class='gallery-item'>\n\t\t\t<div class='gallery-icon landscape'>\n\t\t\t\t<a href='https:\/\/bibliotekamoscisko.pl\/?attachment_id=7391'><img loading=\"lazy\" decoding=\"async\" width=\"150\" height=\"150\" src=\"https:\/\/bibliotekamoscisko.pl\/wp-content\/uploads\/2018\/10\/IMG_20181014_111207-150x150.jpg\" class=\"attachment-thumbnail size-thumbnail\" alt=\"\" srcset=\"https:\/\/bibliotekamoscisko.pl\/wp-content\/uploads\/2018\/10\/IMG_20181014_111207-150x150.jpg 150w, https:\/\/bibliotekamoscisko.pl\/wp-content\/uploads\/2018\/10\/IMG_20181014_111207-1x1.jpg 1w\" sizes=\"(max-width: 150px) 100vw, 150px\" \/><\/a>\n\t\t\t<\/div><\/figure><figure class='gallery-item'>\n\t\t\t<div class='gallery-icon portrait'>\n\t\t\t\t<a href='https:\/\/bibliotekamoscisko.pl\/?attachment_id=7393'><img loading=\"lazy\" decoding=\"async\" width=\"150\" height=\"150\" src=\"https:\/\/bibliotekamoscisko.pl\/wp-content\/uploads\/2018\/10\/IMG_20181014_114406-150x150.jpg\" class=\"attachment-thumbnail size-thumbnail\" alt=\"\" srcset=\"https:\/\/bibliotekamoscisko.pl\/wp-content\/uploads\/2018\/10\/IMG_20181014_114406-150x150.jpg 150w, https:\/\/bibliotekamoscisko.pl\/wp-content\/uploads\/2018\/10\/IMG_20181014_114406-1x1.jpg 1w\" sizes=\"(max-width: 150px) 100vw, 150px\" \/><\/a>\n\t\t\t<\/div><\/figure><figure class='gallery-item'>\n\t\t\t<div class='gallery-icon portrait'>\n\t\t\t\t<a href='https:\/\/bibliotekamoscisko.pl\/?attachment_id=7394'><img loading=\"lazy\" decoding=\"async\" width=\"150\" height=\"150\" src=\"https:\/\/bibliotekamoscisko.pl\/wp-content\/uploads\/2018\/10\/IMG-20181014-WA0001-150x150.jpg\" class=\"attachment-thumbnail size-thumbnail\" alt=\"\" srcset=\"https:\/\/bibliotekamoscisko.pl\/wp-content\/uploads\/2018\/10\/IMG-20181014-WA0001-150x150.jpg 150w, https:\/\/bibliotekamoscisko.pl\/wp-content\/uploads\/2018\/10\/IMG-20181014-WA0001-1x1.jpg 1w\" sizes=\"(max-width: 150px) 100vw, 150px\" \/><\/a>\n\t\t\t<\/div><\/figure>\n\t\t<\/div>\n\n<h4>Impreza odby\u0142a si\u0119 dzi\u0119ki dofinansowaniu \u015brodk\u00f3w z bud\u017cetu Gminy Dzier\u017coni\u00f3w.<\/h4>\n<p>J.P.<\/p>\n","protected":false},"excerpt":{"rendered":"<p>\u201eNiepodobna odda\u0107 tego upojenia, tego sza\u0142u rado\u015bci, jaki ludno\u015b\u0107 polsk\u0105 w tym momencie ogarn\u0105\u0142. Po 120 latach prys\u0142y kordony. Nie ma \u201eich\u201d. Wolno\u015b\u0107! Niepodleg\u0142o\u015b\u0107! Zjednoczenie! W\u0142asne pa\u0144stwo! Na zawsze! Chaos? [&hellip;]<\/p>\n","protected":false},"author":1,"featured_media":0,"comment_status":"closed","ping_status":"open","sticky":false,"template":"","format":"standard","meta":{"ngg_post_thumbnail":0,"footnotes":""},"categories":[1],"tags":[],"class_list":["post-7386","post","type-post","status-publish","format-standard","hentry","category-uncategorized"],"_links":{"self":[{"href":"https:\/\/bibliotekamoscisko.pl\/index.php?rest_route=\/wp\/v2\/posts\/7386","targetHints":{"allow":["GET"]}}],"collection":[{"href":"https:\/\/bibliotekamoscisko.pl\/index.php?rest_route=\/wp\/v2\/posts"}],"about":[{"href":"https:\/\/bibliotekamoscisko.pl\/index.php?rest_route=\/wp\/v2\/types\/post"}],"author":[{"embeddable":true,"href":"https:\/\/bibliotekamoscisko.pl\/index.php?rest_route=\/wp\/v2\/users\/1"}],"replies":[{"embeddable":true,"href":"https:\/\/bibliotekamoscisko.pl\/index.php?rest_route=%2Fwp%2Fv2%2Fcomments&post=7386"}],"version-history":[{"count":3,"href":"https:\/\/bibliotekamoscisko.pl\/index.php?rest_route=\/wp\/v2\/posts\/7386\/revisions"}],"predecessor-version":[{"id":7399,"href":"https:\/\/bibliotekamoscisko.pl\/index.php?rest_route=\/wp\/v2\/posts\/7386\/revisions\/7399"}],"wp:attachment":[{"href":"https:\/\/bibliotekamoscisko.pl\/index.php?rest_route=%2Fwp%2Fv2%2Fmedia&parent=7386"}],"wp:term":[{"taxonomy":"category","embeddable":true,"href":"https:\/\/bibliotekamoscisko.pl\/index.php?rest_route=%2Fwp%2Fv2%2Fcategories&post=7386"},{"taxonomy":"post_tag","embeddable":true,"href":"https:\/\/bibliotekamoscisko.pl\/index.php?rest_route=%2Fwp%2Fv2%2Ftags&post=7386"}],"curies":[{"name":"wp","href":"https:\/\/api.w.org\/{rel}","templated":true}]}}