{"id":7488,"date":"2018-11-09T11:11:58","date_gmt":"2018-11-09T11:11:58","guid":{"rendered":"http:\/\/bibliotekamoscisko.pl\/?p=7488"},"modified":"2018-11-09T11:11:58","modified_gmt":"2018-11-09T11:11:58","slug":"rafal-witek-w-dyskusyjnym-klubie-ksiazkowym-w-moscisku","status":"publish","type":"post","link":"https:\/\/bibliotekamoscisko.pl\/?p=7488","title":{"rendered":"Rafa\u0142 Witek w Dyskusyjnym Klubie Ksi\u0105\u017ckowym w Mo\u015bcisku"},"content":{"rendered":"<p><a href=\"http:\/\/bibliotekamoscisko.pl\/wp-content\/uploads\/2018\/11\/Rafal-Witek.jpg\"><img fetchpriority=\"high\" decoding=\"async\" class=\"aligncenter size-full wp-image-7489\" src=\"http:\/\/bibliotekamoscisko.pl\/wp-content\/uploads\/2018\/11\/Rafal-Witek.jpg\" alt=\"\" width=\"1106\" height=\"1504\" srcset=\"https:\/\/bibliotekamoscisko.pl\/wp-content\/uploads\/2018\/11\/Rafal-Witek.jpg 1106w, https:\/\/bibliotekamoscisko.pl\/wp-content\/uploads\/2018\/11\/Rafal-Witek-221x300.jpg 221w, https:\/\/bibliotekamoscisko.pl\/wp-content\/uploads\/2018\/11\/Rafal-Witek-768x1044.jpg 768w, https:\/\/bibliotekamoscisko.pl\/wp-content\/uploads\/2018\/11\/Rafal-Witek-753x1024.jpg 753w, https:\/\/bibliotekamoscisko.pl\/wp-content\/uploads\/2018\/11\/Rafal-Witek-1x1.jpg 1w\" sizes=\"(max-width: 1106px) 100vw, 1106px\" \/><\/a><\/p>\n","protected":false},"excerpt":{"rendered":"","protected":false},"author":1,"featured_media":0,"comment_status":"closed","ping_status":"open","sticky":false,"template":"","format":"standard","meta":{"ngg_post_thumbnail":0,"footnotes":""},"categories":[1],"tags":[],"class_list":["post-7488","post","type-post","status-publish","format-standard","hentry","category-uncategorized"],"_links":{"self":[{"href":"https:\/\/bibliotekamoscisko.pl\/index.php?rest_route=\/wp\/v2\/posts\/7488","targetHints":{"allow":["GET"]}}],"collection":[{"href":"https:\/\/bibliotekamoscisko.pl\/index.php?rest_route=\/wp\/v2\/posts"}],"about":[{"href":"https:\/\/bibliotekamoscisko.pl\/index.php?rest_route=\/wp\/v2\/types\/post"}],"author":[{"embeddable":true,"href":"https:\/\/bibliotekamoscisko.pl\/index.php?rest_route=\/wp\/v2\/users\/1"}],"replies":[{"embeddable":true,"href":"https:\/\/bibliotekamoscisko.pl\/index.php?rest_route=%2Fwp%2Fv2%2Fcomments&post=7488"}],"version-history":[{"count":1,"href":"https:\/\/bibliotekamoscisko.pl\/index.php?rest_route=\/wp\/v2\/posts\/7488\/revisions"}],"predecessor-version":[{"id":7490,"href":"https:\/\/bibliotekamoscisko.pl\/index.php?rest_route=\/wp\/v2\/posts\/7488\/revisions\/7490"}],"wp:attachment":[{"href":"https:\/\/bibliotekamoscisko.pl\/index.php?rest_route=%2Fwp%2Fv2%2Fmedia&parent=7488"}],"wp:term":[{"taxonomy":"category","embeddable":true,"href":"https:\/\/bibliotekamoscisko.pl\/index.php?rest_route=%2Fwp%2Fv2%2Fcategories&post=7488"},{"taxonomy":"post_tag","embeddable":true,"href":"https:\/\/bibliotekamoscisko.pl\/index.php?rest_route=%2Fwp%2Fv2%2Ftags&post=7488"}],"curies":[{"name":"wp","href":"https:\/\/api.w.org\/{rel}","templated":true}]}}