{"id":7491,"date":"2018-11-09T11:27:20","date_gmt":"2018-11-09T11:27:20","guid":{"rendered":"http:\/\/bibliotekamoscisko.pl\/?p=7491"},"modified":"2018-11-09T11:27:20","modified_gmt":"2018-11-09T11:27:20","slug":"oblicza-roznorodnosci","status":"publish","type":"post","link":"https:\/\/bibliotekamoscisko.pl\/?p=7491","title":{"rendered":"Oblicza R\u00f3\u017cnorodno\u015bci"},"content":{"rendered":"<p><a href=\"http:\/\/bibliotekamoscisko.pl\/wp-content\/uploads\/2018\/11\/Ulotka-str1.jpg\"><img fetchpriority=\"high\" decoding=\"async\" class=\"aligncenter size-medium wp-image-7492\" src=\"http:\/\/bibliotekamoscisko.pl\/wp-content\/uploads\/2018\/11\/Ulotka-str1-214x300.jpg\" alt=\"\" width=\"214\" height=\"300\" srcset=\"https:\/\/bibliotekamoscisko.pl\/wp-content\/uploads\/2018\/11\/Ulotka-str1-214x300.jpg 214w, https:\/\/bibliotekamoscisko.pl\/wp-content\/uploads\/2018\/11\/Ulotka-str1-768x1078.jpg 768w, https:\/\/bibliotekamoscisko.pl\/wp-content\/uploads\/2018\/11\/Ulotka-str1-730x1024.jpg 730w, https:\/\/bibliotekamoscisko.pl\/wp-content\/uploads\/2018\/11\/Ulotka-str1-1x1.jpg 1w, https:\/\/bibliotekamoscisko.pl\/wp-content\/uploads\/2018\/11\/Ulotka-str1.jpg 1783w\" sizes=\"(max-width: 214px) 100vw, 214px\" \/><\/a><\/p>\n<h2 style=\"text-align: center;\"><strong>Film &#8222;Fanatyk&#8221;<\/strong><\/h2>\n<h2 style=\"text-align: center;\"><strong>DKF<\/strong><\/h2>\n<h2 style=\"text-align: center;\"><strong>&#8222;Oblicza R\u00f3\u017cnorodno\u015bci&#8221;<\/strong><\/h2>\n<p>Dyskusyjny Klub Filmowy &#8222;Oblicza R\u00f3\u017cnorodno\u015bci&#8221; przekracza granice Wroc\u0142awia! Dzi\u0119ki dofinansowaniu z Urz\u0119du Marsza\u0142kowskiego Wojew\u00f3dztwa Dolno\u015bl\u0105skiego w ramach projektu &#8222;Wielokulturowy Dolny \u015al\u0105sk&#8221; w pi\u0119ciu miejscowo\u015bciach naszego wojew\u00f3dztwa odb\u0119d\u0105 si\u0119 otwarte i bezp\u0142atne pokazy film\u00f3w fabularnych dotykaj\u0105cych r\u00f3\u017cnych aspekt\u00f3w wielokulturowo\u015bci, r\u00f3\u017cnorodno\u015bci, uprzedze\u0144 i dyskryminacji.<\/p>\n<p style=\"text-align: center;\"><strong>Data \u00a0\u00a0&#8211; \u00a015 listopada, godz. 10.00-13.00<\/strong><\/p>\n<p style=\"text-align: center;\"><strong>Miejsce &#8211; Biblioteka Publiczna Gminy Dzier\u017coni\u00f3w im. W\u0142adys\u0142awa Reymonta, ul. Kolejowa 12b, Mo\u015bcisko<\/strong><\/p>\n<p>Organizatorzy: Biblioteka Publiczna Gminy Dzier\u017coni\u00f3w im. W\u0142adys\u0142awa Reymonta, Stowarzyszenie R\u00f3\u017cnorodno\u015bci Spo\u0142ecznej &#8222;UP-Date.<\/p>\n<p>Fanatyk: Re\u017cyseria: Henry Bean<\/p>\n<ul>\n<li>Scenariusz: <a href=\"https:\/\/kultura.dlastudenta.pl\/osoba\/henry-bean,40163.html\">Henry Bean<\/a>, <a href=\"https:\/\/kultura.dlastudenta.pl\/osoba\/mark-jacobson,40164.html\">Mark Jacobson<\/a><\/li>\n<li>Muzyka: <a href=\"https:\/\/kultura.dlastudenta.pl\/osoba\/joel-diamond,40165.html\">Joel Diamond<\/a><\/li>\n<li>Zdj\u0119cia: <a href=\"https:\/\/kultura.dlastudenta.pl\/osoba\/jim-denault,40166.html\">Jim Denault<\/a><\/li>\n<\/ul>\n<p style=\"text-align: center;\">Po filmie odb\u0119dzie si\u0119 dyskusja na temat poruszony w filmie.<\/p>\n<p>UWAGA! W filmie u\u017cyte s\u0105 symbole prawnie zakazane przez polskie prawo jako propaguj\u0105ce nazistowsko-faszystowski system pa\u0144stwa. Film b\u0119dzie wy\u015bwietlany wy\u0142\u0105cznie w celach edukacyjnych i ma na celu pobudzenie do dyskusji na temat wzrostu radykalnych nastroj\u00f3w w Polsce.<\/p>\n<p><a href=\"http:\/\/bibliotekamoscisko.pl\/wp-content\/uploads\/2018\/11\/Ulotka-str2.jpg\"><img decoding=\"async\" class=\"aligncenter size-full wp-image-7493\" src=\"http:\/\/bibliotekamoscisko.pl\/wp-content\/uploads\/2018\/11\/Ulotka-str2.jpg\" alt=\"\" width=\"1783\" height=\"2515\" srcset=\"https:\/\/bibliotekamoscisko.pl\/wp-content\/uploads\/2018\/11\/Ulotka-str2.jpg 1783w, https:\/\/bibliotekamoscisko.pl\/wp-content\/uploads\/2018\/11\/Ulotka-str2-213x300.jpg 213w, https:\/\/bibliotekamoscisko.pl\/wp-content\/uploads\/2018\/11\/Ulotka-str2-768x1083.jpg 768w, https:\/\/bibliotekamoscisko.pl\/wp-content\/uploads\/2018\/11\/Ulotka-str2-726x1024.jpg 726w, https:\/\/bibliotekamoscisko.pl\/wp-content\/uploads\/2018\/11\/Ulotka-str2-1x1.jpg 1w\" sizes=\"(max-width: 1783px) 100vw, 1783px\" \/><\/a><\/p>\n","protected":false},"excerpt":{"rendered":"<p>Film &#8222;Fanatyk&#8221; DKF &#8222;Oblicza R\u00f3\u017cnorodno\u015bci&#8221; Dyskusyjny Klub Filmowy &#8222;Oblicza R\u00f3\u017cnorodno\u015bci&#8221; przekracza granice Wroc\u0142awia! Dzi\u0119ki dofinansowaniu z Urz\u0119du Marsza\u0142kowskiego Wojew\u00f3dztwa Dolno\u015bl\u0105skiego w ramach projektu &#8222;Wielokulturowy Dolny \u015al\u0105sk&#8221; w pi\u0119ciu miejscowo\u015bciach naszego [&hellip;]<\/p>\n","protected":false},"author":1,"featured_media":0,"comment_status":"closed","ping_status":"open","sticky":false,"template":"","format":"standard","meta":{"ngg_post_thumbnail":0,"footnotes":""},"categories":[1],"tags":[],"class_list":["post-7491","post","type-post","status-publish","format-standard","hentry","category-uncategorized"],"_links":{"self":[{"href":"https:\/\/bibliotekamoscisko.pl\/index.php?rest_route=\/wp\/v2\/posts\/7491","targetHints":{"allow":["GET"]}}],"collection":[{"href":"https:\/\/bibliotekamoscisko.pl\/index.php?rest_route=\/wp\/v2\/posts"}],"about":[{"href":"https:\/\/bibliotekamoscisko.pl\/index.php?rest_route=\/wp\/v2\/types\/post"}],"author":[{"embeddable":true,"href":"https:\/\/bibliotekamoscisko.pl\/index.php?rest_route=\/wp\/v2\/users\/1"}],"replies":[{"embeddable":true,"href":"https:\/\/bibliotekamoscisko.pl\/index.php?rest_route=%2Fwp%2Fv2%2Fcomments&post=7491"}],"version-history":[{"count":1,"href":"https:\/\/bibliotekamoscisko.pl\/index.php?rest_route=\/wp\/v2\/posts\/7491\/revisions"}],"predecessor-version":[{"id":7494,"href":"https:\/\/bibliotekamoscisko.pl\/index.php?rest_route=\/wp\/v2\/posts\/7491\/revisions\/7494"}],"wp:attachment":[{"href":"https:\/\/bibliotekamoscisko.pl\/index.php?rest_route=%2Fwp%2Fv2%2Fmedia&parent=7491"}],"wp:term":[{"taxonomy":"category","embeddable":true,"href":"https:\/\/bibliotekamoscisko.pl\/index.php?rest_route=%2Fwp%2Fv2%2Fcategories&post=7491"},{"taxonomy":"post_tag","embeddable":true,"href":"https:\/\/bibliotekamoscisko.pl\/index.php?rest_route=%2Fwp%2Fv2%2Ftags&post=7491"}],"curies":[{"name":"wp","href":"https:\/\/api.w.org\/{rel}","templated":true}]}}