{"id":7495,"date":"2018-11-09T11:48:46","date_gmt":"2018-11-09T11:48:46","guid":{"rendered":"http:\/\/bibliotekamoscisko.pl\/?p=7495"},"modified":"2018-11-09T11:48:46","modified_gmt":"2018-11-09T11:48:46","slug":"kotylion-dla-kazdego","status":"publish","type":"post","link":"https:\/\/bibliotekamoscisko.pl\/?p=7495","title":{"rendered":"Kotylion dla ka\u017cdego!"},"content":{"rendered":"<h1 style=\"text-align: center;\">\u00a0Bia\u0142o-czerwone warsztaty z kotylionem i upominkami<\/h1>\n<p>02 listopada w Bibliotece Publicznej w Owie\u015bnie odby\u0142y si\u0119 warsztaty plastyczne.\u00a0Wydarzenie mia\u0142o patriotyczny charakter\u00a0i by\u0142o zwi\u0105zane ze zbli\u017caj\u0105cym si\u0119 <a href=\"http:\/\/bibliotekamoscisko.pl\/wp-content\/uploads\/2018\/08\/logo-100-lat.jpg\"><img decoding=\"async\" class=\"alignright size-medium wp-image-7017\" src=\"http:\/\/bibliotekamoscisko.pl\/wp-content\/uploads\/2018\/08\/logo-100-lat-300x152.jpg\" alt=\"\" width=\"300\" height=\"152\" srcset=\"https:\/\/bibliotekamoscisko.pl\/wp-content\/uploads\/2018\/08\/logo-100-lat-300x152.jpg 300w, https:\/\/bibliotekamoscisko.pl\/wp-content\/uploads\/2018\/08\/logo-100-lat-768x389.jpg 768w, https:\/\/bibliotekamoscisko.pl\/wp-content\/uploads\/2018\/08\/logo-100-lat-2x1.jpg 2w, https:\/\/bibliotekamoscisko.pl\/wp-content\/uploads\/2018\/08\/logo-100-lat.jpg 1000w\" sizes=\"(max-width: 300px) 100vw, 300px\" \/><\/a>\u015bwi\u0119tem &#8211; Dniem Niepodleg\u0142o\u015bci. Ka\u017cdy z uczestnik\u00f3w warsztat\u00f3w, po wej\u015bciu do biblioteki, znalaz\u0142 swoje miejsce z materia\u0142ami do wykonania \u201ekokardy narodowej\u201d &#8211; z klejem, no\u017cyczkami i papierem w bia\u0142o-czerwonych barwach.\u00a0Uczestnicy zaj\u0119\u0107 wykonali po kilka kotylion\u00f3w, cz\u0119\u015b\u0107 z nich mogli zabra\u0107 ze sob\u0105 do\u00a0 domu, obdarowuj\u0105c w ten spos\u00f3b r\u00f3wnie\u017c swoich najbli\u017cszych. Pozosta\u0142e kokardy zostan\u0105 wykorzystane podczas powiatowych obchod\u00f3w 11 listopada pn. \u201e100 Lat Niepodleg\u0142o\u015bci \u015awi\u0119to Rado\u015bci\u201d. Warto r\u00f3wnie\u017c nadmieni\u0107, \u017ce robi\u0105c\u00a0 kotyliony, od najm\u0142odszych lat wi\u0105\u017cemy si\u0119 z ojczyzn\u0105<strong>.\u00a0<\/strong>W ten spos\u00f3b r\u00f3wnie\u017c pokazujemy sw\u00f3j patriotyzm.\u00a0Na zako\u0144czenie warsztat\u00f3w uczestnicy otrzymali tak\u017ce upominki nawi\u0105zuj\u0105ce do\u00a0 obchod\u00f3w w postaci: balon\u00f3w, chor\u0105giewek oraz kwiatka w barwach bia\u0142o &#8211; czerwonych.<\/p>\n<p>By\u0142o to ju\u017c drugie spotkanie w bibliotece w ramach projektu <strong>\u201e100 Lat Niepodleg\u0142o\u015bci \u015awi\u0119to Rado\u015bci\u201d.<\/strong><\/p>\n<p>Ju\u017c dzi\u015b zapraszamy na wsp\u00f3lne uroczyste obchody 100 rocznicy Odzyskania przez Polsk\u0119 Niepodleg\u0142o\u015bci\u00a0 11 listopada 2018 roku o godz.15:30 na dzier\u017coniowskim rynku.<\/p>\n<div id='gallery-1' class='gallery galleryid-7495 gallery-columns-3 gallery-size-thumbnail'><figure class='gallery-item'>\n\t\t\t<div class='gallery-icon landscape'>\n\t\t\t\t<a href='https:\/\/bibliotekamoscisko.pl\/?attachment_id=7496'><img decoding=\"async\" width=\"150\" height=\"150\" src=\"https:\/\/bibliotekamoscisko.pl\/wp-content\/uploads\/2018\/11\/IMG_20181102_143441-150x150.jpg\" class=\"attachment-thumbnail size-thumbnail\" alt=\"\" srcset=\"https:\/\/bibliotekamoscisko.pl\/wp-content\/uploads\/2018\/11\/IMG_20181102_143441-150x150.jpg 150w, https:\/\/bibliotekamoscisko.pl\/wp-content\/uploads\/2018\/11\/IMG_20181102_143441-1x1.jpg 1w\" sizes=\"(max-width: 150px) 100vw, 150px\" \/><\/a>\n\t\t\t<\/div><\/figure><figure class='gallery-item'>\n\t\t\t<div class='gallery-icon landscape'>\n\t\t\t\t<a href='https:\/\/bibliotekamoscisko.pl\/?attachment_id=7497'><img decoding=\"async\" width=\"150\" height=\"150\" src=\"https:\/\/bibliotekamoscisko.pl\/wp-content\/uploads\/2018\/11\/IMG_20181102_143452-150x150.jpg\" class=\"attachment-thumbnail size-thumbnail\" alt=\"\" srcset=\"https:\/\/bibliotekamoscisko.pl\/wp-content\/uploads\/2018\/11\/IMG_20181102_143452-150x150.jpg 150w, https:\/\/bibliotekamoscisko.pl\/wp-content\/uploads\/2018\/11\/IMG_20181102_143452-1x1.jpg 1w\" sizes=\"(max-width: 150px) 100vw, 150px\" \/><\/a>\n\t\t\t<\/div><\/figure><figure class='gallery-item'>\n\t\t\t<div class='gallery-icon portrait'>\n\t\t\t\t<a href='https:\/\/bibliotekamoscisko.pl\/?attachment_id=7498'><img loading=\"lazy\" decoding=\"async\" width=\"150\" height=\"150\" src=\"https:\/\/bibliotekamoscisko.pl\/wp-content\/uploads\/2018\/11\/IMG_20181102_135016-150x150.jpg\" class=\"attachment-thumbnail size-thumbnail\" alt=\"\" srcset=\"https:\/\/bibliotekamoscisko.pl\/wp-content\/uploads\/2018\/11\/IMG_20181102_135016-150x150.jpg 150w, https:\/\/bibliotekamoscisko.pl\/wp-content\/uploads\/2018\/11\/IMG_20181102_135016-1x1.jpg 1w\" sizes=\"(max-width: 150px) 100vw, 150px\" \/><\/a>\n\t\t\t<\/div><\/figure>\n\t\t<\/div>\n\n<p>J.P.<\/p>\n","protected":false},"excerpt":{"rendered":"<p>\u00a0Bia\u0142o-czerwone warsztaty z kotylionem i upominkami 02 listopada w Bibliotece Publicznej w Owie\u015bnie odby\u0142y si\u0119 warsztaty plastyczne.\u00a0Wydarzenie mia\u0142o patriotyczny charakter\u00a0i by\u0142o zwi\u0105zane ze zbli\u017caj\u0105cym si\u0119 \u015bwi\u0119tem &#8211; Dniem Niepodleg\u0142o\u015bci. Ka\u017cdy [&hellip;]<\/p>\n","protected":false},"author":1,"featured_media":0,"comment_status":"closed","ping_status":"open","sticky":false,"template":"","format":"standard","meta":{"ngg_post_thumbnail":0,"footnotes":""},"categories":[1],"tags":[],"class_list":["post-7495","post","type-post","status-publish","format-standard","hentry","category-uncategorized"],"_links":{"self":[{"href":"https:\/\/bibliotekamoscisko.pl\/index.php?rest_route=\/wp\/v2\/posts\/7495","targetHints":{"allow":["GET"]}}],"collection":[{"href":"https:\/\/bibliotekamoscisko.pl\/index.php?rest_route=\/wp\/v2\/posts"}],"about":[{"href":"https:\/\/bibliotekamoscisko.pl\/index.php?rest_route=\/wp\/v2\/types\/post"}],"author":[{"embeddable":true,"href":"https:\/\/bibliotekamoscisko.pl\/index.php?rest_route=\/wp\/v2\/users\/1"}],"replies":[{"embeddable":true,"href":"https:\/\/bibliotekamoscisko.pl\/index.php?rest_route=%2Fwp%2Fv2%2Fcomments&post=7495"}],"version-history":[{"count":1,"href":"https:\/\/bibliotekamoscisko.pl\/index.php?rest_route=\/wp\/v2\/posts\/7495\/revisions"}],"predecessor-version":[{"id":7499,"href":"https:\/\/bibliotekamoscisko.pl\/index.php?rest_route=\/wp\/v2\/posts\/7495\/revisions\/7499"}],"wp:attachment":[{"href":"https:\/\/bibliotekamoscisko.pl\/index.php?rest_route=%2Fwp%2Fv2%2Fmedia&parent=7495"}],"wp:term":[{"taxonomy":"category","embeddable":true,"href":"https:\/\/bibliotekamoscisko.pl\/index.php?rest_route=%2Fwp%2Fv2%2Fcategories&post=7495"},{"taxonomy":"post_tag","embeddable":true,"href":"https:\/\/bibliotekamoscisko.pl\/index.php?rest_route=%2Fwp%2Fv2%2Ftags&post=7495"}],"curies":[{"name":"wp","href":"https:\/\/api.w.org\/{rel}","templated":true}]}}