{"id":7517,"date":"2018-11-13T14:24:44","date_gmt":"2018-11-13T14:24:44","guid":{"rendered":"http:\/\/bibliotekamoscisko.pl\/?p=7517"},"modified":"2018-11-13T14:24:44","modified_gmt":"2018-11-13T14:24:44","slug":"a-to-historia-w-tuszynie","status":"publish","type":"post","link":"https:\/\/bibliotekamoscisko.pl\/?p=7517","title":{"rendered":"\u201eA to historia!\u201d w Tuszynie"},"content":{"rendered":"<p><a href=\"http:\/\/bibliotekamoscisko.pl\/wp-content\/uploads\/2018\/11\/44994515_2219859944956829_1415519468691390464_n.jpg\"><img fetchpriority=\"high\" decoding=\"async\" class=\"aligncenter size-medium wp-image-7521\" src=\"http:\/\/bibliotekamoscisko.pl\/wp-content\/uploads\/2018\/11\/44994515_2219859944956829_1415519468691390464_n-300x169.jpg\" alt=\"\" width=\"300\" height=\"169\" srcset=\"https:\/\/bibliotekamoscisko.pl\/wp-content\/uploads\/2018\/11\/44994515_2219859944956829_1415519468691390464_n-300x169.jpg 300w, https:\/\/bibliotekamoscisko.pl\/wp-content\/uploads\/2018\/11\/44994515_2219859944956829_1415519468691390464_n-768x432.jpg 768w, https:\/\/bibliotekamoscisko.pl\/wp-content\/uploads\/2018\/11\/44994515_2219859944956829_1415519468691390464_n-2x1.jpg 2w, https:\/\/bibliotekamoscisko.pl\/wp-content\/uploads\/2018\/11\/44994515_2219859944956829_1415519468691390464_n.jpg 800w\" sizes=\"(max-width: 300px) 100vw, 300px\" \/><\/a>Z okazji 100. rocznicy odzyskania przez Polsk\u0119 niepodleg\u0142o\u015bci dzieci z Tuszyna mia\u0142y mo\u017cliwo\u015b\u0107 zapozna\u0107 si\u0119 z histori\u0105, kt\u00f3ra do tego wydarzenia doprowadzi\u0142a. Przez ca\u0142y tydzie\u0144 s\u0142ucha\u0142y opowiada\u0144 z ksi\u0105\u017cki Kazimierza Szymeczko \u201eA to historia!\u201d, kt\u00f3re czyta\u0142y dla nich ich starsze kole\u017canki. M\u0142odzi czytelnicy dowiedzieli si\u0119 czym by\u0142y rozbiory Polski i jak do nich dosz\u0142o, jak powsta\u0142 hymn narodowy i czym by\u0142a szara piechota. Us\u0142ysza\u0142y tak\u017ce o tw\u00f3rcach, kt\u00f3rzy w tym burzliwym czasie w historii Polski pokrzepiali serca swoich rodak\u00f3w i s\u0142awili nasz nar\u00f3d w ca\u0142ym \u015bwiecie.<br \/>\nDzi\u0119kujemy starszym dziewczynkom za zaanga\u017cowanie w akcj\u0119, a najm\u0142odszych zapraszamy do biblioteki po kolejne ciekawe opowie\u015bci.<\/p>\n<div id='gallery-1' class='gallery galleryid-7517 gallery-columns-3 gallery-size-thumbnail'><figure class='gallery-item'>\n\t\t\t<div class='gallery-icon landscape'>\n\t\t\t\t<a href='https:\/\/bibliotekamoscisko.pl\/?attachment_id=7520'><img decoding=\"async\" width=\"150\" height=\"150\" src=\"https:\/\/bibliotekamoscisko.pl\/wp-content\/uploads\/2018\/11\/44972111_2276922962596461_1061432026822868992_n-150x150.jpg\" class=\"attachment-thumbnail size-thumbnail\" alt=\"\" srcset=\"https:\/\/bibliotekamoscisko.pl\/wp-content\/uploads\/2018\/11\/44972111_2276922962596461_1061432026822868992_n-150x150.jpg 150w, https:\/\/bibliotekamoscisko.pl\/wp-content\/uploads\/2018\/11\/44972111_2276922962596461_1061432026822868992_n-2x1.jpg 2w\" sizes=\"(max-width: 150px) 100vw, 150px\" \/><\/a>\n\t\t\t<\/div><\/figure>\n\t\t<\/div>\n\n<p>M. A.T.<\/p>\n","protected":false},"excerpt":{"rendered":"<p>Z okazji 100. rocznicy odzyskania przez Polsk\u0119 niepodleg\u0142o\u015bci dzieci z Tuszyna mia\u0142y mo\u017cliwo\u015b\u0107 zapozna\u0107 si\u0119 z histori\u0105, kt\u00f3ra do tego wydarzenia doprowadzi\u0142a. Przez ca\u0142y tydzie\u0144 s\u0142ucha\u0142y opowiada\u0144 z ksi\u0105\u017cki Kazimierza [&hellip;]<\/p>\n","protected":false},"author":1,"featured_media":0,"comment_status":"closed","ping_status":"open","sticky":false,"template":"","format":"standard","meta":{"ngg_post_thumbnail":0,"footnotes":""},"categories":[1],"tags":[],"class_list":["post-7517","post","type-post","status-publish","format-standard","hentry","category-uncategorized"],"_links":{"self":[{"href":"https:\/\/bibliotekamoscisko.pl\/index.php?rest_route=\/wp\/v2\/posts\/7517","targetHints":{"allow":["GET"]}}],"collection":[{"href":"https:\/\/bibliotekamoscisko.pl\/index.php?rest_route=\/wp\/v2\/posts"}],"about":[{"href":"https:\/\/bibliotekamoscisko.pl\/index.php?rest_route=\/wp\/v2\/types\/post"}],"author":[{"embeddable":true,"href":"https:\/\/bibliotekamoscisko.pl\/index.php?rest_route=\/wp\/v2\/users\/1"}],"replies":[{"embeddable":true,"href":"https:\/\/bibliotekamoscisko.pl\/index.php?rest_route=%2Fwp%2Fv2%2Fcomments&post=7517"}],"version-history":[{"count":1,"href":"https:\/\/bibliotekamoscisko.pl\/index.php?rest_route=\/wp\/v2\/posts\/7517\/revisions"}],"predecessor-version":[{"id":7522,"href":"https:\/\/bibliotekamoscisko.pl\/index.php?rest_route=\/wp\/v2\/posts\/7517\/revisions\/7522"}],"wp:attachment":[{"href":"https:\/\/bibliotekamoscisko.pl\/index.php?rest_route=%2Fwp%2Fv2%2Fmedia&parent=7517"}],"wp:term":[{"taxonomy":"category","embeddable":true,"href":"https:\/\/bibliotekamoscisko.pl\/index.php?rest_route=%2Fwp%2Fv2%2Fcategories&post=7517"},{"taxonomy":"post_tag","embeddable":true,"href":"https:\/\/bibliotekamoscisko.pl\/index.php?rest_route=%2Fwp%2Fv2%2Ftags&post=7517"}],"curies":[{"name":"wp","href":"https:\/\/api.w.org\/{rel}","templated":true}]}}