{"id":7523,"date":"2018-11-13T14:29:33","date_gmt":"2018-11-13T14:29:33","guid":{"rendered":"http:\/\/bibliotekamoscisko.pl\/?p=7523"},"modified":"2018-11-13T14:29:33","modified_gmt":"2018-11-13T14:29:33","slug":"spojrzec-wstecz","status":"publish","type":"post","link":"https:\/\/bibliotekamoscisko.pl\/?p=7523","title":{"rendered":"Spojrze\u0107 wstecz"},"content":{"rendered":"<h3>W ramach obchod\u00f3w 100-lecia Niepodleg\u0142o\u015bci Polski, biblioteka w Uciechowie przypomina posta\u0107 Pana <strong>Juliana Lucjana Bazgiera<\/strong>. Na miejscu mo\u017cna zapozna\u0107 si\u0119 ze wspomnieniami z czasu kiedy\u00a0 Pan Bazgier pe\u0142ni\u0142 funkcj\u0119 kierownika szko\u0142y w Uciechowie. To zapis wydarze\u0144 z okresu pierwszych osadnik\u00f3w i tworzenia si\u0119 lokalnej spo\u0142eczno\u015bci.<\/h3>\n<p><a href=\"http:\/\/bibliotekamoscisko.pl\/wp-content\/uploads\/2018\/11\/lukiou.jpg\"><img fetchpriority=\"high\" decoding=\"async\" class=\"aligncenter size-large wp-image-7524\" src=\"http:\/\/bibliotekamoscisko.pl\/wp-content\/uploads\/2018\/11\/lukiou-768x1024.jpg\" alt=\"\" width=\"654\" height=\"872\" srcset=\"https:\/\/bibliotekamoscisko.pl\/wp-content\/uploads\/2018\/11\/lukiou-768x1024.jpg 768w, https:\/\/bibliotekamoscisko.pl\/wp-content\/uploads\/2018\/11\/lukiou-225x300.jpg 225w, https:\/\/bibliotekamoscisko.pl\/wp-content\/uploads\/2018\/11\/lukiou-1x1.jpg 1w\" sizes=\"(max-width: 654px) 100vw, 654px\" \/><\/a><\/p>\n","protected":false},"excerpt":{"rendered":"<p>W ramach obchod\u00f3w 100-lecia Niepodleg\u0142o\u015bci Polski, biblioteka w Uciechowie przypomina posta\u0107 Pana Juliana Lucjana Bazgiera. Na miejscu mo\u017cna zapozna\u0107 si\u0119 ze wspomnieniami z czasu kiedy\u00a0 Pan Bazgier pe\u0142ni\u0142 funkcj\u0119 kierownika [&hellip;]<\/p>\n","protected":false},"author":1,"featured_media":0,"comment_status":"closed","ping_status":"open","sticky":false,"template":"","format":"standard","meta":{"ngg_post_thumbnail":0,"footnotes":""},"categories":[1],"tags":[],"class_list":["post-7523","post","type-post","status-publish","format-standard","hentry","category-uncategorized"],"_links":{"self":[{"href":"https:\/\/bibliotekamoscisko.pl\/index.php?rest_route=\/wp\/v2\/posts\/7523","targetHints":{"allow":["GET"]}}],"collection":[{"href":"https:\/\/bibliotekamoscisko.pl\/index.php?rest_route=\/wp\/v2\/posts"}],"about":[{"href":"https:\/\/bibliotekamoscisko.pl\/index.php?rest_route=\/wp\/v2\/types\/post"}],"author":[{"embeddable":true,"href":"https:\/\/bibliotekamoscisko.pl\/index.php?rest_route=\/wp\/v2\/users\/1"}],"replies":[{"embeddable":true,"href":"https:\/\/bibliotekamoscisko.pl\/index.php?rest_route=%2Fwp%2Fv2%2Fcomments&post=7523"}],"version-history":[{"count":1,"href":"https:\/\/bibliotekamoscisko.pl\/index.php?rest_route=\/wp\/v2\/posts\/7523\/revisions"}],"predecessor-version":[{"id":7525,"href":"https:\/\/bibliotekamoscisko.pl\/index.php?rest_route=\/wp\/v2\/posts\/7523\/revisions\/7525"}],"wp:attachment":[{"href":"https:\/\/bibliotekamoscisko.pl\/index.php?rest_route=%2Fwp%2Fv2%2Fmedia&parent=7523"}],"wp:term":[{"taxonomy":"category","embeddable":true,"href":"https:\/\/bibliotekamoscisko.pl\/index.php?rest_route=%2Fwp%2Fv2%2Fcategories&post=7523"},{"taxonomy":"post_tag","embeddable":true,"href":"https:\/\/bibliotekamoscisko.pl\/index.php?rest_route=%2Fwp%2Fv2%2Ftags&post=7523"}],"curies":[{"name":"wp","href":"https:\/\/api.w.org\/{rel}","templated":true}]}}