{"id":7526,"date":"2018-11-13T14:46:50","date_gmt":"2018-11-13T14:46:50","guid":{"rendered":"http:\/\/bibliotekamoscisko.pl\/?p=7526"},"modified":"2018-11-13T14:46:50","modified_gmt":"2018-11-13T14:46:50","slug":"100-lat-niepodleglosci-swieto-radosci","status":"publish","type":"post","link":"https:\/\/bibliotekamoscisko.pl\/?p=7526","title":{"rendered":"100 lat Niepodleg\u0142o\u015bci &#8211; \u015awi\u0119to Rado\u015bci!"},"content":{"rendered":"<p><em>Kto ty jeste\u015b? Polak ma\u0142y!<\/em><br \/>\n<em>Mieszkasz w Polsce? W\u0142a\u015bnie tak!<\/em><br \/>\n<em>Orze\u0142 Bia\u0142y jest wspania\u0142y.<\/em><br \/>\n<em>To jest god\u0142o! To nasz znak!<a href=\"http:\/\/bibliotekamoscisko.pl\/wp-content\/uploads\/2018\/08\/logo-100-lat.jpg\"><img decoding=\"async\" class=\"alignright size-medium wp-image-7017\" src=\"http:\/\/bibliotekamoscisko.pl\/wp-content\/uploads\/2018\/08\/logo-100-lat-300x152.jpg\" alt=\"\" width=\"300\" height=\"152\" srcset=\"https:\/\/bibliotekamoscisko.pl\/wp-content\/uploads\/2018\/08\/logo-100-lat-300x152.jpg 300w, https:\/\/bibliotekamoscisko.pl\/wp-content\/uploads\/2018\/08\/logo-100-lat-768x389.jpg 768w, https:\/\/bibliotekamoscisko.pl\/wp-content\/uploads\/2018\/08\/logo-100-lat-2x1.jpg 2w, https:\/\/bibliotekamoscisko.pl\/wp-content\/uploads\/2018\/08\/logo-100-lat.jpg 1000w\" sizes=\"(max-width: 300px) 100vw, 300px\" \/><\/a><\/em><\/p>\n<p><strong>Szanuj \u015bwi\u0119ta narodowe i rocznice &#8230;<\/strong><\/p>\n<p>9 listopada w bibliotece odby\u0142o si\u0119 kolejne spotkanie\u00a0 z drug\u0105 klas\u0105 w ramach cyklicznie realizowanego programu:\u00a0<em>Dekalog Ma\u0142ego Patrioty, <\/em>kt\u00f3ry\u00a0znakomicie wpisuje\u00a0 si\u0119 w obchody 11 listopada.\u00a0Dzieci ubrane w kolorach barw narodowych opowiada\u0142y o tym jak obchodzi si\u0119 to \u015bwi\u0119to w rodzinach, szkole\u00a0i \u015brodowisku lokalnym. U\u015bwiadamia\u0142y sobie jak wa\u017cne jest ono dla wszystkich Polak\u00f3w.<br \/>\nPodnios\u0142\u0105 atmosfer\u0119 spotkania dope\u0142ni\u0142a recytacja wiersza w wykonaniu Zosi i Wojtka.<br \/>\nWsp\u00f3lnym \u015bpiewem pie\u015bni patriotycznych uczcili\u015bmy z godno\u015bci\u0105 100 -lecie odzyskania niepodleg\u0142o\u015bci Polski.<br \/>\nDegustacja bia\u0142o-czerwonych galaretek dope\u0142ni\u0142a to wspania\u0142e spotkanie.<\/p>\n<p><em>\u00a0Patriotyzm jest jak wiara:<\/em><br \/>\n<em>serce pe\u0142ne wiary miej.<\/em><br \/>\n<em>A kto wierzy, ten si\u0119 stara,<\/em><br \/>\n<em>wi\u0119c dla kraju staraj si\u0119!<\/em><br \/>\n<em>Z m\u0105drych dzieci \u2013 dobrzy ludzie.<\/em><br \/>\n<em>Z dobrych ludzi \u2013 m\u0105dry dzie\u0144.<\/em><br \/>\n<em>W takim \u015bwiecie chc\u0119 si\u0119 budzi\u0107,<\/em><\/p>\n<p>\/Marcin Przewo\u017aniak\/<\/p>\n<div id='gallery-1' class='gallery galleryid-7526 gallery-columns-3 gallery-size-thumbnail'><figure class='gallery-item'>\n\t\t\t<div class='gallery-icon landscape'>\n\t\t\t\t<a href='https:\/\/bibliotekamoscisko.pl\/?attachment_id=7527'><img decoding=\"async\" width=\"150\" height=\"150\" src=\"https:\/\/bibliotekamoscisko.pl\/wp-content\/uploads\/2018\/11\/DSC_0606-150x150.jpeg\" class=\"attachment-thumbnail size-thumbnail\" alt=\"\" srcset=\"https:\/\/bibliotekamoscisko.pl\/wp-content\/uploads\/2018\/11\/DSC_0606-150x150.jpeg 150w, https:\/\/bibliotekamoscisko.pl\/wp-content\/uploads\/2018\/11\/DSC_0606-1x1.jpeg 1w\" sizes=\"(max-width: 150px) 100vw, 150px\" \/><\/a>\n\t\t\t<\/div><\/figure><figure class='gallery-item'>\n\t\t\t<div class='gallery-icon portrait'>\n\t\t\t\t<a href='https:\/\/bibliotekamoscisko.pl\/?attachment_id=7528'><img decoding=\"async\" width=\"150\" height=\"150\" src=\"https:\/\/bibliotekamoscisko.pl\/wp-content\/uploads\/2018\/11\/DSC_0617-e1542120349135-150x150.jpeg\" class=\"attachment-thumbnail size-thumbnail\" alt=\"\" srcset=\"https:\/\/bibliotekamoscisko.pl\/wp-content\/uploads\/2018\/11\/DSC_0617-e1542120349135-150x150.jpeg 150w, https:\/\/bibliotekamoscisko.pl\/wp-content\/uploads\/2018\/11\/DSC_0617-e1542120349135-1x1.jpeg 1w\" sizes=\"(max-width: 150px) 100vw, 150px\" \/><\/a>\n\t\t\t<\/div><\/figure><figure class='gallery-item'>\n\t\t\t<div class='gallery-icon landscape'>\n\t\t\t\t<a href='https:\/\/bibliotekamoscisko.pl\/?attachment_id=7529'><img loading=\"lazy\" decoding=\"async\" width=\"150\" height=\"150\" src=\"https:\/\/bibliotekamoscisko.pl\/wp-content\/uploads\/2018\/11\/DSC_0628-150x150.jpeg\" class=\"attachment-thumbnail size-thumbnail\" alt=\"\" srcset=\"https:\/\/bibliotekamoscisko.pl\/wp-content\/uploads\/2018\/11\/DSC_0628-150x150.jpeg 150w, https:\/\/bibliotekamoscisko.pl\/wp-content\/uploads\/2018\/11\/DSC_0628-1x1.jpeg 1w\" sizes=\"(max-width: 150px) 100vw, 150px\" \/><\/a>\n\t\t\t<\/div><\/figure><figure class='gallery-item'>\n\t\t\t<div class='gallery-icon portrait'>\n\t\t\t\t<a href='https:\/\/bibliotekamoscisko.pl\/?attachment_id=7531'><img loading=\"lazy\" decoding=\"async\" width=\"150\" height=\"150\" src=\"https:\/\/bibliotekamoscisko.pl\/wp-content\/uploads\/2018\/11\/DSC_0641-e1542120338242-150x150.jpeg\" class=\"attachment-thumbnail size-thumbnail\" alt=\"\" srcset=\"https:\/\/bibliotekamoscisko.pl\/wp-content\/uploads\/2018\/11\/DSC_0641-e1542120338242-150x150.jpeg 150w, https:\/\/bibliotekamoscisko.pl\/wp-content\/uploads\/2018\/11\/DSC_0641-e1542120338242-1x1.jpeg 1w\" sizes=\"(max-width: 150px) 100vw, 150px\" \/><\/a>\n\t\t\t<\/div><\/figure><figure class='gallery-item'>\n\t\t\t<div class='gallery-icon landscape'>\n\t\t\t\t<a href='https:\/\/bibliotekamoscisko.pl\/?attachment_id=7532'><img loading=\"lazy\" decoding=\"async\" width=\"150\" height=\"150\" src=\"https:\/\/bibliotekamoscisko.pl\/wp-content\/uploads\/2018\/11\/DSC_0645-150x150.jpeg\" class=\"attachment-thumbnail size-thumbnail\" alt=\"\" srcset=\"https:\/\/bibliotekamoscisko.pl\/wp-content\/uploads\/2018\/11\/DSC_0645-150x150.jpeg 150w, https:\/\/bibliotekamoscisko.pl\/wp-content\/uploads\/2018\/11\/DSC_0645-1x1.jpeg 1w\" sizes=\"(max-width: 150px) 100vw, 150px\" \/><\/a>\n\t\t\t<\/div><\/figure><figure class='gallery-item'>\n\t\t\t<div class='gallery-icon landscape'>\n\t\t\t\t<a href='https:\/\/bibliotekamoscisko.pl\/?attachment_id=7533'><img loading=\"lazy\" decoding=\"async\" width=\"150\" height=\"150\" src=\"https:\/\/bibliotekamoscisko.pl\/wp-content\/uploads\/2018\/11\/DSC_0653-150x150.jpeg\" class=\"attachment-thumbnail size-thumbnail\" alt=\"\" srcset=\"https:\/\/bibliotekamoscisko.pl\/wp-content\/uploads\/2018\/11\/DSC_0653-150x150.jpeg 150w, https:\/\/bibliotekamoscisko.pl\/wp-content\/uploads\/2018\/11\/DSC_0653-1x1.jpeg 1w\" sizes=\"(max-width: 150px) 100vw, 150px\" \/><\/a>\n\t\t\t<\/div><\/figure><figure class='gallery-item'>\n\t\t\t<div class='gallery-icon landscape'>\n\t\t\t\t<a href='https:\/\/bibliotekamoscisko.pl\/?attachment_id=7534'><img loading=\"lazy\" decoding=\"async\" width=\"150\" height=\"150\" src=\"https:\/\/bibliotekamoscisko.pl\/wp-content\/uploads\/2018\/11\/DSC_0684-150x150.jpeg\" class=\"attachment-thumbnail size-thumbnail\" alt=\"\" srcset=\"https:\/\/bibliotekamoscisko.pl\/wp-content\/uploads\/2018\/11\/DSC_0684-150x150.jpeg 150w, https:\/\/bibliotekamoscisko.pl\/wp-content\/uploads\/2018\/11\/DSC_0684-1x1.jpeg 1w\" sizes=\"(max-width: 150px) 100vw, 150px\" \/><\/a>\n\t\t\t<\/div><\/figure><figure class='gallery-item'>\n\t\t\t<div class='gallery-icon landscape'>\n\t\t\t\t<a href='https:\/\/bibliotekamoscisko.pl\/?attachment_id=7535'><img loading=\"lazy\" decoding=\"async\" width=\"150\" height=\"150\" src=\"https:\/\/bibliotekamoscisko.pl\/wp-content\/uploads\/2018\/11\/DSC_0691-150x150.jpeg\" class=\"attachment-thumbnail size-thumbnail\" alt=\"\" srcset=\"https:\/\/bibliotekamoscisko.pl\/wp-content\/uploads\/2018\/11\/DSC_0691-150x150.jpeg 150w, https:\/\/bibliotekamoscisko.pl\/wp-content\/uploads\/2018\/11\/DSC_0691-1x1.jpeg 1w\" sizes=\"(max-width: 150px) 100vw, 150px\" \/><\/a>\n\t\t\t<\/div><\/figure>\n\t\t<\/div>\n\n<p>&nbsp;<\/p>\n<p>Maria Kirkiewicz<\/p>\n","protected":false},"excerpt":{"rendered":"<p>Kto ty jeste\u015b? Polak ma\u0142y! Mieszkasz w Polsce? W\u0142a\u015bnie tak! Orze\u0142 Bia\u0142y jest wspania\u0142y. To jest god\u0142o! To nasz znak! Szanuj \u015bwi\u0119ta narodowe i rocznice &#8230; 9 listopada w bibliotece [&hellip;]<\/p>\n","protected":false},"author":1,"featured_media":0,"comment_status":"closed","ping_status":"open","sticky":false,"template":"","format":"standard","meta":{"ngg_post_thumbnail":0,"footnotes":""},"categories":[1],"tags":[],"class_list":["post-7526","post","type-post","status-publish","format-standard","hentry","category-uncategorized"],"_links":{"self":[{"href":"https:\/\/bibliotekamoscisko.pl\/index.php?rest_route=\/wp\/v2\/posts\/7526","targetHints":{"allow":["GET"]}}],"collection":[{"href":"https:\/\/bibliotekamoscisko.pl\/index.php?rest_route=\/wp\/v2\/posts"}],"about":[{"href":"https:\/\/bibliotekamoscisko.pl\/index.php?rest_route=\/wp\/v2\/types\/post"}],"author":[{"embeddable":true,"href":"https:\/\/bibliotekamoscisko.pl\/index.php?rest_route=\/wp\/v2\/users\/1"}],"replies":[{"embeddable":true,"href":"https:\/\/bibliotekamoscisko.pl\/index.php?rest_route=%2Fwp%2Fv2%2Fcomments&post=7526"}],"version-history":[{"count":1,"href":"https:\/\/bibliotekamoscisko.pl\/index.php?rest_route=\/wp\/v2\/posts\/7526\/revisions"}],"predecessor-version":[{"id":7536,"href":"https:\/\/bibliotekamoscisko.pl\/index.php?rest_route=\/wp\/v2\/posts\/7526\/revisions\/7536"}],"wp:attachment":[{"href":"https:\/\/bibliotekamoscisko.pl\/index.php?rest_route=%2Fwp%2Fv2%2Fmedia&parent=7526"}],"wp:term":[{"taxonomy":"category","embeddable":true,"href":"https:\/\/bibliotekamoscisko.pl\/index.php?rest_route=%2Fwp%2Fv2%2Fcategories&post=7526"},{"taxonomy":"post_tag","embeddable":true,"href":"https:\/\/bibliotekamoscisko.pl\/index.php?rest_route=%2Fwp%2Fv2%2Ftags&post=7526"}],"curies":[{"name":"wp","href":"https:\/\/api.w.org\/{rel}","templated":true}]}}