{"id":760,"date":"2014-08-28T10:36:51","date_gmt":"2014-08-28T10:36:51","guid":{"rendered":"http:\/\/bibliotekamoscisko.pl\/?p=760"},"modified":"2014-08-28T10:36:51","modified_gmt":"2014-08-28T10:36:51","slug":"wielokulturowosc-jestem-na-tak","status":"publish","type":"post","link":"https:\/\/bibliotekamoscisko.pl\/?p=760","title":{"rendered":"Wielokulturowo\u015b\u0107 &#8211; jestem na tak!"},"content":{"rendered":"<p><strong>Czy w rzece Pi\u0142awie mieszkaj\u0105 demony?<\/strong><br \/>\n23 sierpnia w Bibliotece Publicznej Gminy Dzier\u017coni\u00f3w w Mo\u015bcisku odby\u0142y si\u0119 zaj\u0119cia z ksi\u0105\u017ck\u0105 Katarzyny W\u0119gierek \u201eZ notatnika m\u0142odego podr\u00f3\u017cnika. Pojazdy i nie tylko\u201d. To jedna z 10 przekazanych bezp\u0142atnie publikacji Wydawnictwa Widnokr\u0105g, kt\u00f3ra znalaz\u0142a si\u0119 w bibliotece w ramach akcji \u201eWielokulturowo\u015b\u0107 \u2013 jestem na tak!\u201d. Ksi\u0105\u017cki pokazuj\u0105 bogactwo i r\u00f3\u017cnorodno\u015b\u0107 kulturow\u0105 \u015bwiata, zwracaj\u0105c uwag\u0119 m\u0142odych ludzi na problemy takie jak emigracja, uwra\u017cliwiaj\u0105c na inno\u015b\u0107 i ucz\u0105c dostrzega\u0107 w niej pi\u0119kno. Poniewa\u017c wakacyjny czas dobiega nieub\u0142aganie ko\u0144ca zaj\u0119cia zwi\u0105zane by\u0142y z r\u00f3\u017cnymi sposobami przemieszczania si\u0119. Jeszcze przez chwil\u0119 mo\u017cna by\u0142o poczu\u0107 wolno\u015b\u0107. \u0141odzie, ci\u0119\u017car\u00f3wki, motokaretki, kolej \u2013 ka\u017cdy odwiedzany przez m\u0142odego autora notatnika kraj oferuje ciekawe sposoby na przemieszczanie si\u0119.<\/p>\n\n<p>Postanowili\u015bmy przyjrze\u0107 si\u0119 bli\u017cej tajemniczym \u0142odziom p\u0142ywaj\u0105cym po delcie Mekongu \u2013 kapry\u015bnej i niebezpiecznej rzece w Wietnamie. Dzioby \u0142odzi ozdabiaj\u0105 wymalowane na nich oczy. Maj\u0105 one za zadanie odstrasza\u0107 demony rzeki. My tak\u017ce zrobili\u015bmy maski z przera\u017caj\u0105cymi oczami. Na pewno wszystkie z\u0142e duchy z naszej rzeki Pi\u0142awy uciekn\u0105 z krzykiem! Zaintrygowa\u0142a nas tak\u017ce ilustracja na kt\u00f3rej zm\u0119czona wios\u0142owaniem kobieta postanowi\u0142a zamiast r\u0105k u\u017cy\u0107 n\u00f3g. Czy nasze nogi s\u0105 r\u00f3wnie sprawne? Flamastry w palce i do dzie\u0142a! Litery o czcionce nieco chwiejnej pokaza\u0142y si\u0119 na kolorowych kartkach, rozbawiaj\u0105c uczestnik\u00f3w zaj\u0119\u0107 niemal do \u0142ez. Mokro zrobi\u0142o si\u0119 r\u00f3wnie\u017c na naszej bibliotecznej \u015bcianie, gdzie zaprezentowali\u015bmy r\u0119cznie robione \u0142odzie z trzciny totora, albo jak kto woli z rolek po papierze toaletowym i kolorowej bibu\u0142y. Fragment jeziora Titicaca zal\u015bni\u0142 b\u0142\u0119kitem i b\u0119dzie nam przypomina\u0142 wsp\u00f3ln\u0105 zabaw\u0119, czytane fragmenty ksi\u0105\u017cki i kraje do kt\u00f3rych zaw\u0119drowali\u015bmy wraz z bohaterem notatnika m\u0142odego podr\u00f3\u017cnika.<\/p>\n<p>Bardzo dzi\u0119kujemy Natalii Haberce za pomoc podczas zaj\u0119\u0107.<br \/>\nDanuta Wi\u015bniewska<\/p>\n<p>&nbsp;<\/p>\n<p>Zdj\u0119cia: Natalia Haberka, Danuta Wi\u015bniewska<\/p>\n<p>&nbsp;<\/p>\n<p>&nbsp;<\/p>\n<p>&nbsp;<br \/>\nI<\/p>\n","protected":false},"excerpt":{"rendered":"<p>Czy w rzece Pi\u0142awie mieszkaj\u0105 demony? 23 sierpnia w Bibliotece Publicznej Gminy Dzier\u017coni\u00f3w w Mo\u015bcisku odby\u0142y si\u0119 zaj\u0119cia z ksi\u0105\u017ck\u0105 Katarzyny W\u0119gierek \u201eZ notatnika m\u0142odego podr\u00f3\u017cnika. Pojazdy i nie tylko\u201d. [&hellip;]<\/p>\n","protected":false},"author":1,"featured_media":0,"comment_status":"closed","ping_status":"open","sticky":false,"template":"","format":"standard","meta":{"ngg_post_thumbnail":0,"footnotes":""},"categories":[1],"tags":[],"class_list":["post-760","post","type-post","status-publish","format-standard","hentry","category-uncategorized"],"_links":{"self":[{"href":"https:\/\/bibliotekamoscisko.pl\/index.php?rest_route=\/wp\/v2\/posts\/760","targetHints":{"allow":["GET"]}}],"collection":[{"href":"https:\/\/bibliotekamoscisko.pl\/index.php?rest_route=\/wp\/v2\/posts"}],"about":[{"href":"https:\/\/bibliotekamoscisko.pl\/index.php?rest_route=\/wp\/v2\/types\/post"}],"author":[{"embeddable":true,"href":"https:\/\/bibliotekamoscisko.pl\/index.php?rest_route=\/wp\/v2\/users\/1"}],"replies":[{"embeddable":true,"href":"https:\/\/bibliotekamoscisko.pl\/index.php?rest_route=%2Fwp%2Fv2%2Fcomments&post=760"}],"version-history":[{"count":1,"href":"https:\/\/bibliotekamoscisko.pl\/index.php?rest_route=\/wp\/v2\/posts\/760\/revisions"}],"predecessor-version":[{"id":769,"href":"https:\/\/bibliotekamoscisko.pl\/index.php?rest_route=\/wp\/v2\/posts\/760\/revisions\/769"}],"wp:attachment":[{"href":"https:\/\/bibliotekamoscisko.pl\/index.php?rest_route=%2Fwp%2Fv2%2Fmedia&parent=760"}],"wp:term":[{"taxonomy":"category","embeddable":true,"href":"https:\/\/bibliotekamoscisko.pl\/index.php?rest_route=%2Fwp%2Fv2%2Fcategories&post=760"},{"taxonomy":"post_tag","embeddable":true,"href":"https:\/\/bibliotekamoscisko.pl\/index.php?rest_route=%2Fwp%2Fv2%2Ftags&post=760"}],"curies":[{"name":"wp","href":"https:\/\/api.w.org\/{rel}","templated":true}]}}