{"id":7617,"date":"2018-11-20T16:18:05","date_gmt":"2018-11-20T16:18:05","guid":{"rendered":"http:\/\/bibliotekamoscisko.pl\/?p=7617"},"modified":"2018-11-20T16:18:05","modified_gmt":"2018-11-20T16:18:05","slug":"oblicza-roznorodnosci-2","status":"publish","type":"post","link":"https:\/\/bibliotekamoscisko.pl\/?p=7617","title":{"rendered":"Oblicza R\u00f3\u017cnorodno\u015bci"},"content":{"rendered":"<p>&nbsp;<\/p>\n<p>Dyskusyjny Klub Filmowy &#8222;Oblicza R\u00f3\u017cnorodno\u015bci&#8221; przekroczy\u0142 granice Wroc\u0142awia. Dzi\u0119ki dofinansowaniu z Urz\u0119du Marsza\u0142kowskiego Wojew\u00f3dztwa <a href=\"http:\/\/bibliotekamoscisko.pl\/wp-content\/uploads\/2018\/11\/images.jpg\"><img fetchpriority=\"high\" decoding=\"async\" class=\"alignright size-full wp-image-7622\" src=\"http:\/\/bibliotekamoscisko.pl\/wp-content\/uploads\/2018\/11\/images.jpg\" alt=\"\" width=\"294\" height=\"171\" srcset=\"https:\/\/bibliotekamoscisko.pl\/wp-content\/uploads\/2018\/11\/images.jpg 294w, https:\/\/bibliotekamoscisko.pl\/wp-content\/uploads\/2018\/11\/images-2x1.jpg 2w\" sizes=\"(max-width: 294px) 100vw, 294px\" \/><\/a>Dolno\u015bl\u0105skiego w ramach projektu &#8222;Wielokulturowy Dolny \u015al\u0105sk&#8221; w pi\u0119ciu miejscowo\u015bciach naszego wojew\u00f3dztwa odbywaj\u0105 si\u0119 otwarte i bezp\u0142atne pokazy film\u00f3w fabularnych dotykaj\u0105cych r\u00f3\u017cnych aspekt\u00f3w wielokulturowo\u015bci, r\u00f3\u017cnorodno\u015bci, uprzedze\u0144 \u00a0i dyskryminacji. Biblioteka Publiczna Gminy Dzier\u017coni\u00f3w im. W\u0142adys\u0142awa Reymonta znalaz\u0142a si\u0119 w tym w\u0105skim gronie i 14 listopada mogli\u015bmy go\u015bci\u0107 u siebie Rados\u0142awa Bednarskiego z Regionalnego Centrum Wspierania Inicjatyw Pozarz\u0105dowych, kt\u00f3ry przedstawi\u0142 film \u201eFanatyk\u201d. Obraz by\u0142 podstaw\u0105 do rozmowy na temat \u017ar\u00f3de\u0142 faszyzmu, jego ideologii i wsp\u00f3\u0142czesnego antysemityzmu. Film\u00a0zwyci\u0119\u017cy\u0142 na festiwalu w Sundance, \u00a0ukazuj\u0105c wa\u017cn\u0105 i oryginaln\u0105 opowie\u015b\u0107 o odmiennych metodach\u00a0pojmowania \u015bwiata i realizacji wewn\u0119trznej niezgody na otoczenie. Re\u017cyser Henry Bean doskonale podkre\u015bla r\u00f3\u017cnorak\u0105 przemoc jako podstawowe \u017ar\u00f3d\u0142o dzia\u0142a\u0144 i r\u00f3wnoleg\u0142ego osamotnienia. Efekt tego studium jest jedynym mo\u017cliwym; agresja pozostaje nierozumna, a konflikt nierozwi\u0105zany.<\/p>\n<p>W spotkaniu wzi\u0119\u0142a udzia\u0142 m\u0142odzie\u017c klas 8 ze szk\u00f3\u0142 w Mo\u015bcisku, Tuszynie, Pilawie Dolnej, Ostroszowic i Dzier\u017coniowa. Po seansie do dyskusji zaprosili\u015bmy tak\u017ce asp. szt. Andrzeja K\u0142osa, kt\u00f3ry podkre\u015bli\u0142, \u017ce nasza oboj\u0119tno\u015b\u0107 stanowi doskona\u0142\u0105 po\u017cywk\u0119 dla tak skrajnych zachowa\u0144 jak neonazizm. Prosi\u0142 aby reagowa\u0107 zar\u00f3wno na niew\u0142a\u015bciwe symbole jak i mow\u0119 nienawi\u015bci, obalaj\u0105c jednocze\u015bnie po raz kolejny mit anonimowo\u015bci w sieci.<\/p>\n<div id='gallery-1' class='gallery galleryid-7617 gallery-columns-3 gallery-size-thumbnail'><figure class='gallery-item'>\n\t\t\t<div class='gallery-icon landscape'>\n\t\t\t\t<a href='https:\/\/bibliotekamoscisko.pl\/?attachment_id=7618'><img decoding=\"async\" width=\"150\" height=\"150\" src=\"https:\/\/bibliotekamoscisko.pl\/wp-content\/uploads\/2018\/11\/46317758_2205634219713241_5754020334160314368_n-150x150.jpg\" class=\"attachment-thumbnail size-thumbnail\" alt=\"\" srcset=\"https:\/\/bibliotekamoscisko.pl\/wp-content\/uploads\/2018\/11\/46317758_2205634219713241_5754020334160314368_n-150x150.jpg 150w, https:\/\/bibliotekamoscisko.pl\/wp-content\/uploads\/2018\/11\/46317758_2205634219713241_5754020334160314368_n-2x1.jpg 2w\" sizes=\"(max-width: 150px) 100vw, 150px\" \/><\/a>\n\t\t\t<\/div><\/figure><figure class='gallery-item'>\n\t\t\t<div class='gallery-icon landscape'>\n\t\t\t\t<a href='https:\/\/bibliotekamoscisko.pl\/?attachment_id=7619'><img decoding=\"async\" width=\"150\" height=\"150\" src=\"https:\/\/bibliotekamoscisko.pl\/wp-content\/uploads\/2018\/11\/46351760_1635473269891302_3808843990992683008_n-150x150.jpg\" class=\"attachment-thumbnail size-thumbnail\" alt=\"\" srcset=\"https:\/\/bibliotekamoscisko.pl\/wp-content\/uploads\/2018\/11\/46351760_1635473269891302_3808843990992683008_n-150x150.jpg 150w, https:\/\/bibliotekamoscisko.pl\/wp-content\/uploads\/2018\/11\/46351760_1635473269891302_3808843990992683008_n-2x1.jpg 2w\" sizes=\"(max-width: 150px) 100vw, 150px\" \/><\/a>\n\t\t\t<\/div><\/figure><figure class='gallery-item'>\n\t\t\t<div class='gallery-icon landscape'>\n\t\t\t\t<a href='https:\/\/bibliotekamoscisko.pl\/?attachment_id=7620'><img loading=\"lazy\" decoding=\"async\" width=\"150\" height=\"150\" src=\"https:\/\/bibliotekamoscisko.pl\/wp-content\/uploads\/2018\/11\/46355512_1635473236557972_57594158524661760_n-150x150.jpg\" class=\"attachment-thumbnail size-thumbnail\" alt=\"\" srcset=\"https:\/\/bibliotekamoscisko.pl\/wp-content\/uploads\/2018\/11\/46355512_1635473236557972_57594158524661760_n-150x150.jpg 150w, https:\/\/bibliotekamoscisko.pl\/wp-content\/uploads\/2018\/11\/46355512_1635473236557972_57594158524661760_n-2x1.jpg 2w\" sizes=\"(max-width: 150px) 100vw, 150px\" \/><\/a>\n\t\t\t<\/div><\/figure>\n\t\t<\/div>\n\n<p>D.W.<\/p>\n","protected":false},"excerpt":{"rendered":"<p>&nbsp; Dyskusyjny Klub Filmowy &#8222;Oblicza R\u00f3\u017cnorodno\u015bci&#8221; przekroczy\u0142 granice Wroc\u0142awia. Dzi\u0119ki dofinansowaniu z Urz\u0119du Marsza\u0142kowskiego Wojew\u00f3dztwa Dolno\u015bl\u0105skiego w ramach projektu &#8222;Wielokulturowy Dolny \u015al\u0105sk&#8221; w pi\u0119ciu miejscowo\u015bciach naszego wojew\u00f3dztwa odbywaj\u0105 si\u0119 otwarte [&hellip;]<\/p>\n","protected":false},"author":1,"featured_media":0,"comment_status":"closed","ping_status":"open","sticky":false,"template":"","format":"standard","meta":{"ngg_post_thumbnail":0,"footnotes":""},"categories":[1],"tags":[],"class_list":["post-7617","post","type-post","status-publish","format-standard","hentry","category-uncategorized"],"_links":{"self":[{"href":"https:\/\/bibliotekamoscisko.pl\/index.php?rest_route=\/wp\/v2\/posts\/7617","targetHints":{"allow":["GET"]}}],"collection":[{"href":"https:\/\/bibliotekamoscisko.pl\/index.php?rest_route=\/wp\/v2\/posts"}],"about":[{"href":"https:\/\/bibliotekamoscisko.pl\/index.php?rest_route=\/wp\/v2\/types\/post"}],"author":[{"embeddable":true,"href":"https:\/\/bibliotekamoscisko.pl\/index.php?rest_route=\/wp\/v2\/users\/1"}],"replies":[{"embeddable":true,"href":"https:\/\/bibliotekamoscisko.pl\/index.php?rest_route=%2Fwp%2Fv2%2Fcomments&post=7617"}],"version-history":[{"count":1,"href":"https:\/\/bibliotekamoscisko.pl\/index.php?rest_route=\/wp\/v2\/posts\/7617\/revisions"}],"predecessor-version":[{"id":7623,"href":"https:\/\/bibliotekamoscisko.pl\/index.php?rest_route=\/wp\/v2\/posts\/7617\/revisions\/7623"}],"wp:attachment":[{"href":"https:\/\/bibliotekamoscisko.pl\/index.php?rest_route=%2Fwp%2Fv2%2Fmedia&parent=7617"}],"wp:term":[{"taxonomy":"category","embeddable":true,"href":"https:\/\/bibliotekamoscisko.pl\/index.php?rest_route=%2Fwp%2Fv2%2Fcategories&post=7617"},{"taxonomy":"post_tag","embeddable":true,"href":"https:\/\/bibliotekamoscisko.pl\/index.php?rest_route=%2Fwp%2Fv2%2Ftags&post=7617"}],"curies":[{"name":"wp","href":"https:\/\/api.w.org\/{rel}","templated":true}]}}