{"id":7677,"date":"2018-11-28T15:44:36","date_gmt":"2018-11-28T15:44:36","guid":{"rendered":"http:\/\/bibliotekamoscisko.pl\/?p=7677"},"modified":"2018-11-28T15:44:36","modified_gmt":"2018-11-28T15:44:36","slug":"muminki-w-odwiedzinach-w-pilawie-dolnej","status":"publish","type":"post","link":"https:\/\/bibliotekamoscisko.pl\/?p=7677","title":{"rendered":"Muminki w odwiedzinach w Pi\u0142awie Dolnej"},"content":{"rendered":"<ul>\n<li>23 listopada Biblioteka w Pi\u0142awie Dolnej go\u015bci\u0142a uczni\u00f3w klas I i III\u00a0 Szko\u0142y Podstawowej w Pi\u0142awie Dolnej. Celem naszego spotkania sta\u0142a si\u0119 literatura dzieci\u0119ca autorstwa Tove Jansson, jej kultowe ksi\u0105\u017cki o Muminkach. Pani Jansson by\u0142a znan\u0105 pisark\u0105, ilustratork\u0105 i rysowniczk\u0105. To ona stworzy\u0142a przezabawne trolle-Muminki, kt\u00f3re w kr\u00f3tkim czasie znane by\u0142y na ca\u0142ym \u015bwiecie.<br \/>\nUczniowie z klasy VII &#8211; Klaudia Ostrowska i Kamil Kasztelan &#8211; przeczytali dla swoich m\u0142odszych koleg\u00f3w fragmenty ksi\u0105\u017cki &#8222;Lato Mumink\u00f3w&#8221;. Wsp\u00f3lnie malowali\u015bmy wizerunek Muminka i innych bohater\u00f3w z Doliny Mumink\u00f3w. Dzieci bli\u017cej pozna\u0142y postacie wyst\u0119puj\u0105ce w opowiadaniu: Ma\u0142\u0105 Mi, Tatusia Muminka, Mam\u0119 Muminka, Pann\u0119 Migotk\u0119, czy W\u0142\u00f3czykija. W trakcie naszego spotkania, towarzyszy\u0142a nam piosenka o Muminkach oraz obejrzeli\u015bmy fragment animacji filmowej\u00a0 pt. &#8222;Wiosna Mumink\u00f3w&#8221;.<br \/>\nDzi\u0119kuj\u0119 pani Renacie Kajkowskiej oraz Joannie Mrzyg\u0142\u00f3d za pomoc przy realizacji spotkania a dzieciom za aktywno\u015b\u0107.<br \/>\nZach\u0119camy Was do przeczytania ksi\u0105\u017cek Tove Jansson o sympatycznych Muminkach i ich przyjacio\u0142ach.Dzi\u0119kuje za ciekawe pe\u0142ne optymizmu spotkanie.<\/p>\n<p><div id='gallery-1' class='gallery galleryid-7677 gallery-columns-3 gallery-size-thumbnail'><figure class='gallery-item'>\n\t\t\t<div class='gallery-icon landscape'>\n\t\t\t\t<a href='https:\/\/bibliotekamoscisko.pl\/?attachment_id=7678'><img decoding=\"async\" width=\"150\" height=\"150\" src=\"https:\/\/bibliotekamoscisko.pl\/wp-content\/uploads\/2018\/11\/IMG_3858-150x150.jpeg\" class=\"attachment-thumbnail size-thumbnail\" alt=\"\" srcset=\"https:\/\/bibliotekamoscisko.pl\/wp-content\/uploads\/2018\/11\/IMG_3858-150x150.jpeg 150w, https:\/\/bibliotekamoscisko.pl\/wp-content\/uploads\/2018\/11\/IMG_3858-1x1.jpeg 1w\" sizes=\"(max-width: 150px) 100vw, 150px\" \/><\/a>\n\t\t\t<\/div><\/figure><figure class='gallery-item'>\n\t\t\t<div class='gallery-icon landscape'>\n\t\t\t\t<a href='https:\/\/bibliotekamoscisko.pl\/?attachment_id=7679'><img decoding=\"async\" width=\"150\" height=\"150\" src=\"https:\/\/bibliotekamoscisko.pl\/wp-content\/uploads\/2018\/11\/IMG_3861-150x150.jpeg\" class=\"attachment-thumbnail size-thumbnail\" alt=\"\" srcset=\"https:\/\/bibliotekamoscisko.pl\/wp-content\/uploads\/2018\/11\/IMG_3861-150x150.jpeg 150w, https:\/\/bibliotekamoscisko.pl\/wp-content\/uploads\/2018\/11\/IMG_3861-1x1.jpeg 1w\" sizes=\"(max-width: 150px) 100vw, 150px\" \/><\/a>\n\t\t\t<\/div><\/figure><figure class='gallery-item'>\n\t\t\t<div class='gallery-icon portrait'>\n\t\t\t\t<a href='https:\/\/bibliotekamoscisko.pl\/?attachment_id=7680'><img decoding=\"async\" width=\"150\" height=\"150\" src=\"https:\/\/bibliotekamoscisko.pl\/wp-content\/uploads\/2018\/11\/IMG_3867-e1543419753453-150x150.jpeg\" class=\"attachment-thumbnail size-thumbnail\" alt=\"\" srcset=\"https:\/\/bibliotekamoscisko.pl\/wp-content\/uploads\/2018\/11\/IMG_3867-e1543419753453-150x150.jpeg 150w, https:\/\/bibliotekamoscisko.pl\/wp-content\/uploads\/2018\/11\/IMG_3867-e1543419753453-1x1.jpeg 1w\" sizes=\"(max-width: 150px) 100vw, 150px\" \/><\/a>\n\t\t\t<\/div><\/figure><figure class='gallery-item'>\n\t\t\t<div class='gallery-icon portrait'>\n\t\t\t\t<a href='https:\/\/bibliotekamoscisko.pl\/?attachment_id=7681'><img loading=\"lazy\" decoding=\"async\" width=\"150\" height=\"150\" src=\"https:\/\/bibliotekamoscisko.pl\/wp-content\/uploads\/2018\/11\/IMG_3818-e1543419745526-150x150.jpeg\" class=\"attachment-thumbnail size-thumbnail\" alt=\"\" srcset=\"https:\/\/bibliotekamoscisko.pl\/wp-content\/uploads\/2018\/11\/IMG_3818-e1543419745526-150x150.jpeg 150w, https:\/\/bibliotekamoscisko.pl\/wp-content\/uploads\/2018\/11\/IMG_3818-e1543419745526-1x1.jpeg 1w\" sizes=\"(max-width: 150px) 100vw, 150px\" \/><\/a>\n\t\t\t<\/div><\/figure><figure class='gallery-item'>\n\t\t\t<div class='gallery-icon landscape'>\n\t\t\t\t<a href='https:\/\/bibliotekamoscisko.pl\/?attachment_id=7682'><img loading=\"lazy\" decoding=\"async\" width=\"150\" height=\"150\" src=\"https:\/\/bibliotekamoscisko.pl\/wp-content\/uploads\/2018\/11\/IMG_3820-150x150.jpeg\" class=\"attachment-thumbnail size-thumbnail\" alt=\"\" srcset=\"https:\/\/bibliotekamoscisko.pl\/wp-content\/uploads\/2018\/11\/IMG_3820-150x150.jpeg 150w, https:\/\/bibliotekamoscisko.pl\/wp-content\/uploads\/2018\/11\/IMG_3820-1x1.jpeg 1w\" sizes=\"(max-width: 150px) 100vw, 150px\" \/><\/a>\n\t\t\t<\/div><\/figure><figure class='gallery-item'>\n\t\t\t<div class='gallery-icon landscape'>\n\t\t\t\t<a href='https:\/\/bibliotekamoscisko.pl\/?attachment_id=7683'><img loading=\"lazy\" decoding=\"async\" width=\"150\" height=\"150\" src=\"https:\/\/bibliotekamoscisko.pl\/wp-content\/uploads\/2018\/11\/IMG_3840-150x150.jpeg\" class=\"attachment-thumbnail size-thumbnail\" alt=\"\" srcset=\"https:\/\/bibliotekamoscisko.pl\/wp-content\/uploads\/2018\/11\/IMG_3840-150x150.jpeg 150w, https:\/\/bibliotekamoscisko.pl\/wp-content\/uploads\/2018\/11\/IMG_3840-1x1.jpeg 1w\" sizes=\"(max-width: 150px) 100vw, 150px\" \/><\/a>\n\t\t\t<\/div><\/figure>\n\t\t<\/div>\n<\/li>\n<li>W. Kun<\/li>\n<\/ul>\n","protected":false},"excerpt":{"rendered":"<p>23 listopada Biblioteka w Pi\u0142awie Dolnej go\u015bci\u0142a uczni\u00f3w klas I i III\u00a0 Szko\u0142y Podstawowej w Pi\u0142awie Dolnej. Celem naszego spotkania sta\u0142a si\u0119 literatura dzieci\u0119ca autorstwa Tove Jansson, jej kultowe ksi\u0105\u017cki [&hellip;]<\/p>\n","protected":false},"author":1,"featured_media":0,"comment_status":"closed","ping_status":"open","sticky":false,"template":"","format":"standard","meta":{"ngg_post_thumbnail":0,"footnotes":""},"categories":[1],"tags":[],"class_list":["post-7677","post","type-post","status-publish","format-standard","hentry","category-uncategorized"],"_links":{"self":[{"href":"https:\/\/bibliotekamoscisko.pl\/index.php?rest_route=\/wp\/v2\/posts\/7677","targetHints":{"allow":["GET"]}}],"collection":[{"href":"https:\/\/bibliotekamoscisko.pl\/index.php?rest_route=\/wp\/v2\/posts"}],"about":[{"href":"https:\/\/bibliotekamoscisko.pl\/index.php?rest_route=\/wp\/v2\/types\/post"}],"author":[{"embeddable":true,"href":"https:\/\/bibliotekamoscisko.pl\/index.php?rest_route=\/wp\/v2\/users\/1"}],"replies":[{"embeddable":true,"href":"https:\/\/bibliotekamoscisko.pl\/index.php?rest_route=%2Fwp%2Fv2%2Fcomments&post=7677"}],"version-history":[{"count":1,"href":"https:\/\/bibliotekamoscisko.pl\/index.php?rest_route=\/wp\/v2\/posts\/7677\/revisions"}],"predecessor-version":[{"id":7684,"href":"https:\/\/bibliotekamoscisko.pl\/index.php?rest_route=\/wp\/v2\/posts\/7677\/revisions\/7684"}],"wp:attachment":[{"href":"https:\/\/bibliotekamoscisko.pl\/index.php?rest_route=%2Fwp%2Fv2%2Fmedia&parent=7677"}],"wp:term":[{"taxonomy":"category","embeddable":true,"href":"https:\/\/bibliotekamoscisko.pl\/index.php?rest_route=%2Fwp%2Fv2%2Fcategories&post=7677"},{"taxonomy":"post_tag","embeddable":true,"href":"https:\/\/bibliotekamoscisko.pl\/index.php?rest_route=%2Fwp%2Fv2%2Ftags&post=7677"}],"curies":[{"name":"wp","href":"https:\/\/api.w.org\/{rel}","templated":true}]}}