{"id":7685,"date":"2018-11-30T16:07:10","date_gmt":"2018-11-30T16:07:10","guid":{"rendered":"http:\/\/bibliotekamoscisko.pl\/?p=7685"},"modified":"2018-12-03T13:37:24","modified_gmt":"2018-12-03T13:37:24","slug":"swiateczne-impresje-biblioteczne-2018","status":"publish","type":"post","link":"https:\/\/bibliotekamoscisko.pl\/?p=7685","title":{"rendered":"\u015awi\u0105teczne Impresje Biblioteczne 2018"},"content":{"rendered":"<h2 style=\"text-align: center;\"><strong>MO\u015aCISKO<\/strong><a href=\"http:\/\/bibliotekamoscisko.pl\/wp-content\/uploads\/2018\/11\/kalendarz.jpg\"><img fetchpriority=\"high\" decoding=\"async\" class=\"aligncenter size-full wp-image-7686\" src=\"http:\/\/bibliotekamoscisko.pl\/wp-content\/uploads\/2018\/11\/kalendarz.jpg\" alt=\"\" width=\"1034\" height=\"728\" srcset=\"https:\/\/bibliotekamoscisko.pl\/wp-content\/uploads\/2018\/11\/kalendarz.jpg 1034w, https:\/\/bibliotekamoscisko.pl\/wp-content\/uploads\/2018\/11\/kalendarz-300x211.jpg 300w, https:\/\/bibliotekamoscisko.pl\/wp-content\/uploads\/2018\/11\/kalendarz-768x541.jpg 768w, https:\/\/bibliotekamoscisko.pl\/wp-content\/uploads\/2018\/11\/kalendarz-1024x721.jpg 1024w, https:\/\/bibliotekamoscisko.pl\/wp-content\/uploads\/2018\/11\/kalendarz-1x1.jpg 1w\" sizes=\"(max-width: 1034px) 100vw, 1034px\" \/><\/a><strong>OSTROSZOWICE<\/strong><\/h2>\n<h2 style=\"text-align: center;\"><a href=\"http:\/\/bibliotekamoscisko.pl\/wp-content\/uploads\/2018\/11\/plakat-Ostro.jpg\"><img decoding=\"async\" class=\"aligncenter size-full wp-image-7687\" src=\"http:\/\/bibliotekamoscisko.pl\/wp-content\/uploads\/2018\/11\/plakat-Ostro.jpg\" alt=\"\" width=\"378\" height=\"538\" srcset=\"https:\/\/bibliotekamoscisko.pl\/wp-content\/uploads\/2018\/11\/plakat-Ostro.jpg 378w, https:\/\/bibliotekamoscisko.pl\/wp-content\/uploads\/2018\/11\/plakat-Ostro-211x300.jpg 211w, https:\/\/bibliotekamoscisko.pl\/wp-content\/uploads\/2018\/11\/plakat-Ostro-1x1.jpg 1w\" sizes=\"(max-width: 378px) 100vw, 378px\" \/><\/a><strong>UCIECH\u00d3W<\/strong><\/h2>\n<p style=\"text-align: center;\">5.12 kartki bo\u017conarodzeniowe<\/p>\n<p style=\"text-align: center;\">\u00a012.12 dekoracje \u015bwi\u0105teczne<\/p>\n<p style=\"text-align: center;\">\u00a019.12 ozdoby choinkowe<\/p>\n<p style=\"text-align: center;\">Zaj\u0119cia odbywa\u0107 si\u0119 b\u0119d\u0105 w godzinach od 15:00 do 17:00<\/p>\n<h2 style=\"text-align: center;\"><strong>TUSZYN<\/strong><\/h2>\n<table width=\"0\">\n<tbody>\n<tr>\n<td width=\"337\">4 grudnia godz. 15.00<\/td>\n<td rowspan=\"3\" width=\"98\">Zaj\u0119cia dla dzieci i m\u0142odzie\u017cy<\/td>\n<td width=\"361\">Choinka pi\u0119knie przystrojona \u2013<br \/>\nozdoby choinkowe<\/td>\n<\/tr>\n<tr>\n<td width=\"337\">11 grudnia godz. 15.00<\/td>\n<td width=\"361\">Cacka z zimnej porcelany<\/td>\n<\/tr>\n<tr>\n<td width=\"337\">18 grudnia godz. 15.00<\/td>\n<td width=\"361\">Prezenty dla najbli\u017cszych \u2013<br \/>\njak ciekawie zapakowa\u0107 upominek<\/td>\n<\/tr>\n<tr>\n<td colspan=\"3\" width=\"796\">Konkurs \u201eBo\u017conarodzeniowy Anio\u0142\u201d<\/td>\n<\/tr>\n<tr>\n<td colspan=\"3\" width=\"796\">\u201ePoczuj magi\u0119 tych \u015bwi\u0105t\u2026\u201d \u2013 wystawa ksi\u0105\u017cek dla doros\u0142ych<\/td>\n<\/tr>\n<tr>\n<td colspan=\"3\" width=\"796\">\u015awi\u0105teczne czytanie dzieciom &#8211;\u00a0 7.12, 14.12; godz. 11.15<br \/>\nw bibliotece<\/td>\n<\/tr>\n<\/tbody>\n<\/table>\n<h2 style=\"text-align: center;\"><strong>PI\u0141AWA DOLNA<\/strong><\/h2>\n<p style=\"text-align: center;\">14.12 \u2013 zaj\u0119cia pt. &#8222;Serduszkowy zawr\u00f3t g\u0142owy&#8221;<\/p>\n<p>&nbsp;<\/p>\n<h2 style=\"text-align: center;\"><strong>OWIESNO<\/strong><\/h2>\n<p style=\"text-align: center;\">Zapraszamy wszystkich ch\u0119tnych do wsp\u00f3lnego wystawienia Jase\u0142ek!<\/p>\n<p>&nbsp;<\/p>\n<h2 style=\"text-align: center;\"><strong>ROZTOCZNIK<\/strong><\/h2>\n<p style=\"text-align: center;\"><a href=\"http:\/\/bibliotekamoscisko.pl\/wp-content\/uploads\/2018\/11\/Roztocznik-impresje.jpg\"><img decoding=\"async\" class=\"aligncenter size-full wp-image-7689\" src=\"http:\/\/bibliotekamoscisko.pl\/wp-content\/uploads\/2018\/11\/Roztocznik-impresje.jpg\" alt=\"\" width=\"960\" height=\"540\" srcset=\"https:\/\/bibliotekamoscisko.pl\/wp-content\/uploads\/2018\/11\/Roztocznik-impresje.jpg 960w, https:\/\/bibliotekamoscisko.pl\/wp-content\/uploads\/2018\/11\/Roztocznik-impresje-300x169.jpg 300w, https:\/\/bibliotekamoscisko.pl\/wp-content\/uploads\/2018\/11\/Roztocznik-impresje-768x432.jpg 768w, https:\/\/bibliotekamoscisko.pl\/wp-content\/uploads\/2018\/11\/Roztocznik-impresje-2x1.jpg 2w\" sizes=\"(max-width: 960px) 100vw, 960px\" \/><\/a><\/p>\n","protected":false},"excerpt":{"rendered":"<p>MO\u015aCISKOOSTROSZOWICE UCIECH\u00d3W 5.12 kartki bo\u017conarodzeniowe \u00a012.12 dekoracje \u015bwi\u0105teczne \u00a019.12 ozdoby choinkowe Zaj\u0119cia odbywa\u0107 si\u0119 b\u0119d\u0105 w godzinach od 15:00 do 17:00 TUSZYN 4 grudnia godz. 15.00 Zaj\u0119cia dla dzieci i [&hellip;]<\/p>\n","protected":false},"author":1,"featured_media":0,"comment_status":"closed","ping_status":"open","sticky":false,"template":"","format":"standard","meta":{"ngg_post_thumbnail":0,"footnotes":""},"categories":[1],"tags":[],"class_list":["post-7685","post","type-post","status-publish","format-standard","hentry","category-uncategorized"],"_links":{"self":[{"href":"https:\/\/bibliotekamoscisko.pl\/index.php?rest_route=\/wp\/v2\/posts\/7685","targetHints":{"allow":["GET"]}}],"collection":[{"href":"https:\/\/bibliotekamoscisko.pl\/index.php?rest_route=\/wp\/v2\/posts"}],"about":[{"href":"https:\/\/bibliotekamoscisko.pl\/index.php?rest_route=\/wp\/v2\/types\/post"}],"author":[{"embeddable":true,"href":"https:\/\/bibliotekamoscisko.pl\/index.php?rest_route=\/wp\/v2\/users\/1"}],"replies":[{"embeddable":true,"href":"https:\/\/bibliotekamoscisko.pl\/index.php?rest_route=%2Fwp%2Fv2%2Fcomments&post=7685"}],"version-history":[{"count":3,"href":"https:\/\/bibliotekamoscisko.pl\/index.php?rest_route=\/wp\/v2\/posts\/7685\/revisions"}],"predecessor-version":[{"id":7691,"href":"https:\/\/bibliotekamoscisko.pl\/index.php?rest_route=\/wp\/v2\/posts\/7685\/revisions\/7691"}],"wp:attachment":[{"href":"https:\/\/bibliotekamoscisko.pl\/index.php?rest_route=%2Fwp%2Fv2%2Fmedia&parent=7685"}],"wp:term":[{"taxonomy":"category","embeddable":true,"href":"https:\/\/bibliotekamoscisko.pl\/index.php?rest_route=%2Fwp%2Fv2%2Fcategories&post=7685"},{"taxonomy":"post_tag","embeddable":true,"href":"https:\/\/bibliotekamoscisko.pl\/index.php?rest_route=%2Fwp%2Fv2%2Ftags&post=7685"}],"curies":[{"name":"wp","href":"https:\/\/api.w.org\/{rel}","templated":true}]}}