{"id":7695,"date":"2018-12-03T16:14:37","date_gmt":"2018-12-03T16:14:37","guid":{"rendered":"http:\/\/bibliotekamoscisko.pl\/?p=7695"},"modified":"2018-12-03T16:14:37","modified_gmt":"2018-12-03T16:14:37","slug":"miedzypokoleniowe-andrzejki-w-roztoczniku","status":"publish","type":"post","link":"https:\/\/bibliotekamoscisko.pl\/?p=7695","title":{"rendered":"Mi\u0119dzypokoleniowe Andrzejki w Roztoczniku"},"content":{"rendered":"<p>M\u0142odzi czytelnicy Biblioteki w Roztoczniku kolejny raz odwiedzili Dom Seniora w Roztoczniku. Mi\u0119dzypokoleniowe spotkania to dla obu stron olbrzymia<a href=\"http:\/\/bibliotekamoscisko.pl\/wp-content\/uploads\/2018\/12\/senior1.jpg\"><img fetchpriority=\"high\" decoding=\"async\" class=\"alignright size-medium wp-image-7697\" src=\"http:\/\/bibliotekamoscisko.pl\/wp-content\/uploads\/2018\/12\/senior1-300x225.jpg\" alt=\"\" width=\"300\" height=\"225\" srcset=\"https:\/\/bibliotekamoscisko.pl\/wp-content\/uploads\/2018\/12\/senior1-300x225.jpg 300w, https:\/\/bibliotekamoscisko.pl\/wp-content\/uploads\/2018\/12\/senior1-768x576.jpg 768w, https:\/\/bibliotekamoscisko.pl\/wp-content\/uploads\/2018\/12\/senior1-1024x768.jpg 1024w, https:\/\/bibliotekamoscisko.pl\/wp-content\/uploads\/2018\/12\/senior1-1x1.jpg 1w, https:\/\/bibliotekamoscisko.pl\/wp-content\/uploads\/2018\/12\/senior1.jpg 1548w\" sizes=\"(max-width: 300px) 100vw, 300px\" \/><\/a> korzy\u015b\u0107 i mile wsp\u00f3lnie sp\u0119dzone chwile.<br \/>\nJako, \u017ce rozpoczyna\u0142 si\u0119 okres Adwentu \u2013 czas refleksji i wyciszenia, chcieli\u015bmy wsp\u00f3lnie z seniorami sp\u0119dzi\u0107\u00a0 Andrzejkowe popo\u0142udnie.<br \/>\nZ tej okazji przygotowali\u015bmy kilka pokaz\u00f3w ta\u0144ca oraz tradycyjnych andrzejkowych wr\u00f3\u017cb. Przy akompaniamencie muzyk\u00f3w z zespo\u0142u G\u00f3rzanie m\u0142odzie\u017c bawi\u0142a si\u0119 integruj\u0105c z osobami starszymi.<\/p>\n<div id='gallery-1' class='gallery galleryid-7695 gallery-columns-3 gallery-size-thumbnail'><figure class='gallery-item'>\n\t\t\t<div class='gallery-icon portrait'>\n\t\t\t\t<a href='https:\/\/bibliotekamoscisko.pl\/?attachment_id=7696'><img decoding=\"async\" width=\"150\" height=\"150\" src=\"https:\/\/bibliotekamoscisko.pl\/wp-content\/uploads\/2018\/12\/senior-2-150x150.jpg\" class=\"attachment-thumbnail size-thumbnail\" alt=\"\" srcset=\"https:\/\/bibliotekamoscisko.pl\/wp-content\/uploads\/2018\/12\/senior-2-150x150.jpg 150w, https:\/\/bibliotekamoscisko.pl\/wp-content\/uploads\/2018\/12\/senior-2-1x1.jpg 1w\" sizes=\"(max-width: 150px) 100vw, 150px\" \/><\/a>\n\t\t\t<\/div><\/figure><figure class='gallery-item'>\n\t\t\t<div class='gallery-icon portrait'>\n\t\t\t\t<a href='https:\/\/bibliotekamoscisko.pl\/?attachment_id=7698'><img decoding=\"async\" width=\"150\" height=\"150\" src=\"https:\/\/bibliotekamoscisko.pl\/wp-content\/uploads\/2018\/12\/senior3-150x150.jpg\" class=\"attachment-thumbnail size-thumbnail\" alt=\"\" srcset=\"https:\/\/bibliotekamoscisko.pl\/wp-content\/uploads\/2018\/12\/senior3-150x150.jpg 150w, https:\/\/bibliotekamoscisko.pl\/wp-content\/uploads\/2018\/12\/senior3-1x1.jpg 1w\" sizes=\"(max-width: 150px) 100vw, 150px\" \/><\/a>\n\t\t\t<\/div><\/figure><figure class='gallery-item'>\n\t\t\t<div class='gallery-icon portrait'>\n\t\t\t\t<a href='https:\/\/bibliotekamoscisko.pl\/?attachment_id=7699'><img loading=\"lazy\" decoding=\"async\" width=\"150\" height=\"150\" src=\"https:\/\/bibliotekamoscisko.pl\/wp-content\/uploads\/2018\/12\/senior4-150x150.jpg\" class=\"attachment-thumbnail size-thumbnail\" alt=\"\" srcset=\"https:\/\/bibliotekamoscisko.pl\/wp-content\/uploads\/2018\/12\/senior4-150x150.jpg 150w, https:\/\/bibliotekamoscisko.pl\/wp-content\/uploads\/2018\/12\/senior4-1x1.jpg 1w\" sizes=\"(max-width: 150px) 100vw, 150px\" \/><\/a>\n\t\t\t<\/div><\/figure>\n\t\t<\/div>\n\n<p>A.M.<\/p>\n","protected":false},"excerpt":{"rendered":"<p>M\u0142odzi czytelnicy Biblioteki w Roztoczniku kolejny raz odwiedzili Dom Seniora w Roztoczniku. Mi\u0119dzypokoleniowe spotkania to dla obu stron olbrzymia korzy\u015b\u0107 i mile wsp\u00f3lnie sp\u0119dzone chwile. Jako, \u017ce rozpoczyna\u0142 si\u0119 okres [&hellip;]<\/p>\n","protected":false},"author":1,"featured_media":0,"comment_status":"closed","ping_status":"open","sticky":false,"template":"","format":"standard","meta":{"ngg_post_thumbnail":0,"footnotes":""},"categories":[1],"tags":[],"class_list":["post-7695","post","type-post","status-publish","format-standard","hentry","category-uncategorized"],"_links":{"self":[{"href":"https:\/\/bibliotekamoscisko.pl\/index.php?rest_route=\/wp\/v2\/posts\/7695","targetHints":{"allow":["GET"]}}],"collection":[{"href":"https:\/\/bibliotekamoscisko.pl\/index.php?rest_route=\/wp\/v2\/posts"}],"about":[{"href":"https:\/\/bibliotekamoscisko.pl\/index.php?rest_route=\/wp\/v2\/types\/post"}],"author":[{"embeddable":true,"href":"https:\/\/bibliotekamoscisko.pl\/index.php?rest_route=\/wp\/v2\/users\/1"}],"replies":[{"embeddable":true,"href":"https:\/\/bibliotekamoscisko.pl\/index.php?rest_route=%2Fwp%2Fv2%2Fcomments&post=7695"}],"version-history":[{"count":1,"href":"https:\/\/bibliotekamoscisko.pl\/index.php?rest_route=\/wp\/v2\/posts\/7695\/revisions"}],"predecessor-version":[{"id":7700,"href":"https:\/\/bibliotekamoscisko.pl\/index.php?rest_route=\/wp\/v2\/posts\/7695\/revisions\/7700"}],"wp:attachment":[{"href":"https:\/\/bibliotekamoscisko.pl\/index.php?rest_route=%2Fwp%2Fv2%2Fmedia&parent=7695"}],"wp:term":[{"taxonomy":"category","embeddable":true,"href":"https:\/\/bibliotekamoscisko.pl\/index.php?rest_route=%2Fwp%2Fv2%2Fcategories&post=7695"},{"taxonomy":"post_tag","embeddable":true,"href":"https:\/\/bibliotekamoscisko.pl\/index.php?rest_route=%2Fwp%2Fv2%2Ftags&post=7695"}],"curies":[{"name":"wp","href":"https:\/\/api.w.org\/{rel}","templated":true}]}}