{"id":7830,"date":"2019-01-16T11:54:00","date_gmt":"2019-01-16T11:54:00","guid":{"rendered":"http:\/\/bibliotekamoscisko.pl\/?p=7830"},"modified":"2019-01-16T11:54:00","modified_gmt":"2019-01-16T11:54:00","slug":"swiateczna-atmosfera-w-owiesnie","status":"publish","type":"post","link":"https:\/\/bibliotekamoscisko.pl\/?p=7830","title":{"rendered":"\u015awi\u0105teczna atmosfera w Owie\u015bnie"},"content":{"rendered":"<p>Stycze\u0144 w so\u0142ectwie Owiesno to czas spotka\u0144 w atmosferze \u015bwi\u0105tecznej, a biblioteka w Owie\u015bnie czynnie w\u0142\u0105czy\u0142a si\u0119 w organizacj\u0119 tych spotka\u0144. W sobot\u0119 12 stycznia na Sali wiejskiej\u00a0 spotkali si\u0119 najm\u0142odsi mieszka\u0144cy i czytelnicy podczas Zabawy Choinkowej. Na dzieci czeka\u0142o mn\u00f3stwo atrakcji &#8211;\u00a0 pocz\u0119stunek, wsp\u00f3lna zabawa, ta\u0144ce, a co najwa\u017cniejsze dzieci odwiedzi\u0142 \u015aw. Miko\u0142aj z mn\u00f3stwem prezent\u00f3w! Po spotkaniu dla najm\u0142odszych mieszka\u0144c\u00f3w przyszed\u0142 czas na senior\u00f3w, kt\u00f3rzy zgromadzili si\u0119 na sali w niedziel\u0119 13 stycznia.<\/p>\n<p>Tradycyjnie by\u0142y \u017cyczenia, pocz\u0119stunek, wr\u0119czenie upomink\u00f3w i dyplom\u00f3w przez Pani\u0105 dyrektor Justyn\u0119 Kaczorowsk\u0105 dla aktywnie czytaj\u0105cych czytelnik\u00f3w biblioteki w Owie\u015bnie. W tym roku biblioteka r\u00f3wnie\u017c przygotowa\u0142a przy ogromnej wsp\u00f3\u0142pracy Pani katechetki Eweliny Synd\u0142ak Jase\u0142ka. Wyst\u0119p dzieci by\u0142 wspania\u0142ym prezentem dla naszych senior\u00f3w, dostarczy\u0142 wielu emocji i wra\u017ce\u0144. A ca\u0142e spotkania przebieg\u0142y w przemi\u0142ej integracyjno-\u015bwi\u0105tecznej atmosferze.<\/p>\n<div id='gallery-1' class='gallery galleryid-7830 gallery-columns-3 gallery-size-thumbnail'><figure class='gallery-item'>\n\t\t\t<div class='gallery-icon portrait'>\n\t\t\t\t<a href='https:\/\/bibliotekamoscisko.pl\/?attachment_id=7831'><img decoding=\"async\" width=\"150\" height=\"150\" src=\"https:\/\/bibliotekamoscisko.pl\/wp-content\/uploads\/2019\/01\/49714019_765194467193987_3573756482144960512_n-150x150.jpg\" class=\"attachment-thumbnail size-thumbnail\" alt=\"\" srcset=\"https:\/\/bibliotekamoscisko.pl\/wp-content\/uploads\/2019\/01\/49714019_765194467193987_3573756482144960512_n-150x150.jpg 150w, https:\/\/bibliotekamoscisko.pl\/wp-content\/uploads\/2019\/01\/49714019_765194467193987_3573756482144960512_n-1x1.jpg 1w\" sizes=\"(max-width: 150px) 100vw, 150px\" \/><\/a>\n\t\t\t<\/div><\/figure><figure class='gallery-item'>\n\t\t\t<div class='gallery-icon landscape'>\n\t\t\t\t<a href='https:\/\/bibliotekamoscisko.pl\/?attachment_id=7832'><img decoding=\"async\" width=\"150\" height=\"150\" src=\"https:\/\/bibliotekamoscisko.pl\/wp-content\/uploads\/2019\/01\/49784213_765194567193977_7623998474354163712_n-150x150.jpg\" class=\"attachment-thumbnail size-thumbnail\" alt=\"\" srcset=\"https:\/\/bibliotekamoscisko.pl\/wp-content\/uploads\/2019\/01\/49784213_765194567193977_7623998474354163712_n-150x150.jpg 150w, https:\/\/bibliotekamoscisko.pl\/wp-content\/uploads\/2019\/01\/49784213_765194567193977_7623998474354163712_n-1x1.jpg 1w\" sizes=\"(max-width: 150px) 100vw, 150px\" \/><\/a>\n\t\t\t<\/div><\/figure><figure class='gallery-item'>\n\t\t\t<div class='gallery-icon landscape'>\n\t\t\t\t<a href='https:\/\/bibliotekamoscisko.pl\/?attachment_id=7833'><img decoding=\"async\" width=\"150\" height=\"150\" src=\"https:\/\/bibliotekamoscisko.pl\/wp-content\/uploads\/2019\/01\/49950012_765194663860634_5337956406836330496_n-150x150.jpg\" class=\"attachment-thumbnail size-thumbnail\" alt=\"\" srcset=\"https:\/\/bibliotekamoscisko.pl\/wp-content\/uploads\/2019\/01\/49950012_765194663860634_5337956406836330496_n-150x150.jpg 150w, https:\/\/bibliotekamoscisko.pl\/wp-content\/uploads\/2019\/01\/49950012_765194663860634_5337956406836330496_n-1x1.jpg 1w\" sizes=\"(max-width: 150px) 100vw, 150px\" \/><\/a>\n\t\t\t<\/div><\/figure><figure class='gallery-item'>\n\t\t\t<div class='gallery-icon landscape'>\n\t\t\t\t<a href='https:\/\/bibliotekamoscisko.pl\/?attachment_id=7834'><img loading=\"lazy\" decoding=\"async\" width=\"150\" height=\"150\" src=\"https:\/\/bibliotekamoscisko.pl\/wp-content\/uploads\/2019\/01\/IMG-20190112-WA0008-150x150.jpg\" class=\"attachment-thumbnail size-thumbnail\" alt=\"\" srcset=\"https:\/\/bibliotekamoscisko.pl\/wp-content\/uploads\/2019\/01\/IMG-20190112-WA0008-150x150.jpg 150w, https:\/\/bibliotekamoscisko.pl\/wp-content\/uploads\/2019\/01\/IMG-20190112-WA0008-1x1.jpg 1w\" sizes=\"(max-width: 150px) 100vw, 150px\" \/><\/a>\n\t\t\t<\/div><\/figure><figure class='gallery-item'>\n\t\t\t<div class='gallery-icon landscape'>\n\t\t\t\t<a href='https:\/\/bibliotekamoscisko.pl\/?attachment_id=7835'><img loading=\"lazy\" decoding=\"async\" width=\"150\" height=\"150\" src=\"https:\/\/bibliotekamoscisko.pl\/wp-content\/uploads\/2019\/01\/IMG-20190112-WA0010-150x150.jpg\" class=\"attachment-thumbnail size-thumbnail\" alt=\"\" srcset=\"https:\/\/bibliotekamoscisko.pl\/wp-content\/uploads\/2019\/01\/IMG-20190112-WA0010-150x150.jpg 150w, https:\/\/bibliotekamoscisko.pl\/wp-content\/uploads\/2019\/01\/IMG-20190112-WA0010-1x1.jpg 1w\" sizes=\"(max-width: 150px) 100vw, 150px\" \/><\/a>\n\t\t\t<\/div><\/figure><figure class='gallery-item'>\n\t\t\t<div class='gallery-icon landscape'>\n\t\t\t\t<a href='https:\/\/bibliotekamoscisko.pl\/?attachment_id=7836'><img loading=\"lazy\" decoding=\"async\" width=\"150\" height=\"150\" src=\"https:\/\/bibliotekamoscisko.pl\/wp-content\/uploads\/2019\/01\/IMG-20190112-WA0011-150x150.jpg\" class=\"attachment-thumbnail size-thumbnail\" alt=\"\" srcset=\"https:\/\/bibliotekamoscisko.pl\/wp-content\/uploads\/2019\/01\/IMG-20190112-WA0011-150x150.jpg 150w, https:\/\/bibliotekamoscisko.pl\/wp-content\/uploads\/2019\/01\/IMG-20190112-WA0011-1x1.jpg 1w\" sizes=\"(max-width: 150px) 100vw, 150px\" \/><\/a>\n\t\t\t<\/div><\/figure>\n\t\t<\/div>\n\n<p>Za przygotowanie obydwu spotka\u0144\u00a0 opr\u00f3cz Biblioteki, kt\u00f3ra by\u0142a g\u0142\u00f3wnym koordynatorem, odpowiedzialna by\u0142a r\u00f3wnie\u017c Rada So\u0142ecka, KGW Owiesno, Stowarzyszenie \u201eRazem dla wsi\u201d. Biblioteka dzi\u0119kuje\u00a0 szczeg\u00f3lnie Paniom \u2013 Czytelniczkom, kt\u00f3re upiek\u0142y s\u0142odko\u015bci na nasze weekendowe uroczysto\u015bci.<\/p>\n<p>J.P.<\/p>\n","protected":false},"excerpt":{"rendered":"<p>Stycze\u0144 w so\u0142ectwie Owiesno to czas spotka\u0144 w atmosferze \u015bwi\u0105tecznej, a biblioteka w Owie\u015bnie czynnie w\u0142\u0105czy\u0142a si\u0119 w organizacj\u0119 tych spotka\u0144. W sobot\u0119 12 stycznia na Sali wiejskiej\u00a0 spotkali si\u0119 [&hellip;]<\/p>\n","protected":false},"author":1,"featured_media":0,"comment_status":"closed","ping_status":"open","sticky":false,"template":"","format":"standard","meta":{"ngg_post_thumbnail":0,"footnotes":""},"categories":[1],"tags":[],"class_list":["post-7830","post","type-post","status-publish","format-standard","hentry","category-uncategorized"],"_links":{"self":[{"href":"https:\/\/bibliotekamoscisko.pl\/index.php?rest_route=\/wp\/v2\/posts\/7830","targetHints":{"allow":["GET"]}}],"collection":[{"href":"https:\/\/bibliotekamoscisko.pl\/index.php?rest_route=\/wp\/v2\/posts"}],"about":[{"href":"https:\/\/bibliotekamoscisko.pl\/index.php?rest_route=\/wp\/v2\/types\/post"}],"author":[{"embeddable":true,"href":"https:\/\/bibliotekamoscisko.pl\/index.php?rest_route=\/wp\/v2\/users\/1"}],"replies":[{"embeddable":true,"href":"https:\/\/bibliotekamoscisko.pl\/index.php?rest_route=%2Fwp%2Fv2%2Fcomments&post=7830"}],"version-history":[{"count":1,"href":"https:\/\/bibliotekamoscisko.pl\/index.php?rest_route=\/wp\/v2\/posts\/7830\/revisions"}],"predecessor-version":[{"id":7837,"href":"https:\/\/bibliotekamoscisko.pl\/index.php?rest_route=\/wp\/v2\/posts\/7830\/revisions\/7837"}],"wp:attachment":[{"href":"https:\/\/bibliotekamoscisko.pl\/index.php?rest_route=%2Fwp%2Fv2%2Fmedia&parent=7830"}],"wp:term":[{"taxonomy":"category","embeddable":true,"href":"https:\/\/bibliotekamoscisko.pl\/index.php?rest_route=%2Fwp%2Fv2%2Fcategories&post=7830"},{"taxonomy":"post_tag","embeddable":true,"href":"https:\/\/bibliotekamoscisko.pl\/index.php?rest_route=%2Fwp%2Fv2%2Ftags&post=7830"}],"curies":[{"name":"wp","href":"https:\/\/api.w.org\/{rel}","templated":true}]}}