{"id":7902,"date":"2019-01-22T13:06:30","date_gmt":"2019-01-22T13:06:30","guid":{"rendered":"http:\/\/bibliotekamoscisko.pl\/?p=7902"},"modified":"2019-01-23T14:18:22","modified_gmt":"2019-01-23T14:18:22","slug":"ferie-w-bibliotekach-2","status":"publish","type":"post","link":"https:\/\/bibliotekamoscisko.pl\/?p=7902","title":{"rendered":"Ferie w bibliotekach"},"content":{"rendered":"<p>&nbsp;<\/p>\n<h2 style=\"text-align: center;\"><strong>MO\u015aCISKO<\/strong><\/h2>\n<h2 style=\"text-align: center;\"><a href=\"http:\/\/bibliotekamoscisko.pl\/wp-content\/uploads\/2019\/01\/bal-plakat.jpg\">Podczas ferii biblioteka b\u0119dzie czynna w godz. od 9.00 do 16.00<\/a><\/h2>\n<h2 style=\"text-align: center;\"><a href=\"http:\/\/bibliotekamoscisko.pl\/wp-content\/uploads\/2019\/01\/plakat.jpg\"><img fetchpriority=\"high\" decoding=\"async\" class=\"aligncenter size-full wp-image-7903\" src=\"http:\/\/bibliotekamoscisko.pl\/wp-content\/uploads\/2019\/01\/plakat.jpg\" alt=\"\" width=\"550\" height=\"782\" srcset=\"https:\/\/bibliotekamoscisko.pl\/wp-content\/uploads\/2019\/01\/plakat.jpg 550w, https:\/\/bibliotekamoscisko.pl\/wp-content\/uploads\/2019\/01\/plakat-211x300.jpg 211w, https:\/\/bibliotekamoscisko.pl\/wp-content\/uploads\/2019\/01\/plakat-1x1.jpg 1w\" sizes=\"(max-width: 550px) 100vw, 550px\" \/><\/a><a href=\"http:\/\/bibliotekamoscisko.pl\/wp-content\/uploads\/2019\/01\/bal-plakat.jpg\"><img decoding=\"async\" class=\"aligncenter size-full wp-image-7904\" src=\"http:\/\/bibliotekamoscisko.pl\/wp-content\/uploads\/2019\/01\/bal-plakat.jpg\" alt=\"\" width=\"524\" height=\"750\" srcset=\"https:\/\/bibliotekamoscisko.pl\/wp-content\/uploads\/2019\/01\/bal-plakat.jpg 524w, https:\/\/bibliotekamoscisko.pl\/wp-content\/uploads\/2019\/01\/bal-plakat-210x300.jpg 210w, https:\/\/bibliotekamoscisko.pl\/wp-content\/uploads\/2019\/01\/bal-plakat-1x1.jpg 1w\" sizes=\"(max-width: 524px) 100vw, 524px\" \/><\/a><a href=\"http:\/\/bibliotekamoscisko.pl\/wp-content\/uploads\/2019\/01\/MRG-walentynki.jpg\"><img decoding=\"async\" class=\"aligncenter size-full wp-image-7905\" src=\"http:\/\/bibliotekamoscisko.pl\/wp-content\/uploads\/2019\/01\/MRG-walentynki.jpg\" alt=\"\" width=\"518\" height=\"728\" srcset=\"https:\/\/bibliotekamoscisko.pl\/wp-content\/uploads\/2019\/01\/MRG-walentynki.jpg 518w, https:\/\/bibliotekamoscisko.pl\/wp-content\/uploads\/2019\/01\/MRG-walentynki-213x300.jpg 213w, https:\/\/bibliotekamoscisko.pl\/wp-content\/uploads\/2019\/01\/MRG-walentynki-1x1.jpg 1w\" sizes=\"(max-width: 518px) 100vw, 518px\" \/>OSTROSZOWICE<\/a><\/h2>\n<p><a href=\"http:\/\/bibliotekamoscisko.pl\/wp-content\/uploads\/2019\/01\/Ostroszowice.jpg\"><img loading=\"lazy\" decoding=\"async\" class=\"aligncenter size-full wp-image-7932\" src=\"http:\/\/bibliotekamoscisko.pl\/wp-content\/uploads\/2019\/01\/Ostroszowice.jpg\" alt=\"\" width=\"679\" height=\"960\" srcset=\"https:\/\/bibliotekamoscisko.pl\/wp-content\/uploads\/2019\/01\/Ostroszowice.jpg 679w, https:\/\/bibliotekamoscisko.pl\/wp-content\/uploads\/2019\/01\/Ostroszowice-212x300.jpg 212w, https:\/\/bibliotekamoscisko.pl\/wp-content\/uploads\/2019\/01\/Ostroszowice-1x1.jpg 1w\" sizes=\"(max-width: 679px) 100vw, 679px\" \/><\/a><\/p>\n<h2 style=\"text-align: center;\"><a href=\"http:\/\/bibliotekamoscisko.pl\/wp-content\/uploads\/2019\/01\/MRG-walentynki.jpg\">TUSZYN<\/a><a href=\"http:\/\/bibliotekamoscisko.pl\/wp-content\/uploads\/2019\/01\/Tuszyn.jpg\"><img loading=\"lazy\" decoding=\"async\" class=\"aligncenter size-full wp-image-7906\" src=\"http:\/\/bibliotekamoscisko.pl\/wp-content\/uploads\/2019\/01\/Tuszyn.jpg\" alt=\"\" width=\"370\" height=\"525\" srcset=\"https:\/\/bibliotekamoscisko.pl\/wp-content\/uploads\/2019\/01\/Tuszyn.jpg 370w, https:\/\/bibliotekamoscisko.pl\/wp-content\/uploads\/2019\/01\/Tuszyn-211x300.jpg 211w, https:\/\/bibliotekamoscisko.pl\/wp-content\/uploads\/2019\/01\/Tuszyn-1x1.jpg 1w\" sizes=\"(max-width: 370px) 100vw, 370px\" \/><\/a><\/h2>\n<h2 style=\"text-align: center;\">PI\u0141AWA DOLNA<\/h2>\n<h2 style=\"text-align: center;\"><a href=\"http:\/\/bibliotekamoscisko.pl\/wp-content\/uploads\/2019\/01\/Pi\u0142awa.jpg\"><img loading=\"lazy\" decoding=\"async\" class=\"aligncenter size-large wp-image-7907\" src=\"http:\/\/bibliotekamoscisko.pl\/wp-content\/uploads\/2019\/01\/Pi\u0142awa-735x1024.jpg\" alt=\"\" width=\"654\" height=\"911\" srcset=\"https:\/\/bibliotekamoscisko.pl\/wp-content\/uploads\/2019\/01\/Pi\u0142awa-735x1024.jpg 735w, https:\/\/bibliotekamoscisko.pl\/wp-content\/uploads\/2019\/01\/Pi\u0142awa-215x300.jpg 215w, https:\/\/bibliotekamoscisko.pl\/wp-content\/uploads\/2019\/01\/Pi\u0142awa-768x1070.jpg 768w, https:\/\/bibliotekamoscisko.pl\/wp-content\/uploads\/2019\/01\/Pi\u0142awa-1x1.jpg 1w\" sizes=\"(max-width: 654px) 100vw, 654px\" \/><strong>OWIESNO<\/strong><\/a><\/h2>\n<p><a href=\"http:\/\/bibliotekamoscisko.pl\/wp-content\/uploads\/2019\/01\/Owiesno.jpg\"><img loading=\"lazy\" decoding=\"async\" class=\"aligncenter size-large wp-image-7934\" src=\"http:\/\/bibliotekamoscisko.pl\/wp-content\/uploads\/2019\/01\/Owiesno-1024x701.jpg\" alt=\"\" width=\"654\" height=\"448\" srcset=\"https:\/\/bibliotekamoscisko.pl\/wp-content\/uploads\/2019\/01\/Owiesno-1024x701.jpg 1024w, https:\/\/bibliotekamoscisko.pl\/wp-content\/uploads\/2019\/01\/Owiesno-300x205.jpg 300w, https:\/\/bibliotekamoscisko.pl\/wp-content\/uploads\/2019\/01\/Owiesno-768x526.jpg 768w, https:\/\/bibliotekamoscisko.pl\/wp-content\/uploads\/2019\/01\/Owiesno-1x1.jpg 1w, https:\/\/bibliotekamoscisko.pl\/wp-content\/uploads\/2019\/01\/Owiesno.jpg 1096w\" sizes=\"(max-width: 654px) 100vw, 654px\" \/><\/a><\/p>\n<h2 style=\"text-align: center;\"><strong>ROZTOCZNIK<\/strong><\/h2>\n<p><a href=\"http:\/\/bibliotekamoscisko.pl\/wp-content\/uploads\/2019\/01\/Roztocznik.jpg\"><img loading=\"lazy\" decoding=\"async\" class=\"aligncenter size-large wp-image-7908\" src=\"http:\/\/bibliotekamoscisko.pl\/wp-content\/uploads\/2019\/01\/Roztocznik-1024x576.jpg\" alt=\"\" width=\"654\" height=\"368\" srcset=\"https:\/\/bibliotekamoscisko.pl\/wp-content\/uploads\/2019\/01\/Roztocznik-1024x576.jpg 1024w, https:\/\/bibliotekamoscisko.pl\/wp-content\/uploads\/2019\/01\/Roztocznik-300x169.jpg 300w, https:\/\/bibliotekamoscisko.pl\/wp-content\/uploads\/2019\/01\/Roztocznik-768x432.jpg 768w, https:\/\/bibliotekamoscisko.pl\/wp-content\/uploads\/2019\/01\/Roztocznik-2x1.jpg 2w, https:\/\/bibliotekamoscisko.pl\/wp-content\/uploads\/2019\/01\/Roztocznik.jpg 1280w\" sizes=\"(max-width: 654px) 100vw, 654px\" \/><\/a><\/p>\n","protected":false},"excerpt":{"rendered":"<p>&nbsp; MO\u015aCISKO Podczas ferii biblioteka b\u0119dzie czynna w godz. od 9.00 do 16.00 OSTROSZOWICE TUSZYN PI\u0141AWA DOLNA OWIESNO ROZTOCZNIK<\/p>\n","protected":false},"author":1,"featured_media":0,"comment_status":"closed","ping_status":"open","sticky":false,"template":"","format":"standard","meta":{"ngg_post_thumbnail":0,"footnotes":""},"categories":[1],"tags":[],"class_list":["post-7902","post","type-post","status-publish","format-standard","hentry","category-uncategorized"],"_links":{"self":[{"href":"https:\/\/bibliotekamoscisko.pl\/index.php?rest_route=\/wp\/v2\/posts\/7902","targetHints":{"allow":["GET"]}}],"collection":[{"href":"https:\/\/bibliotekamoscisko.pl\/index.php?rest_route=\/wp\/v2\/posts"}],"about":[{"href":"https:\/\/bibliotekamoscisko.pl\/index.php?rest_route=\/wp\/v2\/types\/post"}],"author":[{"embeddable":true,"href":"https:\/\/bibliotekamoscisko.pl\/index.php?rest_route=\/wp\/v2\/users\/1"}],"replies":[{"embeddable":true,"href":"https:\/\/bibliotekamoscisko.pl\/index.php?rest_route=%2Fwp%2Fv2%2Fcomments&post=7902"}],"version-history":[{"count":7,"href":"https:\/\/bibliotekamoscisko.pl\/index.php?rest_route=\/wp\/v2\/posts\/7902\/revisions"}],"predecessor-version":[{"id":7937,"href":"https:\/\/bibliotekamoscisko.pl\/index.php?rest_route=\/wp\/v2\/posts\/7902\/revisions\/7937"}],"wp:attachment":[{"href":"https:\/\/bibliotekamoscisko.pl\/index.php?rest_route=%2Fwp%2Fv2%2Fmedia&parent=7902"}],"wp:term":[{"taxonomy":"category","embeddable":true,"href":"https:\/\/bibliotekamoscisko.pl\/index.php?rest_route=%2Fwp%2Fv2%2Fcategories&post=7902"},{"taxonomy":"post_tag","embeddable":true,"href":"https:\/\/bibliotekamoscisko.pl\/index.php?rest_route=%2Fwp%2Fv2%2Ftags&post=7902"}],"curies":[{"name":"wp","href":"https:\/\/api.w.org\/{rel}","templated":true}]}}