{"id":792,"date":"2014-09-09T09:37:07","date_gmt":"2014-09-09T09:37:07","guid":{"rendered":"http:\/\/bibliotekamoscisko.pl\/?p=792"},"modified":"2014-09-09T09:37:07","modified_gmt":"2014-09-09T09:37:07","slug":"narodowe-czytanie-w-ostroszowicach-pokrzepilo-nasze-serca","status":"publish","type":"post","link":"https:\/\/bibliotekamoscisko.pl\/?p=792","title":{"rendered":"Narodowe Czytanie w Ostroszowicach pokrzepi\u0142o nasze serca"},"content":{"rendered":"<p>Biblioteka Publiczno-Szkolna w Ostroszowicach w dniu 6 wrze\u015bnia zaprosi\u0142a mieszka\u0144c\u00f3w na Narodowe Czytanie.<br \/>\nTego dnia z lubo\u015bci\u0105 ws\u0142uchali\u015bmy si\u0119 we fragmenty ,,Trylogii&#8221; Henryka Sienkiewicza.<br \/>\nTo wyj\u0105tkowe spotkanie zosta\u0142o przygotowane przez Salonik Kobiet Ambitnych, Dyskusyjny Klub Ksi\u0105\u017cki oraz Zesp\u00f3\u0142 Szkolno-Przedszkolny .<br \/>\nDzi\u0119ki zaanga\u017cowaniu wielu os\u00f3b czytanie mia\u0142o charakter sentymentalnego spotkania w rodzinnym gronie.<br \/>\nNiezwyk\u0142a aran\u017cacja biblioteki, nastrojowe t\u0142o muzyczne oraz osoby w strojach z r\u00f3\u017cnych epok historycznych<br \/>\nwprowadzi\u0142y uczestnik\u00f3w w zadum\u0119 i podziw dla tw\u00f3rczo\u015bci uznanego noblisty.<br \/>\nMocno te\u017c odezwa\u0142y si\u0119 uczucia patriotyczne podczas \u015bpiewania piosenek z narodowego \u015bpiewnika.<br \/>\nDodatkowej powagi naszemu spotkaniu doda\u0142a obecno\u015b\u0107 w\u00f3jta Gminy Dzier\u017coni\u00f3w Pana Marka Chmielewskiego,<br \/>\noraz dyrektora Zespo\u0142u Szkolno- Przedszkolnego w Ostroszowicach Pani Urszuli Zaj\u0105c ,<br \/>\nkt\u00f3rzy tak\u017ce odczytali fragmenty sienkiewiczowskiej powie\u015bci.<\/p>\n<div id='gallery-1' class='gallery galleryid-792 gallery-columns-3 gallery-size-thumbnail'><figure class='gallery-item'>\n\t\t\t<div class='gallery-icon portrait'>\n\t\t\t\t<a href='https:\/\/bibliotekamoscisko.pl\/?attachment_id=794'><img decoding=\"async\" width=\"150\" height=\"150\" src=\"https:\/\/bibliotekamoscisko.pl\/wp-content\/uploads\/2014\/09\/IMG_5470-150x150.jpeg\" class=\"attachment-thumbnail size-thumbnail\" alt=\"\" \/><\/a>\n\t\t\t<\/div><\/figure><figure class='gallery-item'>\n\t\t\t<div class='gallery-icon portrait'>\n\t\t\t\t<a href='https:\/\/bibliotekamoscisko.pl\/?attachment_id=795'><img decoding=\"async\" width=\"150\" height=\"150\" src=\"https:\/\/bibliotekamoscisko.pl\/wp-content\/uploads\/2014\/09\/IMG_5509-150x150.jpeg\" class=\"attachment-thumbnail size-thumbnail\" alt=\"\" \/><\/a>\n\t\t\t<\/div><\/figure><figure class='gallery-item'>\n\t\t\t<div class='gallery-icon landscape'>\n\t\t\t\t<a href='https:\/\/bibliotekamoscisko.pl\/?attachment_id=799'><img decoding=\"async\" width=\"150\" height=\"150\" src=\"https:\/\/bibliotekamoscisko.pl\/wp-content\/uploads\/2014\/09\/IMG_5546-150x150.jpeg\" class=\"attachment-thumbnail size-thumbnail\" alt=\"\" \/><\/a>\n\t\t\t<\/div><\/figure><figure class='gallery-item'>\n\t\t\t<div class='gallery-icon landscape'>\n\t\t\t\t<a href='https:\/\/bibliotekamoscisko.pl\/?attachment_id=801'><img loading=\"lazy\" decoding=\"async\" width=\"150\" height=\"150\" src=\"https:\/\/bibliotekamoscisko.pl\/wp-content\/uploads\/2014\/09\/IMG_5562-150x150.jpeg\" class=\"attachment-thumbnail size-thumbnail\" alt=\"\" \/><\/a>\n\t\t\t<\/div><\/figure>\n\t\t<\/div>\n\n<p>Udzia\u0142 w Narodowym Czytaniu pokrzepi\u0142 nasze serca.<br \/>\nDo zobaczenia za rok.<br \/>\nWsp\u00f3lnie przeczytamy,,Lalk\u0119&#8221; Boles\u0142awa Prusa.<\/p>\n<p>Maria Kirkiewicz<\/p>\n","protected":false},"excerpt":{"rendered":"<p>Biblioteka Publiczno-Szkolna w Ostroszowicach w dniu 6 wrze\u015bnia zaprosi\u0142a mieszka\u0144c\u00f3w na Narodowe Czytanie. Tego dnia z lubo\u015bci\u0105 ws\u0142uchali\u015bmy si\u0119 we fragmenty ,,Trylogii&#8221; Henryka Sienkiewicza. To wyj\u0105tkowe spotkanie zosta\u0142o przygotowane przez [&hellip;]<\/p>\n","protected":false},"author":1,"featured_media":0,"comment_status":"closed","ping_status":"open","sticky":false,"template":"","format":"standard","meta":{"ngg_post_thumbnail":0,"footnotes":""},"categories":[1],"tags":[],"class_list":["post-792","post","type-post","status-publish","format-standard","hentry","category-uncategorized"],"_links":{"self":[{"href":"https:\/\/bibliotekamoscisko.pl\/index.php?rest_route=\/wp\/v2\/posts\/792","targetHints":{"allow":["GET"]}}],"collection":[{"href":"https:\/\/bibliotekamoscisko.pl\/index.php?rest_route=\/wp\/v2\/posts"}],"about":[{"href":"https:\/\/bibliotekamoscisko.pl\/index.php?rest_route=\/wp\/v2\/types\/post"}],"author":[{"embeddable":true,"href":"https:\/\/bibliotekamoscisko.pl\/index.php?rest_route=\/wp\/v2\/users\/1"}],"replies":[{"embeddable":true,"href":"https:\/\/bibliotekamoscisko.pl\/index.php?rest_route=%2Fwp%2Fv2%2Fcomments&post=792"}],"version-history":[{"count":1,"href":"https:\/\/bibliotekamoscisko.pl\/index.php?rest_route=\/wp\/v2\/posts\/792\/revisions"}],"predecessor-version":[{"id":802,"href":"https:\/\/bibliotekamoscisko.pl\/index.php?rest_route=\/wp\/v2\/posts\/792\/revisions\/802"}],"wp:attachment":[{"href":"https:\/\/bibliotekamoscisko.pl\/index.php?rest_route=%2Fwp%2Fv2%2Fmedia&parent=792"}],"wp:term":[{"taxonomy":"category","embeddable":true,"href":"https:\/\/bibliotekamoscisko.pl\/index.php?rest_route=%2Fwp%2Fv2%2Fcategories&post=792"},{"taxonomy":"post_tag","embeddable":true,"href":"https:\/\/bibliotekamoscisko.pl\/index.php?rest_route=%2Fwp%2Fv2%2Ftags&post=792"}],"curies":[{"name":"wp","href":"https:\/\/api.w.org\/{rel}","templated":true}]}}