{"id":7945,"date":"2019-01-24T10:14:41","date_gmt":"2019-01-24T10:14:41","guid":{"rendered":"http:\/\/bibliotekamoscisko.pl\/?p=7945"},"modified":"2019-01-24T10:14:41","modified_gmt":"2019-01-24T10:14:41","slug":"stereotyp-jest-zawsze-plaski-nie-stereo","status":"publish","type":"post","link":"https:\/\/bibliotekamoscisko.pl\/?p=7945","title":{"rendered":"\u201eStereotyp jest zawsze p\u0142aski, nie stereo\u201d"},"content":{"rendered":"<p style=\"text-align: center;\"><strong>R\u00f3\u017cowa walizka, czyli pot\u0119ga stereotyp\u00f3w<a href=\"http:\/\/bibliotekamoscisko.pl\/wp-content\/uploads\/2018\/04\/logo-male.jpg\"><img decoding=\"async\" class=\"alignright size-full wp-image-6553\" src=\"http:\/\/bibliotekamoscisko.pl\/wp-content\/uploads\/2018\/04\/logo-male.jpg\" alt=\"\" width=\"202\" height=\"194\" srcset=\"https:\/\/bibliotekamoscisko.pl\/wp-content\/uploads\/2018\/04\/logo-male.jpg 202w, https:\/\/bibliotekamoscisko.pl\/wp-content\/uploads\/2018\/04\/logo-male-1x1.jpg 1w\" sizes=\"(max-width: 202px) 100vw, 202px\" \/><\/a><\/strong><\/p>\n<p>Niebieski kolor dla ch\u0142opca, r\u00f3\u017cowy dla dziewczynki. Ch\u0142opcy nie p\u0142acz\u0105, dziewczynka ma by\u0107 cicha i grzeczna. Od najm\u0142odszych lat si\u0142a stereotyp\u00f3w wt\u0142acza nas w obowi\u0105zuj\u0105ce normy. A mo\u017ce warto nieco inaczej spojrze\u0107 na rzeczywisto\u015b\u0107? Ch\u0142opiec bawi\u0105cy si\u0119 lalkami, dziewczynka samochodem. Dziewczynka graj\u0105ca w pi\u0142k\u0119 no\u017cn\u0105 a ch\u0142opiec podr\u00f3\u017cuj\u0105cy z r\u00f3\u017cow\u0105 walizk\u0105? Na spotkaniu DKK 24 stycznia pr\u00f3bowali\u015bmy rozmawia\u0107 m. in. o naszych ulubionych zabawach i zabawkach poznaj\u0105c ksi\u0105\u017ck\u0119 Susie Morgenstern \u201eR\u00f3\u017cowa walizka\u201d. Ekscentryczny prezent dla malutkiego Beniamina od jego babci budzi dezaprobat\u0119 w rodzinnym gronie i niek\u0142amany zachwyt w dziecku.\u00a0 Beniamin i jego babcia udowadniaj\u0105, \u017ce czasem trzeba wyj\u015b\u0107 poza schemat. Dzi\u0119ki temu mamy szans\u0119 na szcz\u0119\u015bliwe i kolorowe \u017cycie. Uczniowie klasy V z Zespo\u0142u Szkolno-Przedszkolnego w Mo\u015bcisku szukali stereotyp\u00f3w w klasie i\u00a0 szkole. Okaza\u0142o si\u0119, \u017ce kujon nie ma samych pi\u0105tek i nie uczy si\u0119 ci\u0105gle a w klasie ocenianej jako leniwa mo\u017ce by\u0107 zaledwie trzech nieco mniej przyk\u0142adaj\u0105cych si\u0119 do nauki uczni\u00f3w.<br \/>\nPrzyjrzeli\u015bmy si\u0119 tak\u017ce ilustracjom do <em>R\u00f3\u017cowej walizki<\/em>. Te proste, szybkie kreski S. Bloch podkre\u015blaj\u0105 ka\u017cd\u0105 scen\u0119, w kt\u00f3rej pojawia si\u0119 r\u00f3\u017cowa walizka &#8211; \u00a0jedyny w tej ksi\u0105\u017cce tak wyrazisty i kolorowy element. To w\u0142a\u015bnie ona wyznaczy\u0142a kierunek w \u017cyciu Beniamina, dodawa\u0142a si\u0142 i pozwoli\u0142a na b\u0142\u0119dy i pora\u017cki, b\u0119d\u0105c jednocze\u015bnie \u015bwiadkiem sukces\u00f3w. \u00a0\u201eStereotyp jest zawsze p\u0142aski, nie stereo\u201d\u00a0 &#8211; m\u00f3wi Lech Konopi\u0144ski. Warto o tym pami\u0119ta\u0107.<\/p>\n<p style=\"text-align: left;\">\u00a0\u00a0\u00a0\u00a0\u00a0\u00a0\u00a0\u00a0\u00a0\u00a0\u00a0\u00a0\u00a0\u00a0\u00a0\u00a0\u00a0\u00a0\u00a0\u00a0\u00a0\u00a0\u00a0\u00a0\u00a0\u00a0\u00a0\u00a0\u00a0\u00a0\u00a0\u00a0\u00a0\u00a0\u00a0\u00a0\u00a0\u00a0\u00a0\u00a0\u00a0\u00a0\u00a0\u00a0\u00a0\u00a0\u00a0\u00a0\u00a0\u00a0\u00a0\u00a0 \u00a0\u00a0\u00a0\u00a0\u00a0\u00a0\u00a0\u00a0<a href=\"http:\/\/bibliotekamoscisko.pl\/wp-content\/uploads\/2019\/01\/r\u00f3\u017cowa-walizka.jpg\"><img fetchpriority=\"high\" decoding=\"async\" class=\"aligncenter wp-image-7946 size-medium\" src=\"http:\/\/bibliotekamoscisko.pl\/wp-content\/uploads\/2019\/01\/r\u00f3\u017cowa-walizka-300x224.jpg\" alt=\"\" width=\"300\" height=\"224\" srcset=\"https:\/\/bibliotekamoscisko.pl\/wp-content\/uploads\/2019\/01\/r\u00f3\u017cowa-walizka-300x224.jpg 300w, https:\/\/bibliotekamoscisko.pl\/wp-content\/uploads\/2019\/01\/r\u00f3\u017cowa-walizka-768x573.jpg 768w, https:\/\/bibliotekamoscisko.pl\/wp-content\/uploads\/2019\/01\/r\u00f3\u017cowa-walizka-1x1.jpg 1w, https:\/\/bibliotekamoscisko.pl\/wp-content\/uploads\/2019\/01\/r\u00f3\u017cowa-walizka.jpg 960w\" sizes=\"(max-width: 300px) 100vw, 300px\" \/><\/a><\/p>\n<p style=\"text-align: center;\">\u017bycz\u0119 wszystkim klubowiczom r\u00f3\u017cowej walizki, kt\u00f3ra doda odwagi do kroczenia swoj\u0105 w\u0142asn\u0105 drog\u0105 i nauczy tolerancji.<\/p>\n<p>D.W.<\/p>\n","protected":false},"excerpt":{"rendered":"<p>R\u00f3\u017cowa walizka, czyli pot\u0119ga stereotyp\u00f3w Niebieski kolor dla ch\u0142opca, r\u00f3\u017cowy dla dziewczynki. Ch\u0142opcy nie p\u0142acz\u0105, dziewczynka ma by\u0107 cicha i grzeczna. Od najm\u0142odszych lat si\u0142a stereotyp\u00f3w wt\u0142acza nas w obowi\u0105zuj\u0105ce [&hellip;]<\/p>\n","protected":false},"author":1,"featured_media":0,"comment_status":"closed","ping_status":"open","sticky":false,"template":"","format":"standard","meta":{"ngg_post_thumbnail":0,"footnotes":""},"categories":[1],"tags":[],"class_list":["post-7945","post","type-post","status-publish","format-standard","hentry","category-uncategorized"],"_links":{"self":[{"href":"https:\/\/bibliotekamoscisko.pl\/index.php?rest_route=\/wp\/v2\/posts\/7945","targetHints":{"allow":["GET"]}}],"collection":[{"href":"https:\/\/bibliotekamoscisko.pl\/index.php?rest_route=\/wp\/v2\/posts"}],"about":[{"href":"https:\/\/bibliotekamoscisko.pl\/index.php?rest_route=\/wp\/v2\/types\/post"}],"author":[{"embeddable":true,"href":"https:\/\/bibliotekamoscisko.pl\/index.php?rest_route=\/wp\/v2\/users\/1"}],"replies":[{"embeddable":true,"href":"https:\/\/bibliotekamoscisko.pl\/index.php?rest_route=%2Fwp%2Fv2%2Fcomments&post=7945"}],"version-history":[{"count":5,"href":"https:\/\/bibliotekamoscisko.pl\/index.php?rest_route=\/wp\/v2\/posts\/7945\/revisions"}],"predecessor-version":[{"id":7951,"href":"https:\/\/bibliotekamoscisko.pl\/index.php?rest_route=\/wp\/v2\/posts\/7945\/revisions\/7951"}],"wp:attachment":[{"href":"https:\/\/bibliotekamoscisko.pl\/index.php?rest_route=%2Fwp%2Fv2%2Fmedia&parent=7945"}],"wp:term":[{"taxonomy":"category","embeddable":true,"href":"https:\/\/bibliotekamoscisko.pl\/index.php?rest_route=%2Fwp%2Fv2%2Fcategories&post=7945"},{"taxonomy":"post_tag","embeddable":true,"href":"https:\/\/bibliotekamoscisko.pl\/index.php?rest_route=%2Fwp%2Fv2%2Ftags&post=7945"}],"curies":[{"name":"wp","href":"https:\/\/api.w.org\/{rel}","templated":true}]}}