{"id":803,"date":"2014-09-09T10:26:27","date_gmt":"2014-09-09T10:26:27","guid":{"rendered":"http:\/\/bibliotekamoscisko.pl\/?p=803"},"modified":"2014-09-09T10:26:27","modified_gmt":"2014-09-09T10:26:27","slug":"narodowe-czytanie-w-plenerze","status":"publish","type":"post","link":"https:\/\/bibliotekamoscisko.pl\/?p=803","title":{"rendered":"Narodowe Czytanie w plenerze"},"content":{"rendered":"<p>6 wrze\u015bnia Biblioteka w Mo\u015bcisku przy\u0142\u0105czy\u0142a si\u0119 do akcji Narodowego Czytania \u201eTrylogii\u201d Henryka Sienkiewicza, pod patronatem Prezydenta RP Bronis\u0142awa Komorowskiego.\u00a0 Razem z Zespo\u0142em Szkolno-Przedszkolnym oraz Stowarzyszeniem \u201ePrzysta\u0144 Mo\u015bcisko\u201d \u00a0urz\u0105dzili\u015bmy nasz\u0105 przeno\u015bn\u0105 czytelni\u0119 nad stawami\u00a0 w Mo\u015bcisku. \u00a0W pi\u0119knej scenerii, pokrzepieni zar\u00f3wno s\u0142owem jak i pocz\u0119stunkiem, zebrani uczestnicy czytali i s\u0142uchali fragment\u00f3w \u201ePotopu\u201d. \u00a0Z ka\u017cd\u0105 chwil\u0105 przybywa\u0142o ch\u0119tnych, kt\u00f3rzy nie bacz\u0105c na roje krwio\u017cerczych komar\u00f3w oraz k\u0142opoty z nieco opornym j\u0119zykiem, delektowali si\u0119 wsp\u00f3lna lektur\u0105. Dopiero po d\u0142u\u017cszej chwili zauwa\u017cyli\u015bmy, \u017ce r\u00f3wnie\u017c i nam grozi ma\u0142y potop-szybkimi krokami nad nasz\u0105 przeno\u015bn\u0105 czytelni\u0119 zbli\u017cy\u0142a si\u0119 bowiem burza. Deszcz i grzmoty zmusi\u0142y nas do odwrotu ale \u201enic to\u201d, jak mawia\u0142 Ma\u0142y Rycerz \u2013 za rok kolejna ods\u0142ona Narodowego Czytania. Do zobaczenia!<\/p>\n<div id='gallery-1' class='gallery galleryid-803 gallery-columns-3 gallery-size-thumbnail'><figure class='gallery-item'>\n\t\t\t<div class='gallery-icon landscape'>\n\t\t\t\t<a href='https:\/\/bibliotekamoscisko.pl\/?attachment_id=807'><img decoding=\"async\" width=\"150\" height=\"150\" src=\"https:\/\/bibliotekamoscisko.pl\/wp-content\/uploads\/2014\/09\/NC3-150x150.jpg\" class=\"attachment-thumbnail size-thumbnail\" alt=\"\" \/><\/a>\n\t\t\t<\/div><\/figure><figure class='gallery-item'>\n\t\t\t<div class='gallery-icon portrait'>\n\t\t\t\t<a href='https:\/\/bibliotekamoscisko.pl\/?attachment_id=810'><img decoding=\"async\" width=\"150\" height=\"150\" src=\"https:\/\/bibliotekamoscisko.pl\/wp-content\/uploads\/2014\/09\/NC6-150x150.jpg\" class=\"attachment-thumbnail size-thumbnail\" alt=\"\" \/><\/a>\n\t\t\t<\/div><\/figure><figure class='gallery-item'>\n\t\t\t<div class='gallery-icon landscape'>\n\t\t\t\t<a href='https:\/\/bibliotekamoscisko.pl\/?attachment_id=811'><img decoding=\"async\" width=\"150\" height=\"150\" src=\"https:\/\/bibliotekamoscisko.pl\/wp-content\/uploads\/2014\/09\/NC8-150x150.jpg\" class=\"attachment-thumbnail size-thumbnail\" alt=\"\" \/><\/a>\n\t\t\t<\/div><\/figure><figure class='gallery-item'>\n\t\t\t<div class='gallery-icon portrait'>\n\t\t\t\t<a href='https:\/\/bibliotekamoscisko.pl\/?attachment_id=812'><img loading=\"lazy\" decoding=\"async\" width=\"150\" height=\"150\" src=\"https:\/\/bibliotekamoscisko.pl\/wp-content\/uploads\/2014\/09\/NC11-150x150.jpg\" class=\"attachment-thumbnail size-thumbnail\" alt=\"\" \/><\/a>\n\t\t\t<\/div><\/figure><figure class='gallery-item'>\n\t\t\t<div class='gallery-icon portrait'>\n\t\t\t\t<a href='https:\/\/bibliotekamoscisko.pl\/?attachment_id=813'><img loading=\"lazy\" decoding=\"async\" width=\"150\" height=\"150\" src=\"https:\/\/bibliotekamoscisko.pl\/wp-content\/uploads\/2014\/09\/NC12-150x150.jpg\" class=\"attachment-thumbnail size-thumbnail\" alt=\"\" \/><\/a>\n\t\t\t<\/div><\/figure><figure class='gallery-item'>\n\t\t\t<div class='gallery-icon portrait'>\n\t\t\t\t<a href='https:\/\/bibliotekamoscisko.pl\/?attachment_id=814'><img loading=\"lazy\" decoding=\"async\" width=\"150\" height=\"150\" src=\"https:\/\/bibliotekamoscisko.pl\/wp-content\/uploads\/2014\/09\/NC13-150x150.jpg\" class=\"attachment-thumbnail size-thumbnail\" alt=\"\" \/><\/a>\n\t\t\t<\/div><\/figure><figure class='gallery-item'>\n\t\t\t<div class='gallery-icon portrait'>\n\t\t\t\t<a href='https:\/\/bibliotekamoscisko.pl\/?attachment_id=815'><img loading=\"lazy\" decoding=\"async\" width=\"150\" height=\"150\" src=\"https:\/\/bibliotekamoscisko.pl\/wp-content\/uploads\/2014\/09\/NC14-150x150.jpg\" class=\"attachment-thumbnail size-thumbnail\" alt=\"\" \/><\/a>\n\t\t\t<\/div><\/figure><figure class='gallery-item'>\n\t\t\t<div class='gallery-icon landscape'>\n\t\t\t\t<a href='https:\/\/bibliotekamoscisko.pl\/?attachment_id=816'><img loading=\"lazy\" decoding=\"async\" width=\"150\" height=\"150\" src=\"https:\/\/bibliotekamoscisko.pl\/wp-content\/uploads\/2014\/09\/NC18-150x150.jpg\" class=\"attachment-thumbnail size-thumbnail\" alt=\"\" \/><\/a>\n\t\t\t<\/div><\/figure><figure class='gallery-item'>\n\t\t\t<div class='gallery-icon landscape'>\n\t\t\t\t<a href='https:\/\/bibliotekamoscisko.pl\/?attachment_id=818'><img loading=\"lazy\" decoding=\"async\" width=\"150\" height=\"150\" src=\"https:\/\/bibliotekamoscisko.pl\/wp-content\/uploads\/2014\/09\/NC24-150x150.jpg\" class=\"attachment-thumbnail size-thumbnail\" alt=\"\" \/><\/a>\n\t\t\t<\/div><\/figure>\n\t\t<\/div>\n\n<p>D. Wi\u015bniewska<\/p>\n","protected":false},"excerpt":{"rendered":"<p>6 wrze\u015bnia Biblioteka w Mo\u015bcisku przy\u0142\u0105czy\u0142a si\u0119 do akcji Narodowego Czytania \u201eTrylogii\u201d Henryka Sienkiewicza, pod patronatem Prezydenta RP Bronis\u0142awa Komorowskiego.\u00a0 Razem z Zespo\u0142em Szkolno-Przedszkolnym oraz Stowarzyszeniem \u201ePrzysta\u0144 Mo\u015bcisko\u201d \u00a0urz\u0105dzili\u015bmy nasz\u0105 [&hellip;]<\/p>\n","protected":false},"author":1,"featured_media":0,"comment_status":"closed","ping_status":"open","sticky":false,"template":"","format":"standard","meta":{"ngg_post_thumbnail":0,"footnotes":""},"categories":[1],"tags":[],"class_list":["post-803","post","type-post","status-publish","format-standard","hentry","category-uncategorized"],"_links":{"self":[{"href":"https:\/\/bibliotekamoscisko.pl\/index.php?rest_route=\/wp\/v2\/posts\/803","targetHints":{"allow":["GET"]}}],"collection":[{"href":"https:\/\/bibliotekamoscisko.pl\/index.php?rest_route=\/wp\/v2\/posts"}],"about":[{"href":"https:\/\/bibliotekamoscisko.pl\/index.php?rest_route=\/wp\/v2\/types\/post"}],"author":[{"embeddable":true,"href":"https:\/\/bibliotekamoscisko.pl\/index.php?rest_route=\/wp\/v2\/users\/1"}],"replies":[{"embeddable":true,"href":"https:\/\/bibliotekamoscisko.pl\/index.php?rest_route=%2Fwp%2Fv2%2Fcomments&post=803"}],"version-history":[{"count":1,"href":"https:\/\/bibliotekamoscisko.pl\/index.php?rest_route=\/wp\/v2\/posts\/803\/revisions"}],"predecessor-version":[{"id":821,"href":"https:\/\/bibliotekamoscisko.pl\/index.php?rest_route=\/wp\/v2\/posts\/803\/revisions\/821"}],"wp:attachment":[{"href":"https:\/\/bibliotekamoscisko.pl\/index.php?rest_route=%2Fwp%2Fv2%2Fmedia&parent=803"}],"wp:term":[{"taxonomy":"category","embeddable":true,"href":"https:\/\/bibliotekamoscisko.pl\/index.php?rest_route=%2Fwp%2Fv2%2Fcategories&post=803"},{"taxonomy":"post_tag","embeddable":true,"href":"https:\/\/bibliotekamoscisko.pl\/index.php?rest_route=%2Fwp%2Fv2%2Ftags&post=803"}],"curies":[{"name":"wp","href":"https:\/\/api.w.org\/{rel}","templated":true}]}}