{"id":8168,"date":"2019-02-27T14:16:43","date_gmt":"2019-02-27T14:16:43","guid":{"rendered":"http:\/\/bibliotekamoscisko.pl\/?p=8168"},"modified":"2019-02-27T14:16:43","modified_gmt":"2019-02-27T14:16:43","slug":"biblioteka-na-wesolo","status":"publish","type":"post","link":"https:\/\/bibliotekamoscisko.pl\/?p=8168","title":{"rendered":"Biblioteka na weso\u0142o"},"content":{"rendered":"<h2 style=\"text-align: center;\">Do ko\u0144ca marca <strong>Galeria<\/strong> <strong>w Mo\u015bcisku<\/strong> zaprasza na wystaw\u0119 prac student\u00f3w Instytutu Informacji Naukowej i Bibliotekoznawstwa UWr.<\/h2>\n<p><a href=\"http:\/\/bibliotekamoscisko.pl\/wp-content\/uploads\/2019\/02\/51944572_2264620750481254_1761239468158746624_n.jpg\"><img fetchpriority=\"high\" decoding=\"async\" class=\"aligncenter wp-image-8170 size-full\" src=\"http:\/\/bibliotekamoscisko.pl\/wp-content\/uploads\/2019\/02\/51944572_2264620750481254_1761239468158746624_n.jpg\" alt=\"\" width=\"960\" height=\"712\" srcset=\"https:\/\/bibliotekamoscisko.pl\/wp-content\/uploads\/2019\/02\/51944572_2264620750481254_1761239468158746624_n.jpg 960w, https:\/\/bibliotekamoscisko.pl\/wp-content\/uploads\/2019\/02\/51944572_2264620750481254_1761239468158746624_n-300x223.jpg 300w, https:\/\/bibliotekamoscisko.pl\/wp-content\/uploads\/2019\/02\/51944572_2264620750481254_1761239468158746624_n-768x570.jpg 768w, https:\/\/bibliotekamoscisko.pl\/wp-content\/uploads\/2019\/02\/51944572_2264620750481254_1761239468158746624_n-1x1.jpg 1w\" sizes=\"(max-width: 960px) 100vw, 960px\" \/><\/a><\/p>\n<p><a href=\"http:\/\/bibliotekamoscisko.pl\/wp-content\/uploads\/2019\/02\/52585277_2264620723814590_2770571419967291392_n.jpg\"><img decoding=\"async\" class=\"aligncenter size-full wp-image-8169\" src=\"http:\/\/bibliotekamoscisko.pl\/wp-content\/uploads\/2019\/02\/52585277_2264620723814590_2770571419967291392_n.jpg\" alt=\"\" width=\"686\" height=\"960\" srcset=\"https:\/\/bibliotekamoscisko.pl\/wp-content\/uploads\/2019\/02\/52585277_2264620723814590_2770571419967291392_n.jpg 686w, https:\/\/bibliotekamoscisko.pl\/wp-content\/uploads\/2019\/02\/52585277_2264620723814590_2770571419967291392_n-214x300.jpg 214w, https:\/\/bibliotekamoscisko.pl\/wp-content\/uploads\/2019\/02\/52585277_2264620723814590_2770571419967291392_n-1x1.jpg 1w\" sizes=\"(max-width: 686px) 100vw, 686px\" \/><\/a><\/p>\n","protected":false},"excerpt":{"rendered":"<p>Do ko\u0144ca marca Galeria w Mo\u015bcisku zaprasza na wystaw\u0119 prac student\u00f3w Instytutu Informacji Naukowej i Bibliotekoznawstwa UWr.<\/p>\n","protected":false},"author":1,"featured_media":0,"comment_status":"closed","ping_status":"open","sticky":false,"template":"","format":"standard","meta":{"ngg_post_thumbnail":0,"footnotes":""},"categories":[1],"tags":[],"class_list":["post-8168","post","type-post","status-publish","format-standard","hentry","category-uncategorized"],"_links":{"self":[{"href":"https:\/\/bibliotekamoscisko.pl\/index.php?rest_route=\/wp\/v2\/posts\/8168","targetHints":{"allow":["GET"]}}],"collection":[{"href":"https:\/\/bibliotekamoscisko.pl\/index.php?rest_route=\/wp\/v2\/posts"}],"about":[{"href":"https:\/\/bibliotekamoscisko.pl\/index.php?rest_route=\/wp\/v2\/types\/post"}],"author":[{"embeddable":true,"href":"https:\/\/bibliotekamoscisko.pl\/index.php?rest_route=\/wp\/v2\/users\/1"}],"replies":[{"embeddable":true,"href":"https:\/\/bibliotekamoscisko.pl\/index.php?rest_route=%2Fwp%2Fv2%2Fcomments&post=8168"}],"version-history":[{"count":1,"href":"https:\/\/bibliotekamoscisko.pl\/index.php?rest_route=\/wp\/v2\/posts\/8168\/revisions"}],"predecessor-version":[{"id":8171,"href":"https:\/\/bibliotekamoscisko.pl\/index.php?rest_route=\/wp\/v2\/posts\/8168\/revisions\/8171"}],"wp:attachment":[{"href":"https:\/\/bibliotekamoscisko.pl\/index.php?rest_route=%2Fwp%2Fv2%2Fmedia&parent=8168"}],"wp:term":[{"taxonomy":"category","embeddable":true,"href":"https:\/\/bibliotekamoscisko.pl\/index.php?rest_route=%2Fwp%2Fv2%2Fcategories&post=8168"},{"taxonomy":"post_tag","embeddable":true,"href":"https:\/\/bibliotekamoscisko.pl\/index.php?rest_route=%2Fwp%2Fv2%2Ftags&post=8168"}],"curies":[{"name":"wp","href":"https:\/\/api.w.org\/{rel}","templated":true}]}}