{"id":8247,"date":"2019-03-13T12:40:46","date_gmt":"2019-03-13T12:40:46","guid":{"rendered":"http:\/\/bibliotekamoscisko.pl\/?p=8247"},"modified":"2019-03-13T12:40:46","modified_gmt":"2019-03-13T12:40:46","slug":"narodowy-dzien-pamieci-zolnierzy-wykletych","status":"publish","type":"post","link":"https:\/\/bibliotekamoscisko.pl\/?p=8247","title":{"rendered":"Narodowy Dzie\u0144 Pami\u0119ci \u017bo\u0142nierzy Wykl\u0119tych"},"content":{"rendered":"<p>8 marca w Bibliotece Publicznej w Pi\u0142awie Dolnej odby\u0142o si\u0119 ciekawe spotkanie uczni\u00f3w klasy VIII Szko\u0142y Podstawowej w Pi\u0142awie Dolnej. Rozmawiali\u015bmy o <a href=\"http:\/\/bibliotekamoscisko.pl\/wp-content\/uploads\/2019\/03\/IMG_4178.jpg\"><img fetchpriority=\"high\" decoding=\"async\" class=\"alignright size-medium wp-image-8248\" src=\"http:\/\/bibliotekamoscisko.pl\/wp-content\/uploads\/2019\/03\/IMG_4178-300x225.jpg\" alt=\"\" width=\"300\" height=\"225\" srcset=\"https:\/\/bibliotekamoscisko.pl\/wp-content\/uploads\/2019\/03\/IMG_4178-300x225.jpg 300w, https:\/\/bibliotekamoscisko.pl\/wp-content\/uploads\/2019\/03\/IMG_4178.jpg 768w, https:\/\/bibliotekamoscisko.pl\/wp-content\/uploads\/2019\/03\/IMG_4178-1x1.jpg 1w\" sizes=\"(max-width: 300px) 100vw, 300px\" \/><\/a>tragicznych losach Polski po II wojnie \u015bwiatowej, kt\u00f3ra znalaz\u0142a si\u0119 w\u00f3wczas pod wp\u0142ywami Zwi\u0105zku Radzieckiego. Cz\u0119\u015b\u0107 terytorium Polski w\u0142\u0105czono do Zwi\u0105zku Sowieckiego, rozpocz\u0119\u0142y si\u0119 prze\u015bladowania tych, kt\u00f3rzy my\u015bleli inaczej.<br \/>\nRozmawiali\u015bmy o bohaterach, \u017co\u0142nierzach niez\u0142omnych, straconych, chowanych w bezimiennych grobach, do dzisiaj niezidentyfikowanych. Wiele szczeg\u00f3\u0142\u00f3w zdo\u0142ano ju\u017c odkry\u0107 \u2013 wiemy o rotmistrzu Witoldzie Pileckim, Augu\u015bcie Fieldorfie, ps .&#8221;Nil&#8221;, \u0141ukaszu Ciepli\u0144skim, Danucie Siedzik\u00f3wnie ps. &#8222;Inka&#8221; i wielu innych. Wa\u017cne jest przywr\u00f3cenie pami\u0119ci tysi\u0105com Polak\u00f3w, tym kt\u00f3rzy oddali \u017cycie dla Polski, niepodleg\u0142ej Polski.<br \/>\n\u017bo\u0142nierze Wykl\u0119ci wracaj\u0105 na strony historii, do naszej wsp\u00f3\u0142czesno\u015bci. 3lutego 2011 roku Sejm uchwali\u0142 ustaw\u0119\u00a0 zatwierdzaj\u0105c\u0105 dzie\u0144 1 marca\u00a0 jako Narodowy Dzie\u0144 Pami\u0119ci \u017bo\u0142nierzy Wykl\u0119tych.<\/p>\n<div id='gallery-1' class='gallery galleryid-8247 gallery-columns-3 gallery-size-thumbnail'><figure class='gallery-item'>\n\t\t\t<div class='gallery-icon landscape'>\n\t\t\t\t<a href='https:\/\/bibliotekamoscisko.pl\/?attachment_id=8249'><img decoding=\"async\" width=\"150\" height=\"150\" src=\"https:\/\/bibliotekamoscisko.pl\/wp-content\/uploads\/2019\/03\/IMG_4193-150x150.jpg\" class=\"attachment-thumbnail size-thumbnail\" alt=\"\" srcset=\"https:\/\/bibliotekamoscisko.pl\/wp-content\/uploads\/2019\/03\/IMG_4193-150x150.jpg 150w, https:\/\/bibliotekamoscisko.pl\/wp-content\/uploads\/2019\/03\/IMG_4193-1x1.jpg 1w\" sizes=\"(max-width: 150px) 100vw, 150px\" \/><\/a>\n\t\t\t<\/div><\/figure><figure class='gallery-item'>\n\t\t\t<div class='gallery-icon landscape'>\n\t\t\t\t<a href='https:\/\/bibliotekamoscisko.pl\/?attachment_id=8250'><img decoding=\"async\" width=\"150\" height=\"150\" src=\"https:\/\/bibliotekamoscisko.pl\/wp-content\/uploads\/2019\/03\/IMG_4194-150x150.jpg\" class=\"attachment-thumbnail size-thumbnail\" alt=\"\" srcset=\"https:\/\/bibliotekamoscisko.pl\/wp-content\/uploads\/2019\/03\/IMG_4194-150x150.jpg 150w, https:\/\/bibliotekamoscisko.pl\/wp-content\/uploads\/2019\/03\/IMG_4194-1x1.jpg 1w\" sizes=\"(max-width: 150px) 100vw, 150px\" \/><\/a>\n\t\t\t<\/div><\/figure><figure class='gallery-item'>\n\t\t\t<div class='gallery-icon landscape'>\n\t\t\t\t<a href='https:\/\/bibliotekamoscisko.pl\/?attachment_id=8251'><img loading=\"lazy\" decoding=\"async\" width=\"150\" height=\"150\" src=\"https:\/\/bibliotekamoscisko.pl\/wp-content\/uploads\/2019\/03\/IMG_4196-150x150.jpg\" class=\"attachment-thumbnail size-thumbnail\" alt=\"\" srcset=\"https:\/\/bibliotekamoscisko.pl\/wp-content\/uploads\/2019\/03\/IMG_4196-150x150.jpg 150w, https:\/\/bibliotekamoscisko.pl\/wp-content\/uploads\/2019\/03\/IMG_4196-1x1.jpg 1w\" sizes=\"(max-width: 150px) 100vw, 150px\" \/><\/a>\n\t\t\t<\/div><\/figure><figure class='gallery-item'>\n\t\t\t<div class='gallery-icon landscape'>\n\t\t\t\t<a href='https:\/\/bibliotekamoscisko.pl\/?attachment_id=8252'><img loading=\"lazy\" decoding=\"async\" width=\"150\" height=\"150\" src=\"https:\/\/bibliotekamoscisko.pl\/wp-content\/uploads\/2019\/03\/IMG_4197-150x150.jpg\" class=\"attachment-thumbnail size-thumbnail\" alt=\"\" srcset=\"https:\/\/bibliotekamoscisko.pl\/wp-content\/uploads\/2019\/03\/IMG_4197-150x150.jpg 150w, https:\/\/bibliotekamoscisko.pl\/wp-content\/uploads\/2019\/03\/IMG_4197-1x1.jpg 1w\" sizes=\"(max-width: 150px) 100vw, 150px\" \/><\/a>\n\t\t\t<\/div><\/figure><figure class='gallery-item'>\n\t\t\t<div class='gallery-icon landscape'>\n\t\t\t\t<a href='https:\/\/bibliotekamoscisko.pl\/?attachment_id=8253'><img loading=\"lazy\" decoding=\"async\" width=\"150\" height=\"150\" src=\"https:\/\/bibliotekamoscisko.pl\/wp-content\/uploads\/2019\/03\/IMG_4199-150x150.jpg\" class=\"attachment-thumbnail size-thumbnail\" alt=\"\" srcset=\"https:\/\/bibliotekamoscisko.pl\/wp-content\/uploads\/2019\/03\/IMG_4199-150x150.jpg 150w, https:\/\/bibliotekamoscisko.pl\/wp-content\/uploads\/2019\/03\/IMG_4199-1x1.jpg 1w\" sizes=\"(max-width: 150px) 100vw, 150px\" \/><\/a>\n\t\t\t<\/div><\/figure>\n\t\t<\/div>\n\n<p>Dzi\u0119kuj\u0119 m\u0142odzie\u017cy za ciekawe przygotowanie prezentacji oraz pani Renacie Kajkowskiej za wsp\u00f3\u0142prac\u0119 przy realizacji spotkania.<\/p>\n<p>W.Kun<\/p>\n","protected":false},"excerpt":{"rendered":"<p>8 marca w Bibliotece Publicznej w Pi\u0142awie Dolnej odby\u0142o si\u0119 ciekawe spotkanie uczni\u00f3w klasy VIII Szko\u0142y Podstawowej w Pi\u0142awie Dolnej. Rozmawiali\u015bmy o tragicznych losach Polski po II wojnie \u015bwiatowej, kt\u00f3ra [&hellip;]<\/p>\n","protected":false},"author":1,"featured_media":0,"comment_status":"closed","ping_status":"open","sticky":false,"template":"","format":"standard","meta":{"ngg_post_thumbnail":0,"footnotes":""},"categories":[1],"tags":[],"class_list":["post-8247","post","type-post","status-publish","format-standard","hentry","category-uncategorized"],"_links":{"self":[{"href":"https:\/\/bibliotekamoscisko.pl\/index.php?rest_route=\/wp\/v2\/posts\/8247","targetHints":{"allow":["GET"]}}],"collection":[{"href":"https:\/\/bibliotekamoscisko.pl\/index.php?rest_route=\/wp\/v2\/posts"}],"about":[{"href":"https:\/\/bibliotekamoscisko.pl\/index.php?rest_route=\/wp\/v2\/types\/post"}],"author":[{"embeddable":true,"href":"https:\/\/bibliotekamoscisko.pl\/index.php?rest_route=\/wp\/v2\/users\/1"}],"replies":[{"embeddable":true,"href":"https:\/\/bibliotekamoscisko.pl\/index.php?rest_route=%2Fwp%2Fv2%2Fcomments&post=8247"}],"version-history":[{"count":1,"href":"https:\/\/bibliotekamoscisko.pl\/index.php?rest_route=\/wp\/v2\/posts\/8247\/revisions"}],"predecessor-version":[{"id":8254,"href":"https:\/\/bibliotekamoscisko.pl\/index.php?rest_route=\/wp\/v2\/posts\/8247\/revisions\/8254"}],"wp:attachment":[{"href":"https:\/\/bibliotekamoscisko.pl\/index.php?rest_route=%2Fwp%2Fv2%2Fmedia&parent=8247"}],"wp:term":[{"taxonomy":"category","embeddable":true,"href":"https:\/\/bibliotekamoscisko.pl\/index.php?rest_route=%2Fwp%2Fv2%2Fcategories&post=8247"},{"taxonomy":"post_tag","embeddable":true,"href":"https:\/\/bibliotekamoscisko.pl\/index.php?rest_route=%2Fwp%2Fv2%2Ftags&post=8247"}],"curies":[{"name":"wp","href":"https:\/\/api.w.org\/{rel}","templated":true}]}}