{"id":826,"date":"2014-09-12T07:24:07","date_gmt":"2014-09-12T07:24:07","guid":{"rendered":"http:\/\/bibliotekamoscisko.pl\/?p=826"},"modified":"2014-09-12T07:24:07","modified_gmt":"2014-09-12T07:24:07","slug":"nowy-sezon-motyli-ksiazkowych","status":"publish","type":"post","link":"https:\/\/bibliotekamoscisko.pl\/?p=826","title":{"rendered":"Nowy sezon &#8222;Motyli Ksi\u0105\u017ckowych&#8221;"},"content":{"rendered":"<div><span style=\"color: #800080;\">11 wrze\u015bnia w Bibliotece Publiczno-Szkolnej w Ostroszowicach odby\u0142o si\u0119 pierwsze po wakacjach spotkanie Dyskusyjnego Klubu Ksi\u0105\u017cki\u00a0<\/span><\/div>\n<div><span style=\"color: #800080;\">,,Motyle Ksi\u0105\u017ckowe&#8221;.<\/span><\/div>\n<div><\/div>\n<div><a href=\"http:\/\/bibliotekamoscisko.pl\/wp-content\/uploads\/2014\/09\/Motyle-Ksi\u0105\u017ckowe.jpg\"><img fetchpriority=\"high\" decoding=\"async\" class=\"aligncenter size-medium wp-image-828\" src=\"http:\/\/bibliotekamoscisko.pl\/wp-content\/uploads\/2014\/09\/Motyle-Ksi\u0105\u017ckowe-300x225.jpg\" alt=\"Motyle Ksi\u0105\u017ckowe\" width=\"300\" height=\"225\" \/><\/a><\/div>\n<div><\/div>\n<div><a href=\"http:\/\/bibliotekamoscisko.pl\/wp-content\/uploads\/2014\/09\/motyle-ksi\u0105\u017ckowe3.jpg\"><img decoding=\"async\" class=\"aligncenter size-medium wp-image-829\" src=\"http:\/\/bibliotekamoscisko.pl\/wp-content\/uploads\/2014\/09\/motyle-ksi\u0105\u017ckowe3-300x225.jpg\" alt=\"motyle ksi\u0105\u017ckowe3\" width=\"300\" height=\"225\" \/><\/a><\/div>\n<div><\/div>\n<div><\/div>\n<div><a href=\"http:\/\/bibliotekamoscisko.pl\/wp-content\/uploads\/2014\/09\/motyle-ksia\u017ckowe21.jpg\"><img decoding=\"async\" class=\"aligncenter size-medium wp-image-830\" src=\"http:\/\/bibliotekamoscisko.pl\/wp-content\/uploads\/2014\/09\/motyle-ksia\u017ckowe21-225x300.jpg\" alt=\"motyle ksia\u017ckowe2\" width=\"225\" height=\"300\" \/><\/a><\/div>\n<div><span style=\"color: #800080;\">Dyrektor Zespo\u0142u Szkolno-Przedszkolnego, Pani Urszula Zaj\u0105c \u017cyczy\u0142a dzieciom udanych spotka\u0144 oraz ciekawych prze\u017cy\u0107 w bibliotece.<\/span><\/div>\n<div><span style=\"color: #800080;\">Go\u015bciem specjalnym by\u0142a przedstawicielka Klubu Lataj\u0105cych Ciotek przy Bibliotece w Ostroszowicach, Pani Bo\u017cena Nowak,<\/span><\/div>\n<div><span style=\"color: #800080;\">kt\u00f3ra przebrana za klauna, czyta\u0142a dzieciom ksi\u0105\u017ck\u0119 Oli Cie\u015blak: ,,Co wypanda, a co nie wypanda&#8221;&#8230;<\/span><\/div>\n<div><span style=\"color: #800080;\">Kr\u00f3tka humorystyczna lekcja, okraszana \u015bwietnymi ilustracjami rozweseli\u0142a dzieci w bardzo pochmurny dzie\u0144.<\/span><\/div>\n<div><span style=\"color: #800080;\">,, Sezon Motyli Ksi\u0105\u017ckowych uwa\u017cam za otwarty&#8221;- t\u0105 formu\u0142\u0105, wypowiedzian\u0105 przez Dyrektor Gminnej Biblioteki Publicznej z\/s w Mo\u015bcisku<\/span><\/div>\n<div><span style=\"color: #800080;\">Pani\u0105 Justyn\u0119 Kaczorowsk\u0105 rozpocz\u0119li\u015bmy wspania\u0142\u0105 podr\u00f3\u017c z ksi\u0105\u017ckami.<\/span><\/div>\n<div><\/div>\n<div><\/div>\n<div>Maria Kirkiewicz<\/div>\n<div><\/div>\n<div><\/div>\n","protected":false},"excerpt":{"rendered":"<p>11 wrze\u015bnia w Bibliotece Publiczno-Szkolnej w Ostroszowicach odby\u0142o si\u0119 pierwsze po wakacjach spotkanie Dyskusyjnego Klubu Ksi\u0105\u017cki\u00a0 ,,Motyle Ksi\u0105\u017ckowe&#8221;. Dyrektor Zespo\u0142u Szkolno-Przedszkolnego, Pani Urszula Zaj\u0105c \u017cyczy\u0142a dzieciom udanych spotka\u0144 oraz ciekawych [&hellip;]<\/p>\n","protected":false},"author":1,"featured_media":0,"comment_status":"closed","ping_status":"open","sticky":false,"template":"","format":"standard","meta":{"ngg_post_thumbnail":0,"footnotes":""},"categories":[1],"tags":[],"class_list":["post-826","post","type-post","status-publish","format-standard","hentry","category-uncategorized"],"_links":{"self":[{"href":"https:\/\/bibliotekamoscisko.pl\/index.php?rest_route=\/wp\/v2\/posts\/826","targetHints":{"allow":["GET"]}}],"collection":[{"href":"https:\/\/bibliotekamoscisko.pl\/index.php?rest_route=\/wp\/v2\/posts"}],"about":[{"href":"https:\/\/bibliotekamoscisko.pl\/index.php?rest_route=\/wp\/v2\/types\/post"}],"author":[{"embeddable":true,"href":"https:\/\/bibliotekamoscisko.pl\/index.php?rest_route=\/wp\/v2\/users\/1"}],"replies":[{"embeddable":true,"href":"https:\/\/bibliotekamoscisko.pl\/index.php?rest_route=%2Fwp%2Fv2%2Fcomments&post=826"}],"version-history":[{"count":1,"href":"https:\/\/bibliotekamoscisko.pl\/index.php?rest_route=\/wp\/v2\/posts\/826\/revisions"}],"predecessor-version":[{"id":831,"href":"https:\/\/bibliotekamoscisko.pl\/index.php?rest_route=\/wp\/v2\/posts\/826\/revisions\/831"}],"wp:attachment":[{"href":"https:\/\/bibliotekamoscisko.pl\/index.php?rest_route=%2Fwp%2Fv2%2Fmedia&parent=826"}],"wp:term":[{"taxonomy":"category","embeddable":true,"href":"https:\/\/bibliotekamoscisko.pl\/index.php?rest_route=%2Fwp%2Fv2%2Fcategories&post=826"},{"taxonomy":"post_tag","embeddable":true,"href":"https:\/\/bibliotekamoscisko.pl\/index.php?rest_route=%2Fwp%2Fv2%2Ftags&post=826"}],"curies":[{"name":"wp","href":"https:\/\/api.w.org\/{rel}","templated":true}]}}