{"id":8265,"date":"2019-03-14T09:31:14","date_gmt":"2019-03-14T09:31:14","guid":{"rendered":"http:\/\/bibliotekamoscisko.pl\/?p=8265"},"modified":"2019-03-14T09:31:14","modified_gmt":"2019-03-14T09:31:14","slug":"nie-boj-sie-mnie","status":"publish","type":"post","link":"https:\/\/bibliotekamoscisko.pl\/?p=8265","title":{"rendered":"Nie b\u00f3j si\u0119 mnie!"},"content":{"rendered":"<p>&nbsp;<\/p>\n<p>Czym jest autyzm, jak postrzegany jest \u015bwiat przez osoby z niepe\u0142nosprawno\u015bci\u0105 sensoryczn\u0105, jak zachowa\u0107 si\u0119 w towarzystwie os\u00f3b z niepe\u0142nosprawno\u015bci\u0105 <a href=\"http:\/\/bibliotekamoscisko.pl\/wp-content\/uploads\/2018\/04\/logo-male.jpg\"><img decoding=\"async\" class=\"alignright size-full wp-image-6553\" src=\"http:\/\/bibliotekamoscisko.pl\/wp-content\/uploads\/2018\/04\/logo-male.jpg\" alt=\"\" width=\"202\" height=\"194\" srcset=\"https:\/\/bibliotekamoscisko.pl\/wp-content\/uploads\/2018\/04\/logo-male.jpg 202w, https:\/\/bibliotekamoscisko.pl\/wp-content\/uploads\/2018\/04\/logo-male-1x1.jpg 1w\" sizes=\"(max-width: 202px) 100vw, 202px\" \/><\/a>intelektualn\u0105? Na te pytania pr\u00f3bowali\u015bmy sobie odpowiedzie\u0107 13 marca na spotkaniu Dyskusyjnego Klubu Ksi\u0105\u017ckowego w Mo\u015bcisku. Naszym przewodnikiem by\u0142a ksi\u0105\u017cka Agnieszki Kossowskiej\u00a0 \u201eDu\u017ce sprawy w ma\u0142ych g\u0142owach&#8221;. Si\u00f3dmoklasi\u015bci z Zespo\u0142u Szkolno-Przedszkolnego w Mo\u015bcisku mogli zajrze\u0107 na chwil\u0119 do \u015bwiat\u00f3w niezwykle odmiennych i nieznanych, pr\u00f3buj\u0105c je nieco oswoi\u0107. \u00a0\u00a0\u00a0\u00a0\u00a0\u00a0\u00a0\u00a0\u00a0\u00a0\u00a0\u00a0\u00a0\u00a0\u00a0\u00a0\u00a0\u00a0\u00a0\u00a0\u00a0 \u201eMoim celem by\u0142o opowiedzenie dzieciom w ksi\u0105\u017cce, czym jest niepe\u0142nosprawno\u015b\u0107. Chcia\u0142am pokaza\u0107, \u017ce niepe\u0142nosprawno\u015b\u0107 to inne odczuwanie, widzenie, a czasem tak\u017ce inne rozumienie \u015bwiata. Dzieci w spos\u00f3b naturalny s\u0105 otwarte na inno\u015b\u0107, chcia\u0142abym w nich t\u0119 otwarto\u015b\u0107 podtrzyma\u0107 i sprawi\u0107, by niepe\u0142nosprawno\u015b\u0107 nie by\u0142a tematem tabu w ich \u015brodowisku. T\u0105 publikacj\u0105 chcia\u0142am r\u00f3wnie\u017c obali\u0107 kilka stereotyp\u00f3w i sprawi\u0107, aby dzieci zdrowe przesta\u0142y si\u0119 ba\u0107 dzieci niepe\u0142nosprawnych.\u201d \u2013 m\u00f3wi autorka ksi\u0105\u017cki Agnieszka Kossowska. Pod\u0105\u017cyli\u015bmy za wskaz\u00f3wkami z ksi\u0105\u017cki i wys\u0142uchali\u015bmy co maj\u0105 nam do powiedzenia o swoim \u015bwiecie osoby z autyzmem w materiale zrealizowanym przez Fundacj\u0119 JiM z okazji obchod\u00f3w \u015awiatowego Dnia Obchod\u00f3w Autyzmu.\u00a0\u00a0\u00a0\u00a0\u00a0\u00a0\u00a0\u00a0 \u00a0\u00a0\u00a0\u00a0\u00a0\u00a0\u00a0\u00a0\u00a0\u00a0\u00a0\u00a0\u00a0\u00a0\u00a0\u00a0\u00a0\u00a0\u00a0\u00a0\u00a0\u00a0\u00a0\u00a0\u00a0\u00a0\u00a0\u00a0\u00a0\u00a0\u00a0\u00a0\u00a0\u00a0\u00a0\u00a0\u00a0 Wykorzystali\u015bmy te\u017c zabawy edukacyjne, umieszczone w ksi\u0105\u017cce, kt\u00f3rych zadaniem jest wprowadzenie dziecka zdrowego w \u015bwiat os\u00f3b niepe\u0142nosprawnych. Te\u00a0 praktyczne zaj\u0119cia daj\u0105 namacaln\u0105 szans\u0119, by zetkn\u0105\u0107 si\u0119 z trudno\u015bciami, kt\u00f3rych codziennie do\u015bwiadczaj\u0105 niepe\u0142nosprawne dzieci. Si\u00f3dmoklasi\u015bci \u00a0b\u0119d\u0105 mogli swoj\u0105 wiedz\u0119 wykorzysta\u0107 ju\u017c wkr\u00f3tce, podczas wsp\u00f3lnych zaj\u0119\u0107 z podopiecznymi Fundacji Pokolorujmy Szaro\u015b\u0107.<\/p>\n<p><a href=\"http:\/\/bibliotekamoscisko.pl\/wp-content\/uploads\/2019\/03\/IMG_5100.jpg\"><img fetchpriority=\"high\" decoding=\"async\" class=\"alignleft wp-image-8266 size-full\" src=\"http:\/\/bibliotekamoscisko.pl\/wp-content\/uploads\/2019\/03\/IMG_5100.jpg\" alt=\"\" width=\"640\" height=\"478\" srcset=\"https:\/\/bibliotekamoscisko.pl\/wp-content\/uploads\/2019\/03\/IMG_5100.jpg 640w, https:\/\/bibliotekamoscisko.pl\/wp-content\/uploads\/2019\/03\/IMG_5100-300x224.jpg 300w, https:\/\/bibliotekamoscisko.pl\/wp-content\/uploads\/2019\/03\/IMG_5100-1x1.jpg 1w\" sizes=\"(max-width: 640px) 100vw, 640px\" \/><\/a> <a href=\"http:\/\/bibliotekamoscisko.pl\/wp-content\/uploads\/2019\/03\/IMG_5102.jpg\"><img decoding=\"async\" class=\"alignright size-medium wp-image-8267\" src=\"http:\/\/bibliotekamoscisko.pl\/wp-content\/uploads\/2019\/03\/IMG_5102-300x188.jpg\" alt=\"\" width=\"300\" height=\"188\" srcset=\"https:\/\/bibliotekamoscisko.pl\/wp-content\/uploads\/2019\/03\/IMG_5102-300x188.jpg 300w, https:\/\/bibliotekamoscisko.pl\/wp-content\/uploads\/2019\/03\/IMG_5102-2x1.jpg 2w, https:\/\/bibliotekamoscisko.pl\/wp-content\/uploads\/2019\/03\/IMG_5102.jpg 640w\" sizes=\"(max-width: 300px) 100vw, 300px\" \/><\/a><\/p>\n<p>&nbsp;<\/p>\n<p>&nbsp;<\/p>\n<p>&nbsp;<\/p>\n<p>&nbsp;<\/p>\n<p>&nbsp;<\/p>\n<p>&nbsp;<\/p>\n<p>&nbsp;<\/p>\n<p>&nbsp;<\/p>\n<p>&nbsp;<\/p>\n<p>&nbsp;<\/p>\n<p><a href=\"http:\/\/bibliotekamoscisko.pl\/wp-content\/uploads\/2014\/10\/dkk.jpg\"><img loading=\"lazy\" decoding=\"async\" class=\"aligncenter size-full wp-image-886\" src=\"http:\/\/bibliotekamoscisko.pl\/wp-content\/uploads\/2014\/10\/dkk.jpg\" alt=\"\" width=\"405\" height=\"124\" srcset=\"https:\/\/bibliotekamoscisko.pl\/wp-content\/uploads\/2014\/10\/dkk.jpg 405w, https:\/\/bibliotekamoscisko.pl\/wp-content\/uploads\/2014\/10\/dkk-300x91.jpg 300w\" sizes=\"(max-width: 405px) 100vw, 405px\" \/><\/a>D.W.<\/p>\n","protected":false},"excerpt":{"rendered":"<p>&nbsp; Czym jest autyzm, jak postrzegany jest \u015bwiat przez osoby z niepe\u0142nosprawno\u015bci\u0105 sensoryczn\u0105, jak zachowa\u0107 si\u0119 w towarzystwie os\u00f3b z niepe\u0142nosprawno\u015bci\u0105 intelektualn\u0105? Na te pytania pr\u00f3bowali\u015bmy sobie odpowiedzie\u0107 13 marca [&hellip;]<\/p>\n","protected":false},"author":1,"featured_media":0,"comment_status":"closed","ping_status":"open","sticky":false,"template":"","format":"standard","meta":{"ngg_post_thumbnail":0,"footnotes":""},"categories":[1],"tags":[],"class_list":["post-8265","post","type-post","status-publish","format-standard","hentry","category-uncategorized"],"_links":{"self":[{"href":"https:\/\/bibliotekamoscisko.pl\/index.php?rest_route=\/wp\/v2\/posts\/8265","targetHints":{"allow":["GET"]}}],"collection":[{"href":"https:\/\/bibliotekamoscisko.pl\/index.php?rest_route=\/wp\/v2\/posts"}],"about":[{"href":"https:\/\/bibliotekamoscisko.pl\/index.php?rest_route=\/wp\/v2\/types\/post"}],"author":[{"embeddable":true,"href":"https:\/\/bibliotekamoscisko.pl\/index.php?rest_route=\/wp\/v2\/users\/1"}],"replies":[{"embeddable":true,"href":"https:\/\/bibliotekamoscisko.pl\/index.php?rest_route=%2Fwp%2Fv2%2Fcomments&post=8265"}],"version-history":[{"count":2,"href":"https:\/\/bibliotekamoscisko.pl\/index.php?rest_route=\/wp\/v2\/posts\/8265\/revisions"}],"predecessor-version":[{"id":8269,"href":"https:\/\/bibliotekamoscisko.pl\/index.php?rest_route=\/wp\/v2\/posts\/8265\/revisions\/8269"}],"wp:attachment":[{"href":"https:\/\/bibliotekamoscisko.pl\/index.php?rest_route=%2Fwp%2Fv2%2Fmedia&parent=8265"}],"wp:term":[{"taxonomy":"category","embeddable":true,"href":"https:\/\/bibliotekamoscisko.pl\/index.php?rest_route=%2Fwp%2Fv2%2Fcategories&post=8265"},{"taxonomy":"post_tag","embeddable":true,"href":"https:\/\/bibliotekamoscisko.pl\/index.php?rest_route=%2Fwp%2Fv2%2Ftags&post=8265"}],"curies":[{"name":"wp","href":"https:\/\/api.w.org\/{rel}","templated":true}]}}