{"id":8277,"date":"2019-03-18T11:48:34","date_gmt":"2019-03-18T11:48:34","guid":{"rendered":"http:\/\/bibliotekamoscisko.pl\/?p=8277"},"modified":"2019-03-18T11:48:34","modified_gmt":"2019-03-18T11:48:34","slug":"wspomnienia-plynace-z-glebi-serca","status":"publish","type":"post","link":"https:\/\/bibliotekamoscisko.pl\/?p=8277","title":{"rendered":"Wspomnienia p\u0142yn\u0105ce z g\u0142\u0119bi serca"},"content":{"rendered":"<p style=\"text-align: left;\">15 marca Biblioteka Publiczna w Pi\u0142awie Dolnej go\u015bci\u0142a na spotkaniu autorskim pani\u0105 <strong>Krystyn\u0119 Patrzyk\u0105t<\/strong>. Dzier\u017coniowska pisarka m\u00f3wi\u0142a o dzieci\u0144stwie, kt\u00f3re przypad\u0142o na powojenne czasy oraz o przesiedleniu z Kres\u00f3w Wschodnich na Dolny \u015al\u0105sk. W losy jej rodziny wpisa\u0142a si\u0119\u00a0 nasza Pi\u0142awa Dolna, gdzie mieszka\u0142a w dzieci\u0144stwie i m\u0142odo\u015bci. \u00a0\u00a0\u00a0\u00a0\u00a0\u00a0\u00a0\u00a0\u00a0\u00a0\u00a0\u00a0\u00a0\u00a0\u00a0\u00a0\u00a0\u00a0\u00a0\u00a0\u00a0\u00a0\u00a0\u00a0\u00a0\u00a0\u00a0\u00a0\u00a0\u00a0\u00a0\u00a0\u00a0\u00a0\u00a0\u00a0\u00a0\u00a0\u00a0\u00a0\u00a0\u00a0\u00a0\u00a0\u00a0\u00a0\u00a0\u00a0\u00a0\u00a0\u00a0\u00a0\u00a0\u00a0\u00a0\u00a0\u00a0\u00a0\u00a0\u00a0\u00a0\u00a0\u00a0\u00a0\u00a0\u00a0\u00a0\u00a0\u00a0\u00a0\u00a0\u00a0\u00a0\u00a0\u00a0\u00a0\u00a0 \u00a0 \u00a0 \u00a0 \u00a0 \u00a0 \u00a0 \u00a0 \u00a0 \u00a0 \u00a0 \u00a0 \u00a0 \u00a0 \u00a0 \u00a0 \u00a0 \u00a0 \u00a0 \u00a0 \u00a0 \u00a0 \u00a0 \u00a0 \u00a0 \u00a0 \u00a0 \u00a0 \u00a0 \u00a0 \u00a0 \u00a0 \u00a0 \u00a0 \u00a0 \u00a0 \u00a0 \u00a0 \u00a0 \u00a0 \u00a0 \u00a0 \u00a0 \u00a0 \u00a0 \u00a0 \u00a0 \u00a0 \u00a0 \u00a0 \u00a0 \u00a0 \u00a0 \u00a0\u00a0 W pi\u0105tkowym wydarzeniu uczestniczy\u0107 mogli wszyscy ch\u0119tni mieszka\u0144cy Pi\u0142awy Dolnej, m\u0142odzie\u017c nie zawiod\u0142a. Pod opiek\u0105 polonistki, pani Iwony Chor\u0105\u017cyczewskiej, klasa VII Szko\u0142y Podstawowej w Pi\u0142awie Dolnej zawita\u0142a w progi biblioteki. W spotkaniu uczestniczy\u0142a r\u00f3wnie\u017c radna gminy Dzier\u017coni\u00f3w \u2013 Teodora Skutnik oraz dyrektor Biblioteki Publicznej Gminy Dzier\u017coni\u00f3w \u2013 Justyna Kaczorowska.<br \/>\nSpotkania autorskie potrzebne s\u0105 tak pisarzom jak i czytelnikom. Wa\u017cna jest bezpo\u015brednia rozmowa, kontakt z autorem ksi\u0105\u017cek. Pani Krystyna opowiada\u0142a o wielu ciekawych faktach ze swojego \u017cycia prywatnego i zawodowego. Mieli\u015bmy przyjemno\u015b\u0107 wys\u0142ucha\u0107 czytanych przez autork\u0119 fragment\u00f3w wierszy oraz wspomnie\u0144 zawartych w tomach: &#8222;Cztery siostry&#8221;, &#8222;Frywolitki&#8221;, &#8222;Wiersze z Kres\u00f3w i o Kresach&#8221;.<br \/>\nMam nadziej\u0119, \u017ce tw\u00f3rczo\u015b\u0107 literacka pani Krystyny Patrzyk\u0105t zainteresowa\u0142a m\u0142odych czytelnik\u00f3w i by\u0107 mo\u017ce stanie si\u0119 inspiracj\u0105 do w\u0142asnej tw\u00f3rczo\u015bci?<br \/>\nDzi\u0119kuj\u0119 za pomoc w realizacji spotkania pani Iwonie Chor\u0105\u017cyczewskiej i uczniom VII klasy.<\/p>\n<p style=\"text-align: center;\">\u00a0\u00a0\u00a0\u00a0\u00a0\u00a0\u00a0\u00a0\u00a0\u00a0\u00a0\u00a0 By\u0142o nam niezmiernie mi\u0142o go\u015bci\u0107 pani\u0105 Krystyn\u0119 Patrzyk\u0105t w naszej Bibliotece. Dzi\u0119kujemy za wspomnienia p\u0142yn\u0105ce z g\u0142\u0119bi serca, kt\u00f3rymi autorka zechcia\u0142a si\u0119 z nami podzieli\u0107.<\/p>\n<div id='gallery-1' class='gallery galleryid-8277 gallery-columns-3 gallery-size-thumbnail'><figure class='gallery-item'>\n\t\t\t<div class='gallery-icon landscape'>\n\t\t\t\t<a href='https:\/\/bibliotekamoscisko.pl\/?attachment_id=8278'><img decoding=\"async\" width=\"150\" height=\"150\" src=\"https:\/\/bibliotekamoscisko.pl\/wp-content\/uploads\/2019\/03\/IMG_4227-150x150.jpg\" class=\"attachment-thumbnail size-thumbnail\" alt=\"\" srcset=\"https:\/\/bibliotekamoscisko.pl\/wp-content\/uploads\/2019\/03\/IMG_4227-150x150.jpg 150w, https:\/\/bibliotekamoscisko.pl\/wp-content\/uploads\/2019\/03\/IMG_4227-1x1.jpg 1w\" sizes=\"(max-width: 150px) 100vw, 150px\" \/><\/a>\n\t\t\t<\/div><\/figure><figure class='gallery-item'>\n\t\t\t<div class='gallery-icon landscape'>\n\t\t\t\t<a href='https:\/\/bibliotekamoscisko.pl\/?attachment_id=8279'><img decoding=\"async\" width=\"150\" height=\"150\" src=\"https:\/\/bibliotekamoscisko.pl\/wp-content\/uploads\/2019\/03\/IMG_4228-150x150.jpg\" class=\"attachment-thumbnail size-thumbnail\" alt=\"\" srcset=\"https:\/\/bibliotekamoscisko.pl\/wp-content\/uploads\/2019\/03\/IMG_4228-150x150.jpg 150w, https:\/\/bibliotekamoscisko.pl\/wp-content\/uploads\/2019\/03\/IMG_4228-1x1.jpg 1w\" sizes=\"(max-width: 150px) 100vw, 150px\" \/><\/a>\n\t\t\t<\/div><\/figure><figure class='gallery-item'>\n\t\t\t<div class='gallery-icon landscape'>\n\t\t\t\t<a href='https:\/\/bibliotekamoscisko.pl\/?attachment_id=8280'><img decoding=\"async\" width=\"150\" height=\"150\" src=\"https:\/\/bibliotekamoscisko.pl\/wp-content\/uploads\/2019\/03\/IMG_4232-150x150.jpg\" class=\"attachment-thumbnail size-thumbnail\" alt=\"\" srcset=\"https:\/\/bibliotekamoscisko.pl\/wp-content\/uploads\/2019\/03\/IMG_4232-150x150.jpg 150w, https:\/\/bibliotekamoscisko.pl\/wp-content\/uploads\/2019\/03\/IMG_4232-1x1.jpg 1w\" sizes=\"(max-width: 150px) 100vw, 150px\" \/><\/a>\n\t\t\t<\/div><\/figure><figure class='gallery-item'>\n\t\t\t<div class='gallery-icon landscape'>\n\t\t\t\t<a href='https:\/\/bibliotekamoscisko.pl\/?attachment_id=8281'><img loading=\"lazy\" decoding=\"async\" width=\"150\" height=\"150\" src=\"https:\/\/bibliotekamoscisko.pl\/wp-content\/uploads\/2019\/03\/IMG_4233-150x150.jpg\" class=\"attachment-thumbnail size-thumbnail\" alt=\"\" srcset=\"https:\/\/bibliotekamoscisko.pl\/wp-content\/uploads\/2019\/03\/IMG_4233-150x150.jpg 150w, https:\/\/bibliotekamoscisko.pl\/wp-content\/uploads\/2019\/03\/IMG_4233-1x1.jpg 1w\" sizes=\"(max-width: 150px) 100vw, 150px\" \/><\/a>\n\t\t\t<\/div><\/figure><figure class='gallery-item'>\n\t\t\t<div class='gallery-icon landscape'>\n\t\t\t\t<a href='https:\/\/bibliotekamoscisko.pl\/?attachment_id=8282'><img loading=\"lazy\" decoding=\"async\" width=\"150\" height=\"150\" src=\"https:\/\/bibliotekamoscisko.pl\/wp-content\/uploads\/2019\/03\/IMG_4244-150x150.jpg\" class=\"attachment-thumbnail size-thumbnail\" alt=\"\" srcset=\"https:\/\/bibliotekamoscisko.pl\/wp-content\/uploads\/2019\/03\/IMG_4244-150x150.jpg 150w, https:\/\/bibliotekamoscisko.pl\/wp-content\/uploads\/2019\/03\/IMG_4244-1x1.jpg 1w\" sizes=\"(max-width: 150px) 100vw, 150px\" \/><\/a>\n\t\t\t<\/div><\/figure><figure class='gallery-item'>\n\t\t\t<div class='gallery-icon landscape'>\n\t\t\t\t<a href='https:\/\/bibliotekamoscisko.pl\/?attachment_id=8284'><img loading=\"lazy\" decoding=\"async\" width=\"150\" height=\"150\" src=\"https:\/\/bibliotekamoscisko.pl\/wp-content\/uploads\/2019\/03\/IMG_4254-150x150.jpg\" class=\"attachment-thumbnail size-thumbnail\" alt=\"\" srcset=\"https:\/\/bibliotekamoscisko.pl\/wp-content\/uploads\/2019\/03\/IMG_4254-150x150.jpg 150w, https:\/\/bibliotekamoscisko.pl\/wp-content\/uploads\/2019\/03\/IMG_4254-1x1.jpg 1w\" sizes=\"(max-width: 150px) 100vw, 150px\" \/><\/a>\n\t\t\t<\/div><\/figure>\n\t\t<\/div>\n\n<p><a href=\"http:\/\/bibliotekamoscisko.pl\/wp-content\/uploads\/2019\/03\/IMG_4249.jpg\"><img loading=\"lazy\" decoding=\"async\" class=\"aligncenter size-full wp-image-8283\" src=\"http:\/\/bibliotekamoscisko.pl\/wp-content\/uploads\/2019\/03\/IMG_4249.jpg\" alt=\"\" width=\"768\" height=\"576\" srcset=\"https:\/\/bibliotekamoscisko.pl\/wp-content\/uploads\/2019\/03\/IMG_4249.jpg 768w, https:\/\/bibliotekamoscisko.pl\/wp-content\/uploads\/2019\/03\/IMG_4249-300x225.jpg 300w, https:\/\/bibliotekamoscisko.pl\/wp-content\/uploads\/2019\/03\/IMG_4249-1x1.jpg 1w\" sizes=\"(max-width: 768px) 100vw, 768px\" \/><\/a>Wanda Kun<\/p>\n","protected":false},"excerpt":{"rendered":"<p>15 marca Biblioteka Publiczna w Pi\u0142awie Dolnej go\u015bci\u0142a na spotkaniu autorskim pani\u0105 Krystyn\u0119 Patrzyk\u0105t. Dzier\u017coniowska pisarka m\u00f3wi\u0142a o dzieci\u0144stwie, kt\u00f3re przypad\u0142o na powojenne czasy oraz o przesiedleniu z Kres\u00f3w Wschodnich [&hellip;]<\/p>\n","protected":false},"author":1,"featured_media":0,"comment_status":"closed","ping_status":"open","sticky":false,"template":"","format":"standard","meta":{"ngg_post_thumbnail":0,"footnotes":""},"categories":[1],"tags":[],"class_list":["post-8277","post","type-post","status-publish","format-standard","hentry","category-uncategorized"],"_links":{"self":[{"href":"https:\/\/bibliotekamoscisko.pl\/index.php?rest_route=\/wp\/v2\/posts\/8277","targetHints":{"allow":["GET"]}}],"collection":[{"href":"https:\/\/bibliotekamoscisko.pl\/index.php?rest_route=\/wp\/v2\/posts"}],"about":[{"href":"https:\/\/bibliotekamoscisko.pl\/index.php?rest_route=\/wp\/v2\/types\/post"}],"author":[{"embeddable":true,"href":"https:\/\/bibliotekamoscisko.pl\/index.php?rest_route=\/wp\/v2\/users\/1"}],"replies":[{"embeddable":true,"href":"https:\/\/bibliotekamoscisko.pl\/index.php?rest_route=%2Fwp%2Fv2%2Fcomments&post=8277"}],"version-history":[{"count":14,"href":"https:\/\/bibliotekamoscisko.pl\/index.php?rest_route=\/wp\/v2\/posts\/8277\/revisions"}],"predecessor-version":[{"id":8298,"href":"https:\/\/bibliotekamoscisko.pl\/index.php?rest_route=\/wp\/v2\/posts\/8277\/revisions\/8298"}],"wp:attachment":[{"href":"https:\/\/bibliotekamoscisko.pl\/index.php?rest_route=%2Fwp%2Fv2%2Fmedia&parent=8277"}],"wp:term":[{"taxonomy":"category","embeddable":true,"href":"https:\/\/bibliotekamoscisko.pl\/index.php?rest_route=%2Fwp%2Fv2%2Fcategories&post=8277"},{"taxonomy":"post_tag","embeddable":true,"href":"https:\/\/bibliotekamoscisko.pl\/index.php?rest_route=%2Fwp%2Fv2%2Ftags&post=8277"}],"curies":[{"name":"wp","href":"https:\/\/api.w.org\/{rel}","templated":true}]}}