{"id":8299,"date":"2019-03-18T12:14:17","date_gmt":"2019-03-18T12:14:17","guid":{"rendered":"http:\/\/bibliotekamoscisko.pl\/?p=8299"},"modified":"2019-03-18T12:14:17","modified_gmt":"2019-03-18T12:14:17","slug":"iii-ogolnopolskie-czytanie-jezycjady","status":"publish","type":"post","link":"https:\/\/bibliotekamoscisko.pl\/?p=8299","title":{"rendered":"III Og\u00f3lnopolskie czytanie Je\u017cycjady"},"content":{"rendered":"<p><a href=\"http:\/\/bibliotekamoscisko.pl\/wp-content\/uploads\/2019\/03\/plakacik-j.jpg\"><img fetchpriority=\"high\" decoding=\"async\" class=\"aligncenter size-full wp-image-8301\" src=\"http:\/\/bibliotekamoscisko.pl\/wp-content\/uploads\/2019\/03\/plakacik-j.jpg\" alt=\"\" width=\"531\" height=\"744\" srcset=\"https:\/\/bibliotekamoscisko.pl\/wp-content\/uploads\/2019\/03\/plakacik-j.jpg 531w, https:\/\/bibliotekamoscisko.pl\/wp-content\/uploads\/2019\/03\/plakacik-j-214x300.jpg 214w, https:\/\/bibliotekamoscisko.pl\/wp-content\/uploads\/2019\/03\/plakacik-j-1x1.jpg 1w\" sizes=\"(max-width: 531px) 100vw, 531px\" \/><\/a><\/p>\n<p><a href=\"http:\/\/bibliotekamoscisko.pl\/wp-content\/uploads\/2019\/03\/plakacik.jpg\"><img decoding=\"async\" class=\"size-full wp-image-8300 alignright\" src=\"http:\/\/bibliotekamoscisko.pl\/wp-content\/uploads\/2019\/03\/plakacik.jpg\" alt=\"\" width=\"478\" height=\"680\" srcset=\"https:\/\/bibliotekamoscisko.pl\/wp-content\/uploads\/2019\/03\/plakacik.jpg 478w, https:\/\/bibliotekamoscisko.pl\/wp-content\/uploads\/2019\/03\/plakacik-211x300.jpg 211w, https:\/\/bibliotekamoscisko.pl\/wp-content\/uploads\/2019\/03\/plakacik-1x1.jpg 1w\" sizes=\"(max-width: 478px) 100vw, 478px\" \/><\/a><\/p>\n<p>Serdecznie zapraszamy do wsp\u00f3lnego czytania i zajadania! Je\u017cycjada to niezwykle smaczne kawa\u0142ki literatury i wspania\u0142e przepisy, kt\u00f3re spr\u00f3bujemy wykorzysta\u0107 ju\u017c 30 marca. Pasty, zupy, nale\u015bniki i ciasta &#8211; mo\u017ce kto\u015b\u00a0 pochwali si\u0119 swoimi kulinarnymi umiej\u0119tno\u015bciami i przyniesie pr\u00f3bki na nasze sobotnie spotkanie? Wszystko przyjmiemy z otwartymi ramionami i z \u0142y\u017ck\u0105 oraz widelcem w d\u0142oni :).<\/p>\n<p>Na bibliotecznym FB znajdziecie kilka przepis\u00f3w prosto z ksi\u0105\u017cki Ma\u0142gorzaty Musierowicz &#8222;\u0141asuch literacki&#8221;.<a href=\"https:\/\/www.facebook.com\/events\/425671884839566\/\" target=\"_blank\" rel=\"noopener\"><strong> FB &#8211; zajrzyj TU!<\/strong><\/a><\/p>\n<p>&nbsp;<\/p>\n<p>Nie zapomnijcie r\u00f3wnie\u017c o swoich ulubionych fragmentach prozy z Je\u017cycjady. Ka\u017cdy ch\u0119tny b\u0119dzie m\u00f3g\u0142 je zaprezentowa\u0107 na naszym spotkaniu.<\/p>\n","protected":false},"excerpt":{"rendered":"<p>Serdecznie zapraszamy do wsp\u00f3lnego czytania i zajadania! Je\u017cycjada to niezwykle smaczne kawa\u0142ki literatury i wspania\u0142e przepisy, kt\u00f3re spr\u00f3bujemy wykorzysta\u0107 ju\u017c 30 marca. Pasty, zupy, nale\u015bniki i ciasta &#8211; mo\u017ce kto\u015b\u00a0 [&hellip;]<\/p>\n","protected":false},"author":1,"featured_media":0,"comment_status":"closed","ping_status":"open","sticky":false,"template":"","format":"standard","meta":{"ngg_post_thumbnail":0,"footnotes":""},"categories":[1],"tags":[],"class_list":["post-8299","post","type-post","status-publish","format-standard","hentry","category-uncategorized"],"_links":{"self":[{"href":"https:\/\/bibliotekamoscisko.pl\/index.php?rest_route=\/wp\/v2\/posts\/8299","targetHints":{"allow":["GET"]}}],"collection":[{"href":"https:\/\/bibliotekamoscisko.pl\/index.php?rest_route=\/wp\/v2\/posts"}],"about":[{"href":"https:\/\/bibliotekamoscisko.pl\/index.php?rest_route=\/wp\/v2\/types\/post"}],"author":[{"embeddable":true,"href":"https:\/\/bibliotekamoscisko.pl\/index.php?rest_route=\/wp\/v2\/users\/1"}],"replies":[{"embeddable":true,"href":"https:\/\/bibliotekamoscisko.pl\/index.php?rest_route=%2Fwp%2Fv2%2Fcomments&post=8299"}],"version-history":[{"count":1,"href":"https:\/\/bibliotekamoscisko.pl\/index.php?rest_route=\/wp\/v2\/posts\/8299\/revisions"}],"predecessor-version":[{"id":8302,"href":"https:\/\/bibliotekamoscisko.pl\/index.php?rest_route=\/wp\/v2\/posts\/8299\/revisions\/8302"}],"wp:attachment":[{"href":"https:\/\/bibliotekamoscisko.pl\/index.php?rest_route=%2Fwp%2Fv2%2Fmedia&parent=8299"}],"wp:term":[{"taxonomy":"category","embeddable":true,"href":"https:\/\/bibliotekamoscisko.pl\/index.php?rest_route=%2Fwp%2Fv2%2Fcategories&post=8299"},{"taxonomy":"post_tag","embeddable":true,"href":"https:\/\/bibliotekamoscisko.pl\/index.php?rest_route=%2Fwp%2Fv2%2Ftags&post=8299"}],"curies":[{"name":"wp","href":"https:\/\/api.w.org\/{rel}","templated":true}]}}