{"id":8303,"date":"2019-03-19T08:37:03","date_gmt":"2019-03-19T08:37:03","guid":{"rendered":"http:\/\/bibliotekamoscisko.pl\/?p=8303"},"modified":"2019-03-19T08:37:03","modified_gmt":"2019-03-19T08:37:03","slug":"wiosno-przybywaj","status":"publish","type":"post","link":"https:\/\/bibliotekamoscisko.pl\/?p=8303","title":{"rendered":"Wiosno, przybywaj!"},"content":{"rendered":"<h3 style=\"text-align: center;\">Biblioteka w Roztoczniku w pi\u0105tkowe, marcowe\u00a0 popo\u0142udnie rozpocz\u0119\u0142a cykl zaj\u0119\u0107 pod has\u0142em \u201eWiosno, przybywaj\u2026\u201d<\/h3>\n<h3><\/h3>\n<h3><a href=\"http:\/\/bibliotekamoscisko.pl\/wp-content\/uploads\/2019\/03\/20190315_163000.jpg\"><img fetchpriority=\"high\" decoding=\"async\" class=\"alignleft size-full wp-image-8304\" src=\"http:\/\/bibliotekamoscisko.pl\/wp-content\/uploads\/2019\/03\/20190315_163000.jpg\" alt=\"\" width=\"576\" height=\"768\" srcset=\"https:\/\/bibliotekamoscisko.pl\/wp-content\/uploads\/2019\/03\/20190315_163000.jpg 576w, https:\/\/bibliotekamoscisko.pl\/wp-content\/uploads\/2019\/03\/20190315_163000-225x300.jpg 225w, https:\/\/bibliotekamoscisko.pl\/wp-content\/uploads\/2019\/03\/20190315_163000-1x1.jpg 1w\" sizes=\"(max-width: 576px) 100vw, 576px\" \/><\/a>Wiosna to r\u00f3wnie\u017c czas Wielkanocy i kolejne, planowane spotkania b\u0119d\u0105 \u00a0ju\u017c wprowadza\u0107 uczestnik\u00f3w w \u015bwi\u0105teczny nastr\u00f3j. Dzieci\u00a0 wykonywa\u0142y wiosenne, kolorowe ozdoby na talerzykach, kt\u00f3re mog\u0105 zosta\u0107 wykorzystane do wiosenno \u2013 \u015bwi\u0105tecznych,\u00a0 domowych dekoracji.<\/h3>\n<p><a href=\"http:\/\/bibliotekamoscisko.pl\/wp-content\/uploads\/2019\/03\/20190315_163151.jpg\"><img decoding=\"async\" class=\"alignright wp-image-8305 size-medium\" src=\"http:\/\/bibliotekamoscisko.pl\/wp-content\/uploads\/2019\/03\/20190315_163151-225x300.jpg\" alt=\"\" width=\"225\" height=\"300\" srcset=\"https:\/\/bibliotekamoscisko.pl\/wp-content\/uploads\/2019\/03\/20190315_163151-225x300.jpg 225w, https:\/\/bibliotekamoscisko.pl\/wp-content\/uploads\/2019\/03\/20190315_163151-1x1.jpg 1w, https:\/\/bibliotekamoscisko.pl\/wp-content\/uploads\/2019\/03\/20190315_163151.jpg 576w\" sizes=\"(max-width: 225px) 100vw, 225px\" \/><\/a><\/p>\n<p>&nbsp;<\/p>\n<p>&nbsp;<\/p>\n<p>&nbsp;<\/p>\n<p>&nbsp;<\/p>\n<p><a href=\"http:\/\/bibliotekamoscisko.pl\/wp-content\/uploads\/2019\/03\/20190315_161624.jpg\"><img decoding=\"async\" class=\"alignright wp-image-8306 size-medium\" src=\"http:\/\/bibliotekamoscisko.pl\/wp-content\/uploads\/2019\/03\/20190315_161624-225x300.jpg\" alt=\"\" width=\"225\" height=\"300\" srcset=\"https:\/\/bibliotekamoscisko.pl\/wp-content\/uploads\/2019\/03\/20190315_161624-225x300.jpg 225w, https:\/\/bibliotekamoscisko.pl\/wp-content\/uploads\/2019\/03\/20190315_161624-1x1.jpg 1w, https:\/\/bibliotekamoscisko.pl\/wp-content\/uploads\/2019\/03\/20190315_161624.jpg 576w\" sizes=\"(max-width: 225px) 100vw, 225px\" \/><\/a><\/p>\n<p>&nbsp;<\/p>\n<p>&nbsp;<\/p>\n<p>&nbsp;<\/p>\n<p>&nbsp;<\/p>\n<p>&nbsp;<\/p>\n","protected":false},"excerpt":{"rendered":"<p>Biblioteka w Roztoczniku w pi\u0105tkowe, marcowe\u00a0 popo\u0142udnie rozpocz\u0119\u0142a cykl zaj\u0119\u0107 pod has\u0142em \u201eWiosno, przybywaj\u2026\u201d Wiosna to r\u00f3wnie\u017c czas Wielkanocy i kolejne, planowane spotkania b\u0119d\u0105 \u00a0ju\u017c wprowadza\u0107 uczestnik\u00f3w w \u015bwi\u0105teczny nastr\u00f3j. [&hellip;]<\/p>\n","protected":false},"author":1,"featured_media":0,"comment_status":"closed","ping_status":"open","sticky":false,"template":"","format":"standard","meta":{"ngg_post_thumbnail":0,"footnotes":""},"categories":[1],"tags":[],"class_list":["post-8303","post","type-post","status-publish","format-standard","hentry","category-uncategorized"],"_links":{"self":[{"href":"https:\/\/bibliotekamoscisko.pl\/index.php?rest_route=\/wp\/v2\/posts\/8303","targetHints":{"allow":["GET"]}}],"collection":[{"href":"https:\/\/bibliotekamoscisko.pl\/index.php?rest_route=\/wp\/v2\/posts"}],"about":[{"href":"https:\/\/bibliotekamoscisko.pl\/index.php?rest_route=\/wp\/v2\/types\/post"}],"author":[{"embeddable":true,"href":"https:\/\/bibliotekamoscisko.pl\/index.php?rest_route=\/wp\/v2\/users\/1"}],"replies":[{"embeddable":true,"href":"https:\/\/bibliotekamoscisko.pl\/index.php?rest_route=%2Fwp%2Fv2%2Fcomments&post=8303"}],"version-history":[{"count":1,"href":"https:\/\/bibliotekamoscisko.pl\/index.php?rest_route=\/wp\/v2\/posts\/8303\/revisions"}],"predecessor-version":[{"id":8308,"href":"https:\/\/bibliotekamoscisko.pl\/index.php?rest_route=\/wp\/v2\/posts\/8303\/revisions\/8308"}],"wp:attachment":[{"href":"https:\/\/bibliotekamoscisko.pl\/index.php?rest_route=%2Fwp%2Fv2%2Fmedia&parent=8303"}],"wp:term":[{"taxonomy":"category","embeddable":true,"href":"https:\/\/bibliotekamoscisko.pl\/index.php?rest_route=%2Fwp%2Fv2%2Fcategories&post=8303"},{"taxonomy":"post_tag","embeddable":true,"href":"https:\/\/bibliotekamoscisko.pl\/index.php?rest_route=%2Fwp%2Fv2%2Ftags&post=8303"}],"curies":[{"name":"wp","href":"https:\/\/api.w.org\/{rel}","templated":true}]}}