{"id":833,"date":"2014-09-16T07:50:26","date_gmt":"2014-09-16T07:50:26","guid":{"rendered":"http:\/\/bibliotekamoscisko.pl\/?p=833"},"modified":"2014-09-16T07:52:17","modified_gmt":"2014-09-16T07:52:17","slug":"kwiaty-dla-tuwima","status":"publish","type":"post","link":"https:\/\/bibliotekamoscisko.pl\/?p=833","title":{"rendered":"Kwiaty dla Tuwima"},"content":{"rendered":"<p>120 lat temu urodzi\u0142 si\u0119 Julian Tuwim. Autor niezapomnianych wierszy, b\u0142yskotliwych rym\u00f3w i wzruszaj\u0105cych liryk\u00f3w pozostawi\u0142 po sobie wspania\u0142a spu\u015bcizn\u0119. Towarzyszy\u0142 niemal ka\u017cdemu dziecku, kt\u00f3\u017c bowiem nie zna &#8222;Ptasiego radia&#8221; czy &#8222;Lokomotywy&#8221;? Doro\u015bli r\u00f3wnie\u017c nie mog\u0105 nudzi\u0107 si\u0119 w jego towarzystwie. Jego teksty kabaretowe lub te o charakterze politycznym odbija\u0142y si\u0119 echem nie tylko tu\u017c po premierze.<\/p>\n<p>13 wrze\u015bnia w bibliotece w Mo\u015bcisku uczcili\u015bmy rocznic\u0119 urodzin Juliana Tuwima czytaj\u0105c jego wiersze, opowiadaj\u0105c o tw\u00f3rczo\u015bci i \u017cyciu oraz tworz\u0105c papierowe kwiatki we wszelkich mo\u017cliwych kszta\u0142tach i kolorach. Kwiaty mo\u017cna zrobi\u0107 r\u00f3wnie\u017c w domu i do ko\u0144ca wrze\u015bnia przynie\u015b\u0107 do biblioteki, gdzie zostanie z nich stworzony wielki (mamy nadziej\u0119) bukiet na jednej ze \u015bcian wraz z podzi\u0119kowaniami dla Poety.<\/p>\n<p>Na ulicy Piotrkowskiej w \u0141odzi, przy numerze 104 stoi s\u0142ynna \u0142aweczka Tuwima. Mo\u017cna na niej przysi\u0105\u015b\u0107 i poczyta\u0107 wiersze poety. Kilkoro uczestnik\u00f3w sobotnich zaj\u0119\u0107 odwiedzi\u0142o Poet\u0119 wirtualnie i z\u0142o\u017cy\u0142o \u017cyczenia:<\/p>\n<p><a href=\"http:\/\/bibliotekamoscisko.pl\/wp-content\/uploads\/2014\/09\/Tuwim-na-\u0142aweczce-z-dzie\u0107mi1.jpg\"><img fetchpriority=\"high\" decoding=\"async\" class=\"aligncenter size-medium wp-image-835\" src=\"http:\/\/bibliotekamoscisko.pl\/wp-content\/uploads\/2014\/09\/Tuwim-na-\u0142aweczce-z-dzie\u0107mi1-300x212.jpg\" alt=\"Tuwim na \u0142aweczce z dzie\u0107mi\" width=\"300\" height=\"212\" \/><\/a><\/p>\n<p>&nbsp;<\/p>\n<p>&nbsp;<\/p>\n<p>D.W.<\/p>\n<p>http:\/\/www.youtube.com\/watch?v=NLT_Yx5yhGo<\/p>\n","protected":false},"excerpt":{"rendered":"<p>120 lat temu urodzi\u0142 si\u0119 Julian Tuwim. Autor niezapomnianych wierszy, b\u0142yskotliwych rym\u00f3w i wzruszaj\u0105cych liryk\u00f3w pozostawi\u0142 po sobie wspania\u0142a spu\u015bcizn\u0119. Towarzyszy\u0142 niemal ka\u017cdemu dziecku, kt\u00f3\u017c bowiem nie zna &#8222;Ptasiego radia&#8221; [&hellip;]<\/p>\n","protected":false},"author":1,"featured_media":0,"comment_status":"closed","ping_status":"open","sticky":false,"template":"","format":"standard","meta":{"ngg_post_thumbnail":0,"footnotes":""},"categories":[1],"tags":[],"class_list":["post-833","post","type-post","status-publish","format-standard","hentry","category-uncategorized"],"_links":{"self":[{"href":"https:\/\/bibliotekamoscisko.pl\/index.php?rest_route=\/wp\/v2\/posts\/833","targetHints":{"allow":["GET"]}}],"collection":[{"href":"https:\/\/bibliotekamoscisko.pl\/index.php?rest_route=\/wp\/v2\/posts"}],"about":[{"href":"https:\/\/bibliotekamoscisko.pl\/index.php?rest_route=\/wp\/v2\/types\/post"}],"author":[{"embeddable":true,"href":"https:\/\/bibliotekamoscisko.pl\/index.php?rest_route=\/wp\/v2\/users\/1"}],"replies":[{"embeddable":true,"href":"https:\/\/bibliotekamoscisko.pl\/index.php?rest_route=%2Fwp%2Fv2%2Fcomments&post=833"}],"version-history":[{"count":2,"href":"https:\/\/bibliotekamoscisko.pl\/index.php?rest_route=\/wp\/v2\/posts\/833\/revisions"}],"predecessor-version":[{"id":838,"href":"https:\/\/bibliotekamoscisko.pl\/index.php?rest_route=\/wp\/v2\/posts\/833\/revisions\/838"}],"wp:attachment":[{"href":"https:\/\/bibliotekamoscisko.pl\/index.php?rest_route=%2Fwp%2Fv2%2Fmedia&parent=833"}],"wp:term":[{"taxonomy":"category","embeddable":true,"href":"https:\/\/bibliotekamoscisko.pl\/index.php?rest_route=%2Fwp%2Fv2%2Fcategories&post=833"},{"taxonomy":"post_tag","embeddable":true,"href":"https:\/\/bibliotekamoscisko.pl\/index.php?rest_route=%2Fwp%2Fv2%2Ftags&post=833"}],"curies":[{"name":"wp","href":"https:\/\/api.w.org\/{rel}","templated":true}]}}