{"id":8344,"date":"2019-03-22T12:26:21","date_gmt":"2019-03-22T12:26:21","guid":{"rendered":"http:\/\/bibliotekamoscisko.pl\/?p=8344"},"modified":"2019-03-22T12:26:21","modified_gmt":"2019-03-22T12:26:21","slug":"wiosne-przywitalismy-tradycyjnie","status":"publish","type":"post","link":"https:\/\/bibliotekamoscisko.pl\/?p=8344","title":{"rendered":"Wiosn\u0119 przywitali\u015bmy tradycyjnie!"},"content":{"rendered":"<p style=\"margin: 0cm 0cm 4.5pt 0cm;\"><em><span style=\"font-size: 14.0pt; font-family: 'inherit',serif;\">A wiosna przysz\u0142a pieszo.<\/span><\/em><\/p>\n<p style=\"margin: 0cm 0cm 4.5pt 0cm;\"><em><span style=\"font-size: 14.0pt; font-family: 'inherit',serif;\">Ju\u017c kwiaty ni\u0105 si\u0119 ciesz\u0105.<\/span><\/em><\/p>\n<p style=\"margin: 0cm 0cm 4.5pt 0cm;\"><em><span style=\"font-size: 14.0pt; font-family: 'inherit',serif;\">Ju\u017c kwiaty przed ni\u0105 rosn\u0105.<\/span><\/em><\/p>\n<p style=\"margin: 0cm 0cm 4.5pt 0cm;\"><em><span style=\"font-size: 14.0pt; font-family: 'inherit',serif;\">I szumi\u0105: Witaj wiosno!<a href=\"http:\/\/bibliotekamoscisko.pl\/wp-content\/uploads\/2019\/03\/Wio.jpg\"><img fetchpriority=\"high\" decoding=\"async\" class=\"alignright size-medium wp-image-8346\" src=\"http:\/\/bibliotekamoscisko.pl\/wp-content\/uploads\/2019\/03\/Wio-300x200.jpg\" alt=\"\" width=\"300\" height=\"200\" srcset=\"https:\/\/bibliotekamoscisko.pl\/wp-content\/uploads\/2019\/03\/Wio-300x200.jpg 300w, https:\/\/bibliotekamoscisko.pl\/wp-content\/uploads\/2019\/03\/Wio-768x513.jpg 768w, https:\/\/bibliotekamoscisko.pl\/wp-content\/uploads\/2019\/03\/Wio-1x1.jpg 1w, https:\/\/bibliotekamoscisko.pl\/wp-content\/uploads\/2019\/03\/Wio.jpg 960w\" sizes=\"(max-width: 300px) 100vw, 300px\" \/><\/a><\/span><\/em><\/p>\n<p style=\"margin: 0cm 0cm 4.5pt 0cm;\"><span style=\"font-size: 14.0pt; font-family: 'inherit',serif;\">21 marca Grupa Tw\u00f3rcza w ostroszowickiej bibliotece przywita\u0142a wiosn\u0119 jak nale\u017cy! Fantastyczne dwie Panie: Izabela Gawe\u0142ek z Jadwig\u0105 Po\u0142cik zach\u0119ci\u0142y zebranych do wykonania wiosennych krokus\u00f3w i hiacynt\u00f3w. W\u015br\u00f3d rozm\u00f3w na r\u00f3\u017cne tematy oraz moment\u00f3w absolutnego skupienia powsta\u0142y kolorowe cuda! W pewnej chwili niespodziewanie do naszej biblioteki zawita\u0142y dzieci z Marzann\u0105 chc\u0105c po\u017cegna\u0107 zim\u0119 a powita\u0107 wiosn\u0119!<\/span><\/p>\n<div id='gallery-1' class='gallery galleryid-8344 gallery-columns-3 gallery-size-thumbnail'><figure class='gallery-item'>\n\t\t\t<div class='gallery-icon landscape'>\n\t\t\t\t<a href='https:\/\/bibliotekamoscisko.pl\/?attachment_id=8345'><img decoding=\"async\" width=\"150\" height=\"150\" src=\"https:\/\/bibliotekamoscisko.pl\/wp-content\/uploads\/2019\/03\/5-150x150.jpg\" class=\"attachment-thumbnail size-thumbnail\" alt=\"\" srcset=\"https:\/\/bibliotekamoscisko.pl\/wp-content\/uploads\/2019\/03\/5-150x150.jpg 150w, https:\/\/bibliotekamoscisko.pl\/wp-content\/uploads\/2019\/03\/5-1x1.jpg 1w\" sizes=\"(max-width: 150px) 100vw, 150px\" \/><\/a>\n\t\t\t<\/div><\/figure><figure class='gallery-item'>\n\t\t\t<div class='gallery-icon landscape'>\n\t\t\t\t<a href='https:\/\/bibliotekamoscisko.pl\/?attachment_id=8347'><img decoding=\"async\" width=\"150\" height=\"150\" src=\"https:\/\/bibliotekamoscisko.pl\/wp-content\/uploads\/2019\/03\/wios-150x150.jpg\" class=\"attachment-thumbnail size-thumbnail\" alt=\"\" srcset=\"https:\/\/bibliotekamoscisko.pl\/wp-content\/uploads\/2019\/03\/wios-150x150.jpg 150w, https:\/\/bibliotekamoscisko.pl\/wp-content\/uploads\/2019\/03\/wios-1x1.jpg 1w\" sizes=\"(max-width: 150px) 100vw, 150px\" \/><\/a>\n\t\t\t<\/div><\/figure><figure class='gallery-item'>\n\t\t\t<div class='gallery-icon portrait'>\n\t\t\t\t<a href='https:\/\/bibliotekamoscisko.pl\/?attachment_id=8348'><img loading=\"lazy\" decoding=\"async\" width=\"150\" height=\"150\" src=\"https:\/\/bibliotekamoscisko.pl\/wp-content\/uploads\/2019\/03\/wiosna-1-150x150.jpg\" class=\"attachment-thumbnail size-thumbnail\" alt=\"\" srcset=\"https:\/\/bibliotekamoscisko.pl\/wp-content\/uploads\/2019\/03\/wiosna-1-150x150.jpg 150w, https:\/\/bibliotekamoscisko.pl\/wp-content\/uploads\/2019\/03\/wiosna-1-1x1.jpg 1w\" sizes=\"(max-width: 150px) 100vw, 150px\" \/><\/a>\n\t\t\t<\/div><\/figure><figure class='gallery-item'>\n\t\t\t<div class='gallery-icon portrait'>\n\t\t\t\t<a href='https:\/\/bibliotekamoscisko.pl\/?attachment_id=8349'><img loading=\"lazy\" decoding=\"async\" width=\"150\" height=\"150\" src=\"https:\/\/bibliotekamoscisko.pl\/wp-content\/uploads\/2019\/03\/wiosna-150x150.jpg\" class=\"attachment-thumbnail size-thumbnail\" alt=\"\" srcset=\"https:\/\/bibliotekamoscisko.pl\/wp-content\/uploads\/2019\/03\/wiosna-150x150.jpg 150w, https:\/\/bibliotekamoscisko.pl\/wp-content\/uploads\/2019\/03\/wiosna-1x1.jpg 1w\" sizes=\"(max-width: 150px) 100vw, 150px\" \/><\/a>\n\t\t\t<\/div><\/figure><figure class='gallery-item'>\n\t\t\t<div class='gallery-icon landscape'>\n\t\t\t\t<a href='https:\/\/bibliotekamoscisko.pl\/?attachment_id=8350'><img loading=\"lazy\" decoding=\"async\" width=\"150\" height=\"150\" src=\"https:\/\/bibliotekamoscisko.pl\/wp-content\/uploads\/2019\/03\/wiosna2-150x150.jpg\" class=\"attachment-thumbnail size-thumbnail\" alt=\"\" srcset=\"https:\/\/bibliotekamoscisko.pl\/wp-content\/uploads\/2019\/03\/wiosna2-150x150.jpg 150w, https:\/\/bibliotekamoscisko.pl\/wp-content\/uploads\/2019\/03\/wiosna2-1x1.jpg 1w\" sizes=\"(max-width: 150px) 100vw, 150px\" \/><\/a>\n\t\t\t<\/div><\/figure><figure class='gallery-item'>\n\t\t\t<div class='gallery-icon landscape'>\n\t\t\t\t<a href='https:\/\/bibliotekamoscisko.pl\/?attachment_id=8352'><img loading=\"lazy\" decoding=\"async\" width=\"150\" height=\"150\" src=\"https:\/\/bibliotekamoscisko.pl\/wp-content\/uploads\/2019\/03\/wiosna4-150x150.jpg\" class=\"attachment-thumbnail size-thumbnail\" alt=\"\" srcset=\"https:\/\/bibliotekamoscisko.pl\/wp-content\/uploads\/2019\/03\/wiosna4-150x150.jpg 150w, https:\/\/bibliotekamoscisko.pl\/wp-content\/uploads\/2019\/03\/wiosna4-1x1.jpg 1w\" sizes=\"(max-width: 150px) 100vw, 150px\" \/><\/a>\n\t\t\t<\/div><\/figure>\n\t\t<\/div>\n\n<p style=\"margin: 4.5pt 0cm; text-align: center;\"><span style=\"font-size: 14.0pt; font-family: 'inherit',serif;\">\u00a0<\/span><em><span style=\"font-size: 14.0pt; font-family: 'inherit',serif;\">Zapachnia\u0142o, zaja\u015bnia\u0142o, wiosna, ach to ty!<\/span><\/em><span style=\"font-size: 14.0pt; font-family: 'inherit',serif;\"><br \/>\n<em><span style=\"font-family: 'inherit',serif;\">Wiosna, wiosna, wiosna, ach to ty!<\/span><\/em><\/span><\/p>\n<p style=\"margin: 4.5pt 0cm 4.5pt 0cm;\"><span style=\"font-size: 14.0pt; font-family: 'inherit',serif;\">mk<\/span><\/p>\n","protected":false},"excerpt":{"rendered":"<p>A wiosna przysz\u0142a pieszo. Ju\u017c kwiaty ni\u0105 si\u0119 ciesz\u0105. Ju\u017c kwiaty przed ni\u0105 rosn\u0105. I szumi\u0105: Witaj wiosno! 21 marca Grupa Tw\u00f3rcza w ostroszowickiej bibliotece przywita\u0142a wiosn\u0119 jak nale\u017cy! Fantastyczne [&hellip;]<\/p>\n","protected":false},"author":1,"featured_media":0,"comment_status":"closed","ping_status":"open","sticky":false,"template":"","format":"standard","meta":{"ngg_post_thumbnail":0,"footnotes":""},"categories":[1],"tags":[],"class_list":["post-8344","post","type-post","status-publish","format-standard","hentry","category-uncategorized"],"_links":{"self":[{"href":"https:\/\/bibliotekamoscisko.pl\/index.php?rest_route=\/wp\/v2\/posts\/8344","targetHints":{"allow":["GET"]}}],"collection":[{"href":"https:\/\/bibliotekamoscisko.pl\/index.php?rest_route=\/wp\/v2\/posts"}],"about":[{"href":"https:\/\/bibliotekamoscisko.pl\/index.php?rest_route=\/wp\/v2\/types\/post"}],"author":[{"embeddable":true,"href":"https:\/\/bibliotekamoscisko.pl\/index.php?rest_route=\/wp\/v2\/users\/1"}],"replies":[{"embeddable":true,"href":"https:\/\/bibliotekamoscisko.pl\/index.php?rest_route=%2Fwp%2Fv2%2Fcomments&post=8344"}],"version-history":[{"count":1,"href":"https:\/\/bibliotekamoscisko.pl\/index.php?rest_route=\/wp\/v2\/posts\/8344\/revisions"}],"predecessor-version":[{"id":8353,"href":"https:\/\/bibliotekamoscisko.pl\/index.php?rest_route=\/wp\/v2\/posts\/8344\/revisions\/8353"}],"wp:attachment":[{"href":"https:\/\/bibliotekamoscisko.pl\/index.php?rest_route=%2Fwp%2Fv2%2Fmedia&parent=8344"}],"wp:term":[{"taxonomy":"category","embeddable":true,"href":"https:\/\/bibliotekamoscisko.pl\/index.php?rest_route=%2Fwp%2Fv2%2Fcategories&post=8344"},{"taxonomy":"post_tag","embeddable":true,"href":"https:\/\/bibliotekamoscisko.pl\/index.php?rest_route=%2Fwp%2Fv2%2Ftags&post=8344"}],"curies":[{"name":"wp","href":"https:\/\/api.w.org\/{rel}","templated":true}]}}