{"id":840,"date":"2014-09-17T12:40:30","date_gmt":"2014-09-17T12:40:30","guid":{"rendered":"http:\/\/bibliotekamoscisko.pl\/?p=840"},"modified":"2014-09-17T12:40:30","modified_gmt":"2014-09-17T12:40:30","slug":"wizyta-przedszkolakow-w-bibliotece-w-pilawie-dolnej","status":"publish","type":"post","link":"https:\/\/bibliotekamoscisko.pl\/?p=840","title":{"rendered":"Wizyta przedszkolak\u00f3w w bibliotece w Pi\u0142awie Dolnej"},"content":{"rendered":"<p>Dnia 16 wrze\u015bnia\u00a0 Bibliotek\u0119 Publiczno-Szkoln\u0105 w Pi\u0142awie Dolnej odwiedzi\u0142a grupa przedszkolna w z wychowawc\u0105 Joann\u0105 Mrzyg\u0142\u00f3d. Dzieci zapozna\u0142y si\u0119 z ksi\u0119gozbiorem biblioteki, wybiera\u0142y ksi\u0105\u017ceczki, kt\u00f3re ch\u0119tnie wypo\u017cycz\u0105 przychodz\u0105c ze swoimi rodzicami do biblioteki. M\u00f3wili\u015bmy o tym, aby czyta\u0107 dzieciom jak najwi\u0119cej, by same dzieci mobilizowa\u0142y swoich bliskich do wsp\u00f3lnego czytania, przebywania ze sob\u0105.<\/p>\n<div id='gallery-1' class='gallery galleryid-840 gallery-columns-3 gallery-size-thumbnail'><figure class='gallery-item'>\n\t\t\t<div class='gallery-icon landscape'>\n\t\t\t\t<a href='https:\/\/bibliotekamoscisko.pl\/?attachment_id=841'><img decoding=\"async\" width=\"150\" height=\"150\" src=\"https:\/\/bibliotekamoscisko.pl\/wp-content\/uploads\/2014\/09\/IMG_1479-150x150.jpeg\" class=\"attachment-thumbnail size-thumbnail\" alt=\"\" \/><\/a>\n\t\t\t<\/div><\/figure>\n\t\t<\/div>\n\n<p>W\u015br\u00f3d ksi\u0105\u017cek dzieci mog\u0105 znale\u017a\u0107 swoich ulubionych bohater\u00f3w ksi\u0105\u017ckowych. Dzieci malowa\u0142y swoje portrety, opowiada\u0142y o tym co widz\u0105 w bibliotece i czego jest tam najwi\u0119cej.<\/p>\n<p>Dzi\u0119kuj\u0119 za mi\u0142e odwiedziny, zapraszam ponownie do naszej biblioteki.<\/p>\n<p>Wanda Kun<\/p>\n","protected":false},"excerpt":{"rendered":"<p>Dnia 16 wrze\u015bnia\u00a0 Bibliotek\u0119 Publiczno-Szkoln\u0105 w Pi\u0142awie Dolnej odwiedzi\u0142a grupa przedszkolna w z wychowawc\u0105 Joann\u0105 Mrzyg\u0142\u00f3d. Dzieci zapozna\u0142y si\u0119 z ksi\u0119gozbiorem biblioteki, wybiera\u0142y ksi\u0105\u017ceczki, kt\u00f3re ch\u0119tnie wypo\u017cycz\u0105 przychodz\u0105c ze swoimi [&hellip;]<\/p>\n","protected":false},"author":1,"featured_media":0,"comment_status":"closed","ping_status":"open","sticky":false,"template":"","format":"standard","meta":{"ngg_post_thumbnail":0,"footnotes":""},"categories":[1],"tags":[],"class_list":["post-840","post","type-post","status-publish","format-standard","hentry","category-uncategorized"],"_links":{"self":[{"href":"https:\/\/bibliotekamoscisko.pl\/index.php?rest_route=\/wp\/v2\/posts\/840","targetHints":{"allow":["GET"]}}],"collection":[{"href":"https:\/\/bibliotekamoscisko.pl\/index.php?rest_route=\/wp\/v2\/posts"}],"about":[{"href":"https:\/\/bibliotekamoscisko.pl\/index.php?rest_route=\/wp\/v2\/types\/post"}],"author":[{"embeddable":true,"href":"https:\/\/bibliotekamoscisko.pl\/index.php?rest_route=\/wp\/v2\/users\/1"}],"replies":[{"embeddable":true,"href":"https:\/\/bibliotekamoscisko.pl\/index.php?rest_route=%2Fwp%2Fv2%2Fcomments&post=840"}],"version-history":[{"count":1,"href":"https:\/\/bibliotekamoscisko.pl\/index.php?rest_route=\/wp\/v2\/posts\/840\/revisions"}],"predecessor-version":[{"id":846,"href":"https:\/\/bibliotekamoscisko.pl\/index.php?rest_route=\/wp\/v2\/posts\/840\/revisions\/846"}],"wp:attachment":[{"href":"https:\/\/bibliotekamoscisko.pl\/index.php?rest_route=%2Fwp%2Fv2%2Fmedia&parent=840"}],"wp:term":[{"taxonomy":"category","embeddable":true,"href":"https:\/\/bibliotekamoscisko.pl\/index.php?rest_route=%2Fwp%2Fv2%2Fcategories&post=840"},{"taxonomy":"post_tag","embeddable":true,"href":"https:\/\/bibliotekamoscisko.pl\/index.php?rest_route=%2Fwp%2Fv2%2Ftags&post=840"}],"curies":[{"name":"wp","href":"https:\/\/api.w.org\/{rel}","templated":true}]}}