{"id":8533,"date":"2019-04-15T10:10:54","date_gmt":"2019-04-15T10:10:54","guid":{"rendered":"http:\/\/bibliotekamoscisko.pl\/?p=8533"},"modified":"2019-04-15T10:10:54","modified_gmt":"2019-04-15T10:10:54","slug":"swieto-drzewa-w-bibliotece","status":"publish","type":"post","link":"https:\/\/bibliotekamoscisko.pl\/?p=8533","title":{"rendered":"\u015awi\u0119to drzewa w bibliotece!"},"content":{"rendered":"<p>Ksi\u0105\u017cka Petera Wohllebena ,,O czym szumi\u0105 drzewa&#8221; brzmi jak bajka, ale bajk\u0105 nie jest. 10 kwietnia dwie klasy &#8211; druga i trzecia\u00a0 &#8211; uczestniczy\u0142y w lekcji bibliotecznej, kt\u00f3r\u0105 po\u015bwi\u0119cili\u015bmy na uczczenie \u015awi\u0119ta drzewa. Uczniowie kochaj\u0105cy przyrod\u0119 mieli znakomit\u0105 okazj\u0119 na dokonanie wspania\u0142ych odkry\u0107 dotycz\u0105cych drzew. Nasza analogowa wyprawa do lasu by\u0142a bardzo interesuj\u0105ca. Ciekawostki o tym jak funkcjonuj\u0105 drzewa, jak przebiega \u017cycie rodzinne lasu, o wyj\u0105tkowo\u015bci ka\u017cdego drzewa, o powi\u0105zaniach rodzinnych i przyja\u017aniach drzew jednego gatunku, s\u0142abo\u015bciach i m\u0105dro\u015bci przyrody zach\u0119ci\u0142y uczni\u00f3w do wnikliwej analizy korzy\u015bci wynikaj\u0105cych z dbania o lasy. Mn\u00f3stwo intryguj\u0105cych pyta\u0144 typu: sk\u0105d si\u0119 bior\u0105 drzewne dzieci, czego ucz\u0105 si\u0119 w le\u015bnej szkole dzieci drzew, czy pytanie o to czy drzewo mo\u017ce schudn\u0105\u0107, spowodowa\u0142o burz\u0119 m\u00f3zg\u00f3w. Omawiana ksi\u0105\u017cka wyj\u0105tkowo zainteresowa\u0142a uczni\u00f3w i rozbudzi\u0142a\u00a0 nieograniczon\u0105 ciekawo\u015b\u0107. Podczas wymy\u015blania sposob\u00f3w wykorzystania drzew do zabawy, dzieci stwierdzi\u0142y, i\u017c wspaniale by\u0142oby\u00a0 stworzy\u0107 funkcjonalny domek na drzewie. Z pomoc\u0105 ksi\u0105\u017cek wybra\u0142y najciekawsze pomys\u0142y drzewnych domk\u00f3w.<\/p>\n<div id='gallery-1' class='gallery galleryid-8533 gallery-columns-3 gallery-size-thumbnail'><figure class='gallery-item'>\n\t\t\t<div class='gallery-icon portrait'>\n\t\t\t\t<a href='https:\/\/bibliotekamoscisko.pl\/?attachment_id=8534'><img decoding=\"async\" width=\"150\" height=\"150\" src=\"https:\/\/bibliotekamoscisko.pl\/wp-content\/uploads\/2019\/04\/32-150x150.jpg\" class=\"attachment-thumbnail size-thumbnail\" alt=\"\" srcset=\"https:\/\/bibliotekamoscisko.pl\/wp-content\/uploads\/2019\/04\/32-150x150.jpg 150w, https:\/\/bibliotekamoscisko.pl\/wp-content\/uploads\/2019\/04\/32-1x1.jpg 1w\" sizes=\"(max-width: 150px) 100vw, 150px\" \/><\/a>\n\t\t\t<\/div><\/figure><figure class='gallery-item'>\n\t\t\t<div class='gallery-icon portrait'>\n\t\t\t\t<a href='https:\/\/bibliotekamoscisko.pl\/?attachment_id=8535'><img decoding=\"async\" width=\"150\" height=\"150\" src=\"https:\/\/bibliotekamoscisko.pl\/wp-content\/uploads\/2019\/04\/33-150x150.jpg\" class=\"attachment-thumbnail size-thumbnail\" alt=\"\" srcset=\"https:\/\/bibliotekamoscisko.pl\/wp-content\/uploads\/2019\/04\/33-150x150.jpg 150w, https:\/\/bibliotekamoscisko.pl\/wp-content\/uploads\/2019\/04\/33-1x1.jpg 1w\" sizes=\"(max-width: 150px) 100vw, 150px\" \/><\/a>\n\t\t\t<\/div><\/figure><figure class='gallery-item'>\n\t\t\t<div class='gallery-icon landscape'>\n\t\t\t\t<a href='https:\/\/bibliotekamoscisko.pl\/?attachment_id=8537'><img decoding=\"async\" width=\"150\" height=\"150\" src=\"https:\/\/bibliotekamoscisko.pl\/wp-content\/uploads\/2019\/04\/35-150x150.jpg\" class=\"attachment-thumbnail size-thumbnail\" alt=\"\" srcset=\"https:\/\/bibliotekamoscisko.pl\/wp-content\/uploads\/2019\/04\/35-150x150.jpg 150w, https:\/\/bibliotekamoscisko.pl\/wp-content\/uploads\/2019\/04\/35-1x1.jpg 1w\" sizes=\"(max-width: 150px) 100vw, 150px\" \/><\/a>\n\t\t\t<\/div><\/figure><figure class='gallery-item'>\n\t\t\t<div class='gallery-icon landscape'>\n\t\t\t\t<a href='https:\/\/bibliotekamoscisko.pl\/?attachment_id=8538'><img loading=\"lazy\" decoding=\"async\" width=\"150\" height=\"150\" src=\"https:\/\/bibliotekamoscisko.pl\/wp-content\/uploads\/2019\/04\/36-150x150.jpg\" class=\"attachment-thumbnail size-thumbnail\" alt=\"\" srcset=\"https:\/\/bibliotekamoscisko.pl\/wp-content\/uploads\/2019\/04\/36-150x150.jpg 150w, https:\/\/bibliotekamoscisko.pl\/wp-content\/uploads\/2019\/04\/36-1x1.jpg 1w\" sizes=\"(max-width: 150px) 100vw, 150px\" \/><\/a>\n\t\t\t<\/div><\/figure><figure class='gallery-item'>\n\t\t\t<div class='gallery-icon landscape'>\n\t\t\t\t<a href='https:\/\/bibliotekamoscisko.pl\/?attachment_id=8539'><img loading=\"lazy\" decoding=\"async\" width=\"150\" height=\"150\" src=\"https:\/\/bibliotekamoscisko.pl\/wp-content\/uploads\/2019\/04\/37-150x150.jpg\" class=\"attachment-thumbnail size-thumbnail\" alt=\"\" srcset=\"https:\/\/bibliotekamoscisko.pl\/wp-content\/uploads\/2019\/04\/37-150x150.jpg 150w, https:\/\/bibliotekamoscisko.pl\/wp-content\/uploads\/2019\/04\/37-1x1.jpg 1w\" sizes=\"(max-width: 150px) 100vw, 150px\" \/><\/a>\n\t\t\t<\/div><\/figure><figure class='gallery-item'>\n\t\t\t<div class='gallery-icon portrait'>\n\t\t\t\t<a href='https:\/\/bibliotekamoscisko.pl\/?attachment_id=8540'><img loading=\"lazy\" decoding=\"async\" width=\"150\" height=\"150\" src=\"https:\/\/bibliotekamoscisko.pl\/wp-content\/uploads\/2019\/04\/DSC_1064-e1555323023751-150x150.jpg\" class=\"attachment-thumbnail size-thumbnail\" alt=\"\" srcset=\"https:\/\/bibliotekamoscisko.pl\/wp-content\/uploads\/2019\/04\/DSC_1064-e1555323023751-150x150.jpg 150w, https:\/\/bibliotekamoscisko.pl\/wp-content\/uploads\/2019\/04\/DSC_1064-e1555323023751-1x1.jpg 1w\" sizes=\"(max-width: 150px) 100vw, 150px\" \/><\/a>\n\t\t\t<\/div><\/figure>\n\t\t<\/div>\n\n<p>Na zako\u0144czenie fantastycznego spotkania, podczas podsumowania, dzieci stwierdzi\u0142y, \u017ce \u017cycie bez drzew nie mog\u0142oby istnie\u0107. Z wykorzystaniem farb i rurek stworzyli\u015bmy w Ostroszowicach razem swoje drzewo. Na zako\u0144czenie spotkania odta\u0144czyli\u015bmy brawurowo taniec wywo\u0142uj\u0105cy deszcz.<\/p>\n<p>Bez wody te\u017c nie by\u0142oby \u017cycia!<\/p>\n<p>mk<\/p>\n","protected":false},"excerpt":{"rendered":"<p>Ksi\u0105\u017cka Petera Wohllebena ,,O czym szumi\u0105 drzewa&#8221; brzmi jak bajka, ale bajk\u0105 nie jest. 10 kwietnia dwie klasy &#8211; druga i trzecia\u00a0 &#8211; uczestniczy\u0142y w lekcji bibliotecznej, kt\u00f3r\u0105 po\u015bwi\u0119cili\u015bmy na [&hellip;]<\/p>\n","protected":false},"author":1,"featured_media":0,"comment_status":"closed","ping_status":"open","sticky":false,"template":"","format":"standard","meta":{"ngg_post_thumbnail":0,"footnotes":""},"categories":[1],"tags":[],"class_list":["post-8533","post","type-post","status-publish","format-standard","hentry","category-uncategorized"],"_links":{"self":[{"href":"https:\/\/bibliotekamoscisko.pl\/index.php?rest_route=\/wp\/v2\/posts\/8533","targetHints":{"allow":["GET"]}}],"collection":[{"href":"https:\/\/bibliotekamoscisko.pl\/index.php?rest_route=\/wp\/v2\/posts"}],"about":[{"href":"https:\/\/bibliotekamoscisko.pl\/index.php?rest_route=\/wp\/v2\/types\/post"}],"author":[{"embeddable":true,"href":"https:\/\/bibliotekamoscisko.pl\/index.php?rest_route=\/wp\/v2\/users\/1"}],"replies":[{"embeddable":true,"href":"https:\/\/bibliotekamoscisko.pl\/index.php?rest_route=%2Fwp%2Fv2%2Fcomments&post=8533"}],"version-history":[{"count":1,"href":"https:\/\/bibliotekamoscisko.pl\/index.php?rest_route=\/wp\/v2\/posts\/8533\/revisions"}],"predecessor-version":[{"id":8541,"href":"https:\/\/bibliotekamoscisko.pl\/index.php?rest_route=\/wp\/v2\/posts\/8533\/revisions\/8541"}],"wp:attachment":[{"href":"https:\/\/bibliotekamoscisko.pl\/index.php?rest_route=%2Fwp%2Fv2%2Fmedia&parent=8533"}],"wp:term":[{"taxonomy":"category","embeddable":true,"href":"https:\/\/bibliotekamoscisko.pl\/index.php?rest_route=%2Fwp%2Fv2%2Fcategories&post=8533"},{"taxonomy":"post_tag","embeddable":true,"href":"https:\/\/bibliotekamoscisko.pl\/index.php?rest_route=%2Fwp%2Fv2%2Ftags&post=8533"}],"curies":[{"name":"wp","href":"https:\/\/api.w.org\/{rel}","templated":true}]}}