{"id":8553,"date":"2019-04-15T13:38:40","date_gmt":"2019-04-15T13:38:40","guid":{"rendered":"http:\/\/bibliotekamoscisko.pl\/?p=8553"},"modified":"2019-04-15T13:38:40","modified_gmt":"2019-04-15T13:38:40","slug":"wielkamoc-tradycji-po-raz-pierwszy-w-dzierzoniowie","status":"publish","type":"post","link":"https:\/\/bibliotekamoscisko.pl\/?p=8553","title":{"rendered":"WielkaMoc Tradycji po raz pierwszy w Dzier\u017coniowie"},"content":{"rendered":"<p><strong>\u00a0<\/strong><\/p>\n<p>Wielka jest moc tradycji. Impreza zorganizowana po raz pierwszy wsp\u00f3lnie przez Powiat Dzier\u017coniowski, Miasto Dzier\u017coni\u00f3w oraz Gmin\u0119 Dzier\u017coni\u00f3w, spotka\u0142a si\u0119 z pozytywnym odzewem mieszka\u0144c\u00f3w. Dzier\u017coniowski O\u015brodek Kultury pod swoim dachem go\u015bci\u0142 ko\u0142a gospody\u0144 wiejskich, stowarzyszenia, r\u0119kodzielnik\u00f3w, organizacje pozarz\u0105dowe \u00a0i zespo\u0142y ludowe. \u00a0Na kolorowych sto\u0142ach kr\u00f3lowa\u0142y babki wielkanocne, pisanki i palmy.<\/p>\n<p>Na terenie przed budynkiem odby\u0142 si\u0119 tak\u017ce Jarmark Wielkanocny, gdzie by\u0142o mo\u017cna zakupi\u0107 pyszne domowe wyroby. Zapachy kusi\u0142y r\u00f3wnie mocno jak kolory, kt\u00f3re cieszy\u0142y oczy w ka\u017cdym k\u0105cie. Tradycyjny \u017curek znika\u0142 w rekordowym tempie a podczas rozm\u00f3w z gospodyniami mo\u017cna by\u0142o uzyska\u0107 tajne przepisy na najlepsze potrawy wielkanocne. Przepi\u0119knie przygotowane sto\u0142y wielkanocne by\u0142y wci\u0105\u017c fotografowane z podziwem przez wszystkich, kt\u00f3rzy pojawili si\u0119 w sali koncertowej i Galerii na Pi\u0119trze. Tematem przewodnim by\u0142o oczywi\u015bcie jajko. Trudno by\u0142o od nich oderwa\u0107 wzrok. Mo\u017ce zainspiruj\u0105 do stworzenia domowych wariant\u00f3w wersji wystawowej? Swoje sto\u0142y zaprezentowa\u0142y m.in. Ko\u0142o Gospody\u0144 Wiejskich &#8222;Niezapominajki&#8221; z W\u0142\u00f3k, \u00a0\u00a0Owiesna,\u00a0 Ostroszowic, Mo\u015bciska, Uciechowa, Stowarzyszenie Przyjaci\u00f3\u0142 Pojany oraz So\u0142ectwo Pi\u0142awa Dolna i My\u015blisz\u00f3w. Oblegane by\u0142y te\u017c wystawy pi\u0119knych prac Antoniny Maci\u0105tek i Lucyny Paj\u0105k.<\/p>\n<p>W\u015br\u00f3d go\u015bci pojawili si\u0119 mi\u0119dzy innymi: Marcin Gw\u00f3\u017ad\u017a wicemarsza\u0142ek wojew\u00f3dztwa dolno\u015bl\u0105skiego, Grzegorz Kosowski starosta dzier\u017coniowski, Dariusz Kucharski burmistrz Dzier\u017coniowa, Dorota Pieszczuch zast\u0119pca burmistrza Dzier\u017coniowa, Jolanta Zarzeka zast\u0119pca w\u00f3jta gminy Dzier\u017coni\u00f3w i Pawe\u0142 Czyszczo\u0144 dyrektor Wydzia\u0142u Obszar\u00f3w Wiejskich Urz\u0119du Marsza\u0142kowskiego.<\/p>\n<p>Du\u017co rado\u015bci sprawi\u0142 te\u017c konkurs zbijania jaj. Nie by\u0142o \u0142atwo uzyska\u0107 Tytu\u0142 Wielkanocnego Mocarza! Okrzyki triumfu s\u0142ycha\u0107 by\u0142o ponad muzyk\u0105 ch\u00f3r\u00f3w i zespo\u0142\u00f3w ludowych, prezentuj\u0105cych swe umiej\u0119tno\u015bci na scenie. Tak dobr\u0105 zabaw\u0119 koniecznie nale\u017cy powt\u00f3rzy\u0107. Do zobaczenia za rok!<\/p>\n<p>&nbsp;<\/p>\n<p><a href=\"http:\/\/bibliotekamoscisko.pl\/wp-content\/uploads\/2019\/04\/56997671_2300991000177562_2702406505113583616_o.jpg\"><img fetchpriority=\"high\" decoding=\"async\" class=\"aligncenter size-full wp-image-8554\" src=\"http:\/\/bibliotekamoscisko.pl\/wp-content\/uploads\/2019\/04\/56997671_2300991000177562_2702406505113583616_o.jpg\" alt=\"\" width=\"2048\" height=\"1365\" srcset=\"https:\/\/bibliotekamoscisko.pl\/wp-content\/uploads\/2019\/04\/56997671_2300991000177562_2702406505113583616_o.jpg 2048w, https:\/\/bibliotekamoscisko.pl\/wp-content\/uploads\/2019\/04\/56997671_2300991000177562_2702406505113583616_o-300x200.jpg 300w, https:\/\/bibliotekamoscisko.pl\/wp-content\/uploads\/2019\/04\/56997671_2300991000177562_2702406505113583616_o-768x512.jpg 768w, https:\/\/bibliotekamoscisko.pl\/wp-content\/uploads\/2019\/04\/56997671_2300991000177562_2702406505113583616_o-1024x683.jpg 1024w, https:\/\/bibliotekamoscisko.pl\/wp-content\/uploads\/2019\/04\/56997671_2300991000177562_2702406505113583616_o-2x1.jpg 2w\" sizes=\"(max-width: 2048px) 100vw, 2048px\" \/>Z<\/a>apraszamy do galerii zdj\u0119\u0107 na naszym profilu FB &#8211; <a href=\"https:\/\/www.facebook.com\/gminnabibliotekapubliczna.moscisko\/photos\/ms.c.eJxFk8mRxUAIQzOaYl~;yT2wKteFfXwkhtbEoUVdTqjNT1Z88IBRlZrSgIkbB0h~;IbuLMCl0FM4DzAhGM5CpSaBRtsor0Z0qrsJ61nrelahRCuSP6gvUF05dDLocnAPl6ZML0gqUqTONytMJUd6TVB2ifaaFc1ufRLK3OVBELTAFcFngC6Je0yWw8gg84Ru49mkIAVBfkA1uuOeFhdR79cvTmEEZb5k1KZfA4wIQXc19TMZQz4QM1HlR0bQUjdqCg4AOiz0PPgxAsa4NZSJTp78VMJul8vgVlUJgtIJhKnIKhaF6FOsqFrUINSXVPqjUUHt3roQUg59FvS55HyhtZD2sfwJELbM6S3BY4oUvdE1oimB~;wF71~_0VVf0g2mRejC3xV2Ks~_I927Jd2NyN5apUPiN~_JhG05oWz98QZauIQDmiLRc9f5TG3Wkyyknu2ihcofIeTD4gByIRTOWCdSCYHgjGiG79oqf4jZAgetA~;J97sbQ~-~-.bps.a.2300987106844618\/2300989073511088\/?type=3&amp;theater\" target=\"_blank\" rel=\"noopener\">ZAJRZYJ<\/a><\/p>\n<p>&nbsp;<\/p>\n","protected":false},"excerpt":{"rendered":"<p>\u00a0 Wielka jest moc tradycji. Impreza zorganizowana po raz pierwszy wsp\u00f3lnie przez Powiat Dzier\u017coniowski, Miasto Dzier\u017coni\u00f3w oraz Gmin\u0119 Dzier\u017coni\u00f3w, spotka\u0142a si\u0119 z pozytywnym odzewem mieszka\u0144c\u00f3w. Dzier\u017coniowski O\u015brodek Kultury pod swoim [&hellip;]<\/p>\n","protected":false},"author":1,"featured_media":0,"comment_status":"closed","ping_status":"open","sticky":false,"template":"","format":"standard","meta":{"ngg_post_thumbnail":0,"footnotes":""},"categories":[1],"tags":[],"class_list":["post-8553","post","type-post","status-publish","format-standard","hentry","category-uncategorized"],"_links":{"self":[{"href":"https:\/\/bibliotekamoscisko.pl\/index.php?rest_route=\/wp\/v2\/posts\/8553","targetHints":{"allow":["GET"]}}],"collection":[{"href":"https:\/\/bibliotekamoscisko.pl\/index.php?rest_route=\/wp\/v2\/posts"}],"about":[{"href":"https:\/\/bibliotekamoscisko.pl\/index.php?rest_route=\/wp\/v2\/types\/post"}],"author":[{"embeddable":true,"href":"https:\/\/bibliotekamoscisko.pl\/index.php?rest_route=\/wp\/v2\/users\/1"}],"replies":[{"embeddable":true,"href":"https:\/\/bibliotekamoscisko.pl\/index.php?rest_route=%2Fwp%2Fv2%2Fcomments&post=8553"}],"version-history":[{"count":1,"href":"https:\/\/bibliotekamoscisko.pl\/index.php?rest_route=\/wp\/v2\/posts\/8553\/revisions"}],"predecessor-version":[{"id":8555,"href":"https:\/\/bibliotekamoscisko.pl\/index.php?rest_route=\/wp\/v2\/posts\/8553\/revisions\/8555"}],"wp:attachment":[{"href":"https:\/\/bibliotekamoscisko.pl\/index.php?rest_route=%2Fwp%2Fv2%2Fmedia&parent=8553"}],"wp:term":[{"taxonomy":"category","embeddable":true,"href":"https:\/\/bibliotekamoscisko.pl\/index.php?rest_route=%2Fwp%2Fv2%2Fcategories&post=8553"},{"taxonomy":"post_tag","embeddable":true,"href":"https:\/\/bibliotekamoscisko.pl\/index.php?rest_route=%2Fwp%2Fv2%2Ftags&post=8553"}],"curies":[{"name":"wp","href":"https:\/\/api.w.org\/{rel}","templated":true}]}}