{"id":8622,"date":"2019-04-23T06:49:46","date_gmt":"2019-04-23T06:49:46","guid":{"rendered":"http:\/\/bibliotekamoscisko.pl\/?p=8622"},"modified":"2019-04-23T06:49:46","modified_gmt":"2019-04-23T06:49:46","slug":"mala-ksiazka-wielki-czlowiek-3","status":"publish","type":"post","link":"https:\/\/bibliotekamoscisko.pl\/?p=8622","title":{"rendered":"Ma\u0142a ksi\u0105\u017cka &#8211; wielki cz\u0142owiek"},"content":{"rendered":"<p><a href=\"http:\/\/bibliotekamoscisko.pl\/wp-content\/uploads\/2018\/08\/mkwc-logo.png\"><img fetchpriority=\"high\" decoding=\"async\" class=\"alignright size-full wp-image-7035\" src=\"http:\/\/bibliotekamoscisko.pl\/wp-content\/uploads\/2018\/08\/mkwc-logo.png\" alt=\"\" width=\"801\" height=\"529\" srcset=\"https:\/\/bibliotekamoscisko.pl\/wp-content\/uploads\/2018\/08\/mkwc-logo.png 801w, https:\/\/bibliotekamoscisko.pl\/wp-content\/uploads\/2018\/08\/mkwc-logo-300x198.png 300w, https:\/\/bibliotekamoscisko.pl\/wp-content\/uploads\/2018\/08\/mkwc-logo-768x507.png 768w, https:\/\/bibliotekamoscisko.pl\/wp-content\/uploads\/2018\/08\/mkwc-logo-2x1.png 2w\" sizes=\"(max-width: 801px) 100vw, 801px\" \/><\/a><\/p>\n<p>Mi\u0142o nam poinformowa\u0107, \u017ce Biblioteka Publiczna Gminy Dzier\u017coni\u00f3w im. W\u0142adys\u0142awa Reymonta zosta\u0142a zakwalifikowana do projektu &#8222;Ma\u0142a ksi\u0105\u017cka &#8211; wielki cz\u0142owiek&#8221;.\u00a0<strong> Ju\u017c jesieni\u0105 2019 roku na\u00a0wszystkie dzieci w\u00a0wieku przedszkolnym, we wszystkich naszych filiach bibliotecznych, b\u0119dzie\u00a0 czeka\u0107 wyj\u0105tkowy prezent \u2013 Wyprawka Czytelnicza na\u00a0dobry czytelniczy start.\u00a0<\/strong>W\u00a0wyprawce dzieci znajd\u0105 wyj\u0105tkow\u0105 ksi\u0105\u017ck\u0119, dostosowan\u0105 pod\u00a0wzgl\u0119dem formy i\u00a0tre\u015bci do\u00a0potrzeb przedszkolaka i\u00a0 spe\u0142niaj\u0105c\u0105 najwy\u017csze standardy w\u00a0projektowaniu pi\u0119knych i\u00a0m\u0105drych ksi\u0105\u017cek dla najm\u0142odszych, a\u00a0tak\u017ce Kart\u0119 Ma\u0142ego Czytelnika. Za\u00a0ka\u017cd\u0105 wizyt\u0119 w\u00a0bibliotece, zako\u0144czon\u0105 wypo\u017cyczeniem minimum jednej ksi\u0105\u017cki z\u00a0ksi\u0119gozbioru dzieci\u0119cego, Ma\u0142y Czytelnik otrzyma naklejk\u0119, a\u00a0po\u00a0zebraniu dziesi\u0119ciu zostanie uhonorowany imiennym dyplomem potwierdzaj\u0105cym jego czytelnicze zainteresowania.<\/p>\n<p>W\u00a0Wyprawce znajd\u0105 co\u015b dla siebie tak\u017ce rodzice \u2013 przygotowana dla nich broszura informacyjna przypomni o\u00a0nieocenionej roli czytania w\u00a0rozwoju ich dziecka oraz\u00a0o\u00a0rozmaitych korzy\u015bciach wynikaj\u0105cych z\u00a0cz\u0119stego odwiedzania biblioteki.<\/p>\n<p style=\"text-align: center;\"><strong>Udzia\u0142 w projekcie bookstartowym,\u00a0 organizowanym przez\u00a0Instytut Ksi\u0105\u017cki, jest bezp\u0142atny zar\u00f3wno dla dzieci, jak i ich rodzic\u00f3w.<\/strong><\/p>\n<p><iframe title=\"Dzieci m\u00f3wi\u0105 o...\" width=\"683\" height=\"384\" src=\"https:\/\/www.youtube.com\/embed\/aOWGbcZ8tYQ?feature=oembed\" frameborder=\"0\" allow=\"accelerometer; autoplay; clipboard-write; encrypted-media; gyroscope; picture-in-picture\" allowfullscreen><\/iframe><\/p>\n<blockquote class=\"white\"><p>&#8222;Naszym zaproszeniem w\u00a0\u015bwiat literacki jest wyb\u00f3r wierszy dla dzieci autorstwa wybitnych polskich poet\u00f3w (m.in. Jana Brzechwy, Juliana Tuwima, Wandy Chotomskiej, Joanny Papuzi\u0144skiej), pi\u0119knie zilustrowany przez ma\u0142\u017ce\u0144stwo artyst\u00f3w \u2013 Ew\u0119 Kozyr\u0119-Pawlak i Paw\u0142a Pawlaka, a\u00a0przewodnikiem po tym \u015bwiecie \u2013 broszura ukazuj\u0105ca nieocenion\u0105 rol\u0119 ksi\u0105\u017cek w\u00a0rozwoju dziecka\u201d.<br \/>\nDariusz Jaworski,<\/p><\/blockquote>\n<p class=\"text-center white\" style=\"text-align: center;\"><a href=\"http:\/\/bibliotekamoscisko.pl\/wp-content\/uploads\/2019\/04\/indeks.png\"><img decoding=\"async\" class=\"aligncenter size-medium wp-image-8623\" src=\"http:\/\/bibliotekamoscisko.pl\/wp-content\/uploads\/2019\/04\/indeks-300x93.png\" alt=\"\" width=\"300\" height=\"93\" srcset=\"https:\/\/bibliotekamoscisko.pl\/wp-content\/uploads\/2019\/04\/indeks-300x93.png 300w, https:\/\/bibliotekamoscisko.pl\/wp-content\/uploads\/2019\/04\/indeks-3x1.png 3w, https:\/\/bibliotekamoscisko.pl\/wp-content\/uploads\/2019\/04\/indeks.png 403w\" sizes=\"(max-width: 300px) 100vw, 300px\" \/><\/a><\/p>\n","protected":false},"excerpt":{"rendered":"<p>Mi\u0142o nam poinformowa\u0107, \u017ce Biblioteka Publiczna Gminy Dzier\u017coni\u00f3w im. W\u0142adys\u0142awa Reymonta zosta\u0142a zakwalifikowana do projektu &#8222;Ma\u0142a ksi\u0105\u017cka &#8211; wielki cz\u0142owiek&#8221;.\u00a0 Ju\u017c jesieni\u0105 2019 roku na\u00a0wszystkie dzieci w\u00a0wieku przedszkolnym, we wszystkich [&hellip;]<\/p>\n","protected":false},"author":1,"featured_media":0,"comment_status":"closed","ping_status":"open","sticky":false,"template":"","format":"standard","meta":{"ngg_post_thumbnail":0,"footnotes":""},"categories":[1],"tags":[],"class_list":["post-8622","post","type-post","status-publish","format-standard","hentry","category-uncategorized"],"_links":{"self":[{"href":"https:\/\/bibliotekamoscisko.pl\/index.php?rest_route=\/wp\/v2\/posts\/8622","targetHints":{"allow":["GET"]}}],"collection":[{"href":"https:\/\/bibliotekamoscisko.pl\/index.php?rest_route=\/wp\/v2\/posts"}],"about":[{"href":"https:\/\/bibliotekamoscisko.pl\/index.php?rest_route=\/wp\/v2\/types\/post"}],"author":[{"embeddable":true,"href":"https:\/\/bibliotekamoscisko.pl\/index.php?rest_route=\/wp\/v2\/users\/1"}],"replies":[{"embeddable":true,"href":"https:\/\/bibliotekamoscisko.pl\/index.php?rest_route=%2Fwp%2Fv2%2Fcomments&post=8622"}],"version-history":[{"count":1,"href":"https:\/\/bibliotekamoscisko.pl\/index.php?rest_route=\/wp\/v2\/posts\/8622\/revisions"}],"predecessor-version":[{"id":8624,"href":"https:\/\/bibliotekamoscisko.pl\/index.php?rest_route=\/wp\/v2\/posts\/8622\/revisions\/8624"}],"wp:attachment":[{"href":"https:\/\/bibliotekamoscisko.pl\/index.php?rest_route=%2Fwp%2Fv2%2Fmedia&parent=8622"}],"wp:term":[{"taxonomy":"category","embeddable":true,"href":"https:\/\/bibliotekamoscisko.pl\/index.php?rest_route=%2Fwp%2Fv2%2Fcategories&post=8622"},{"taxonomy":"post_tag","embeddable":true,"href":"https:\/\/bibliotekamoscisko.pl\/index.php?rest_route=%2Fwp%2Fv2%2Ftags&post=8622"}],"curies":[{"name":"wp","href":"https:\/\/api.w.org\/{rel}","templated":true}]}}