{"id":8640,"date":"2019-04-26T13:07:08","date_gmt":"2019-04-26T13:07:08","guid":{"rendered":"http:\/\/bibliotekamoscisko.pl\/?p=8640"},"modified":"2019-04-26T13:07:08","modified_gmt":"2019-04-26T13:07:08","slug":"swietujmy-razem-dzien-bibliotekarza","status":"publish","type":"post","link":"https:\/\/bibliotekamoscisko.pl\/?p=8640","title":{"rendered":"\u015awi\u0119tujmy razem Dzie\u0144 Bibliotekarza!"},"content":{"rendered":"<p><a href=\"http:\/\/bibliotekamoscisko.pl\/wp-content\/uploads\/2019\/04\/58382721_2246683138758507_1154411420171894784_n.png\"><img fetchpriority=\"high\" decoding=\"async\" class=\"aligncenter size-full wp-image-8641\" src=\"http:\/\/bibliotekamoscisko.pl\/wp-content\/uploads\/2019\/04\/58382721_2246683138758507_1154411420171894784_n.png\" alt=\"\" width=\"719\" height=\"510\" srcset=\"https:\/\/bibliotekamoscisko.pl\/wp-content\/uploads\/2019\/04\/58382721_2246683138758507_1154411420171894784_n.png 719w, https:\/\/bibliotekamoscisko.pl\/wp-content\/uploads\/2019\/04\/58382721_2246683138758507_1154411420171894784_n-300x213.png 300w, https:\/\/bibliotekamoscisko.pl\/wp-content\/uploads\/2019\/04\/58382721_2246683138758507_1154411420171894784_n-1x1.png 1w\" sizes=\"(max-width: 719px) 100vw, 719px\" \/><\/a><\/p>\n","protected":false},"excerpt":{"rendered":"","protected":false},"author":1,"featured_media":0,"comment_status":"closed","ping_status":"open","sticky":false,"template":"","format":"standard","meta":{"ngg_post_thumbnail":0,"footnotes":""},"categories":[1],"tags":[],"class_list":["post-8640","post","type-post","status-publish","format-standard","hentry","category-uncategorized"],"_links":{"self":[{"href":"https:\/\/bibliotekamoscisko.pl\/index.php?rest_route=\/wp\/v2\/posts\/8640","targetHints":{"allow":["GET"]}}],"collection":[{"href":"https:\/\/bibliotekamoscisko.pl\/index.php?rest_route=\/wp\/v2\/posts"}],"about":[{"href":"https:\/\/bibliotekamoscisko.pl\/index.php?rest_route=\/wp\/v2\/types\/post"}],"author":[{"embeddable":true,"href":"https:\/\/bibliotekamoscisko.pl\/index.php?rest_route=\/wp\/v2\/users\/1"}],"replies":[{"embeddable":true,"href":"https:\/\/bibliotekamoscisko.pl\/index.php?rest_route=%2Fwp%2Fv2%2Fcomments&post=8640"}],"version-history":[{"count":1,"href":"https:\/\/bibliotekamoscisko.pl\/index.php?rest_route=\/wp\/v2\/posts\/8640\/revisions"}],"predecessor-version":[{"id":8642,"href":"https:\/\/bibliotekamoscisko.pl\/index.php?rest_route=\/wp\/v2\/posts\/8640\/revisions\/8642"}],"wp:attachment":[{"href":"https:\/\/bibliotekamoscisko.pl\/index.php?rest_route=%2Fwp%2Fv2%2Fmedia&parent=8640"}],"wp:term":[{"taxonomy":"category","embeddable":true,"href":"https:\/\/bibliotekamoscisko.pl\/index.php?rest_route=%2Fwp%2Fv2%2Fcategories&post=8640"},{"taxonomy":"post_tag","embeddable":true,"href":"https:\/\/bibliotekamoscisko.pl\/index.php?rest_route=%2Fwp%2Fv2%2Ftags&post=8640"}],"curies":[{"name":"wp","href":"https:\/\/api.w.org\/{rel}","templated":true}]}}