{"id":8662,"date":"2019-05-02T09:03:06","date_gmt":"2019-05-02T09:03:06","guid":{"rendered":"http:\/\/bibliotekamoscisko.pl\/?p=8662"},"modified":"2019-05-02T09:03:06","modified_gmt":"2019-05-02T09:03:06","slug":"o-finansachw-bibliotece","status":"publish","type":"post","link":"https:\/\/bibliotekamoscisko.pl\/?p=8662","title":{"rendered":"O finansach\u2026w bibliotece"},"content":{"rendered":"<p><a href=\"http:\/\/bibliotekamoscisko.pl\/wp-content\/uploads\/2014\/04\/o-finansach.jpg\"><img fetchpriority=\"high\" decoding=\"async\" class=\"alignleft size-full wp-image-260\" src=\"http:\/\/bibliotekamoscisko.pl\/wp-content\/uploads\/2014\/04\/o-finansach.jpg\" alt=\"\" width=\"376\" height=\"600\" srcset=\"https:\/\/bibliotekamoscisko.pl\/wp-content\/uploads\/2014\/04\/o-finansach.jpg 376w, https:\/\/bibliotekamoscisko.pl\/wp-content\/uploads\/2014\/04\/o-finansach-188x300.jpg 188w\" sizes=\"(max-width: 376px) 100vw, 376px\" \/><\/a><\/p>\n<p>&nbsp;<\/p>\n<p>Mi\u0142o\u00a0 nam poinformowa\u0107, \u017ce Biblioteka Publiczna Gminy Dzier\u017coni\u00f3w im. W\u0142adys\u0142awa Reymonta znalaz\u0142a si\u0119 w gronie 103 bibliotek z ca\u0142ej Polski zakwalifikowanych do 6. edycji projektu<\/p>\n<p style=\"text-align: center;\"><strong>\u201eO finansach\u2026 w bibliotece\u201d.<\/strong><\/p>\n<p>Ju\u017c wkr\u00f3tce zaprosimy Pa\u0144stwa na nowy kurs dotycz\u0105cy edukacji finansowej os\u00f3b doros\u0142ych.<\/p>\n<p>&nbsp;<\/p>\n<p>&nbsp;<\/p>\n<p><a href=\"http:\/\/bibliotekamoscisko.pl\/wp-content\/uploads\/2019\/05\/o-finansach-01.png\"><img decoding=\"async\" class=\"alignright wp-image-8664 \" src=\"http:\/\/bibliotekamoscisko.pl\/wp-content\/uploads\/2019\/05\/o-finansach-01.png\" alt=\"\" width=\"584\" height=\"158\" srcset=\"https:\/\/bibliotekamoscisko.pl\/wp-content\/uploads\/2019\/05\/o-finansach-01.png 960w, https:\/\/bibliotekamoscisko.pl\/wp-content\/uploads\/2019\/05\/o-finansach-01-300x81.png 300w, https:\/\/bibliotekamoscisko.pl\/wp-content\/uploads\/2019\/05\/o-finansach-01-768x208.png 768w, https:\/\/bibliotekamoscisko.pl\/wp-content\/uploads\/2019\/05\/o-finansach-01-4x1.png 4w\" sizes=\"(max-width: 584px) 100vw, 584px\" \/><\/a><\/p>\n","protected":false},"excerpt":{"rendered":"<p>&nbsp; Mi\u0142o\u00a0 nam poinformowa\u0107, \u017ce Biblioteka Publiczna Gminy Dzier\u017coni\u00f3w im. W\u0142adys\u0142awa Reymonta znalaz\u0142a si\u0119 w gronie 103 bibliotek z ca\u0142ej Polski zakwalifikowanych do 6. edycji projektu \u201eO finansach\u2026 w bibliotece\u201d. [&hellip;]<\/p>\n","protected":false},"author":1,"featured_media":0,"comment_status":"closed","ping_status":"open","sticky":false,"template":"","format":"standard","meta":{"ngg_post_thumbnail":0,"footnotes":""},"categories":[1],"tags":[],"class_list":["post-8662","post","type-post","status-publish","format-standard","hentry","category-uncategorized"],"_links":{"self":[{"href":"https:\/\/bibliotekamoscisko.pl\/index.php?rest_route=\/wp\/v2\/posts\/8662","targetHints":{"allow":["GET"]}}],"collection":[{"href":"https:\/\/bibliotekamoscisko.pl\/index.php?rest_route=\/wp\/v2\/posts"}],"about":[{"href":"https:\/\/bibliotekamoscisko.pl\/index.php?rest_route=\/wp\/v2\/types\/post"}],"author":[{"embeddable":true,"href":"https:\/\/bibliotekamoscisko.pl\/index.php?rest_route=\/wp\/v2\/users\/1"}],"replies":[{"embeddable":true,"href":"https:\/\/bibliotekamoscisko.pl\/index.php?rest_route=%2Fwp%2Fv2%2Fcomments&post=8662"}],"version-history":[{"count":1,"href":"https:\/\/bibliotekamoscisko.pl\/index.php?rest_route=\/wp\/v2\/posts\/8662\/revisions"}],"predecessor-version":[{"id":8665,"href":"https:\/\/bibliotekamoscisko.pl\/index.php?rest_route=\/wp\/v2\/posts\/8662\/revisions\/8665"}],"wp:attachment":[{"href":"https:\/\/bibliotekamoscisko.pl\/index.php?rest_route=%2Fwp%2Fv2%2Fmedia&parent=8662"}],"wp:term":[{"taxonomy":"category","embeddable":true,"href":"https:\/\/bibliotekamoscisko.pl\/index.php?rest_route=%2Fwp%2Fv2%2Fcategories&post=8662"},{"taxonomy":"post_tag","embeddable":true,"href":"https:\/\/bibliotekamoscisko.pl\/index.php?rest_route=%2Fwp%2Fv2%2Ftags&post=8662"}],"curies":[{"name":"wp","href":"https:\/\/api.w.org\/{rel}","templated":true}]}}