{"id":8729,"date":"2019-05-15T12:30:46","date_gmt":"2019-05-15T12:30:46","guid":{"rendered":"http:\/\/bibliotekamoscisko.pl\/?p=8729"},"modified":"2019-05-15T12:30:46","modified_gmt":"2019-05-15T12:30:46","slug":"warsztaty-rekodziela","status":"publish","type":"post","link":"https:\/\/bibliotekamoscisko.pl\/?p=8729","title":{"rendered":"Warsztaty r\u0119kodzie\u0142a"},"content":{"rendered":"<p style=\"text-align: center;\">Stowarzyszenie Rozwoju i Promocji Wsi &#8222;Przysta\u0144 Mo\u015bcisko&#8221; rozpoczyna warsztaty r\u0119kodzie\u0142a:<br \/>\n&gt; w dniach 15,16,17 maja od godz. 16 00, a 18 maj od godz. 10 00 odb\u0119d\u0105 si\u0119 warsztaty wikliniarskie na sali wiejskiej w Mo\u015bcisku<br \/>\n&gt; w dniach 23, 24 maj od godz. 16 00 warsztaty s\u0142omkarskie,<br \/>\n&gt; a w dniu 25 maj na godz. 10 00 i 14 00 warsztaty czerpania papieru<\/p>\n<p style=\"text-align: center;\">Warsztaty odb\u0119d\u0105 si\u0119 na sali Wiejskiej w Mo\u015bcisku i w Bibliotece Publicznej Gminy Dzier\u017coni\u00f3w im. W\u0142adys\u0142awa Reymonta, kt\u00f3ra jest partnerem realizowanego zadania.<br \/>\nWarsztaty realizowane s\u0105 w ramach projektu &#8222;Organizacja warsztat\u00f3w wikliniarstwa, s\u0142omkarstwa, czerpania papieru oraz tworzenia qest\u00f3w dla mieszka\u0144c\u00f3w gminy Dzier\u017coni\u00f3w we wsi Mo\u015bcisko&#8221;<a href=\"http:\/\/bibliotekamoscisko.pl\/wp-content\/uploads\/2019\/05\/wikliniarstwo.jpg\"><img fetchpriority=\"high\" decoding=\"async\" class=\"aligncenter size-full wp-image-8730\" src=\"http:\/\/bibliotekamoscisko.pl\/wp-content\/uploads\/2019\/05\/wikliniarstwo.jpg\" alt=\"\" width=\"766\" height=\"416\" srcset=\"https:\/\/bibliotekamoscisko.pl\/wp-content\/uploads\/2019\/05\/wikliniarstwo.jpg 766w, https:\/\/bibliotekamoscisko.pl\/wp-content\/uploads\/2019\/05\/wikliniarstwo-300x163.jpg 300w, https:\/\/bibliotekamoscisko.pl\/wp-content\/uploads\/2019\/05\/wikliniarstwo-2x1.jpg 2w\" sizes=\"(max-width: 766px) 100vw, 766px\" \/><\/a><\/p>\n","protected":false},"excerpt":{"rendered":"<p>Stowarzyszenie Rozwoju i Promocji Wsi &#8222;Przysta\u0144 Mo\u015bcisko&#8221; rozpoczyna warsztaty r\u0119kodzie\u0142a: &gt; w dniach 15,16,17 maja od godz. 16 00, a 18 maj od godz. 10 00 odb\u0119d\u0105 si\u0119 warsztaty wikliniarskie [&hellip;]<\/p>\n","protected":false},"author":1,"featured_media":0,"comment_status":"closed","ping_status":"open","sticky":false,"template":"","format":"standard","meta":{"ngg_post_thumbnail":0,"footnotes":""},"categories":[1],"tags":[],"class_list":["post-8729","post","type-post","status-publish","format-standard","hentry","category-uncategorized"],"_links":{"self":[{"href":"https:\/\/bibliotekamoscisko.pl\/index.php?rest_route=\/wp\/v2\/posts\/8729","targetHints":{"allow":["GET"]}}],"collection":[{"href":"https:\/\/bibliotekamoscisko.pl\/index.php?rest_route=\/wp\/v2\/posts"}],"about":[{"href":"https:\/\/bibliotekamoscisko.pl\/index.php?rest_route=\/wp\/v2\/types\/post"}],"author":[{"embeddable":true,"href":"https:\/\/bibliotekamoscisko.pl\/index.php?rest_route=\/wp\/v2\/users\/1"}],"replies":[{"embeddable":true,"href":"https:\/\/bibliotekamoscisko.pl\/index.php?rest_route=%2Fwp%2Fv2%2Fcomments&post=8729"}],"version-history":[{"count":1,"href":"https:\/\/bibliotekamoscisko.pl\/index.php?rest_route=\/wp\/v2\/posts\/8729\/revisions"}],"predecessor-version":[{"id":8731,"href":"https:\/\/bibliotekamoscisko.pl\/index.php?rest_route=\/wp\/v2\/posts\/8729\/revisions\/8731"}],"wp:attachment":[{"href":"https:\/\/bibliotekamoscisko.pl\/index.php?rest_route=%2Fwp%2Fv2%2Fmedia&parent=8729"}],"wp:term":[{"taxonomy":"category","embeddable":true,"href":"https:\/\/bibliotekamoscisko.pl\/index.php?rest_route=%2Fwp%2Fv2%2Fcategories&post=8729"},{"taxonomy":"post_tag","embeddable":true,"href":"https:\/\/bibliotekamoscisko.pl\/index.php?rest_route=%2Fwp%2Fv2%2Ftags&post=8729"}],"curies":[{"name":"wp","href":"https:\/\/api.w.org\/{rel}","templated":true}]}}