{"id":8732,"date":"2019-05-16T11:22:32","date_gmt":"2019-05-16T11:22:32","guid":{"rendered":"http:\/\/bibliotekamoscisko.pl\/?p=8732"},"modified":"2019-05-16T12:22:11","modified_gmt":"2019-05-16T12:22:11","slug":"dzien-bibliotekarza-w-tuszynie","status":"publish","type":"post","link":"https:\/\/bibliotekamoscisko.pl\/?p=8732","title":{"rendered":"Dzie\u0144 Bibliotekarza w Tuszynie"},"content":{"rendered":"<p>Jak co roku 8 maja obchodzimy Dzie\u0144 Bibliotekarza. \u015awi\u0119tujemy go na r\u00f3\u017cne sposoby, a w tuszy\u0144skiej bibliotece czytelnicy sami stworzyli opowiadanie o bibliotekarzu. Ka\u017cdy m\u00f3g\u0142 dopisa\u0107 swoj\u0105 cze\u015b\u0107 opowie\u015bci i tym sposobem powsta\u0142a przedziwna, ale jak\u017ce ciekawa historia. Przeczytajcie j\u0105 sami!<\/p>\n<p>Poranek wsta\u0142 szary, zapowiadaj\u0105c nudny dzie\u0144 z kroplami deszczu wciskaj\u0105cymi si\u0119 za ko\u0142nierz. Temperatura r\u00f3wnie\u017c nie nastraja\u0142a optymistycznie. Zegar cichym tykaniem odmierzy\u0142 kolejn\u0105 godzin\u0119 i jednoznacznie da\u0142 zna\u0107, \u017ce natychmiast nale\u017cy wyj\u015b\u0107 z domu, aby zd\u0105\u017cy\u0107 do szko\u0142y. Jeszcze tylko kanapka i jab\u0142ko wrzucone do plecaka, kaptur na g\u0142ow\u0119 i mo\u017cna biec. W ka\u0142u\u017cach odbija\u0142y si\u0119 latarnie, smutnie spuszczaj\u0105ce swe g\u0142owy i jedyny kolorowy element \u2013 moje czerwone trampki z niezawi\u0105zanymi sznur\u00f3wkami. Nagle w wodzie pojawi\u0142 si\u0119 dziwny, rozmazany kszta\u0142t. Podnios\u0142em g\u0142ow\u0119. Na niebie z szelestem kartek lecia\u0142o stado\u2026 ksi\u0105\u017cek. Kierowa\u0142y si\u0119 ku granicy miasta. Ucieka\u0142y? Je\u015bli tak to przed czym? Zanim zd\u0105\u017cy\u0142em zdziwi\u0107 si\u0119 do ko\u0144ca, tu\u017c przede mn\u0105 stan\u0119\u0142a wysoka posta\u0107 trzymaj\u0105ca w d\u0142oniach wyrywaj\u0105cy si\u0119 egzemplarz Harrego Pottera.<br \/>\nBibliotekarz mia\u0142 na sobie okr\u0105g\u0142e okulary i znami\u0119 na czole w kszta\u0142cie pioruna. Czy\u017cby to by\u0142 Harry Potter? Tak, to on! Zauwa\u017cy\u0142em w jego kieszeni r\u00f3\u017cd\u017ck\u0119, kt\u00f3ra jest magiczna jak ten ca\u0142y nasz \u015bwiat. Ale nieszcz\u0119\u015bliwym trafem obok niego rozbi\u0142a si\u0119 asteroida i wyszed\u0142 z niej gadaj\u0105cy arbuz z r\u00f3\u017cow\u0105 sk\u00f3rk\u0105 i cienkimi n\u00f3\u017ckami. Nie zd\u0105\u017cy\u0142em nic powiedzie\u0107, poniewa\u017c arbuz z r\u00f3\u017cow\u0105 sk\u00f3rk\u0105 zapyta\u0142 si\u0119 mnie:<br \/>\n&#8211; Czy jeste\u015b z Jowisza?<br \/>\nPomy\u015bla\u0142em, \u017ce arbuz pewnie stamt\u0105d pochodzi, ale on wtedy powiedzia\u0142:<br \/>\n&#8211; Jak nie to wracam do domu.<br \/>\n&#8211; Czekaj\u00a0 &#8211; powiedzia\u0142 Harry \u2013 sk\u0105d pochodzisz?<br \/>\nOwoc odpowiedzia\u0142:<br \/>\n&#8211; Z Marsa.<br \/>\nMia\u0142em wi\u0119c racj\u0119, na Marsie istnieje \u017cycie. Arbuz wsiad\u0142 do meteorytu i odlecia\u0142. I nagle zobaczy\u0142em rekina.<br \/>\n&#8211; O nie rekin \u2013 wykrzykn\u0105\u0142 bibliotekarz, wsiadaj\u0105c na swoj\u0105 niebiesk\u0105 \u015bwini\u0119.<br \/>\nRekin mia\u0142 z\u0119by z marmuru i czarne jak noc oczy. Podp\u0142yn\u0105\u0142 w powietrzu do bibliotekarza i szarpn\u0105\u0142 go za kaptur, ju\u017c dawno zrzucony z g\u0142owy. Chwil\u0119 p\u00f3\u017aniej rekin wisia\u0142 do g\u00f3ry nogami, dzi\u0119ki rzuconemu przez Harrego zakl\u0119ciu. Nagle rekina spowi\u0142a mg\u0142a\u2026 a rekin zamieni\u0142 si\u0119 w Hermion\u0119. Harry oszo\u0142omiony jej pi\u0119knem, przerwa\u0142 zakl\u0119cie Leviosa, a ona upad\u0142a na ziemi\u0119 i poturla\u0142a si\u0119 do morza. Za ni\u0105 polecia\u0142a niebieska \u015bwinia. Harry odwr\u00f3ci\u0142 wzrok i ujrza\u0142 po jego lewej stronie arbuza, kt\u00f3ry jad\u0142 popcorn, a na nosie mia\u0142 okulary 3D. Siedzia\u0142 na le\u017caku w zielone grochy.<br \/>\n&#8211; Co tutaj si\u0119 sta\u0142o? \u2013 zapyta\u0142em.<br \/>\nArbuz odpowiedzia\u0142:<br \/>\n&#8211; Fajny film.<br \/>\nHarry zmarszczy\u0142 brwi i rzuci\u0142 zakl\u0119cie Patronus. Arbuz eksplodowa\u0142 i posypa\u0142 si\u0119 deszcz pestek, kt\u00f3re wolno spada\u0142y mi na g\u0142ow\u0119.\u00a0 Ujrzawszy Hermion\u0119 na brzegu skierowa\u0142 si\u0119 w jej stron\u0119, wyg\u0142aszaj\u0105c uroczyste przeprosiny. Nagle ujrza\u0142 jak Hermiona zamienia si\u0119 w rekina i wskakuje do wody, gdzie czeka na ni\u0105 niebieska \u015bwinia, Zdezorientowany Harry, nie wiedz\u0105c co ma zrobi\u0107, wr\u00f3ci\u0142 do biblioteki zdruzgotany histori\u0105 z ksi\u0105\u017ckami. Czy\u017cby wystraszy\u0142y si\u0119 rekina? A mo\u017ce niebieskiej \u015bwini? Co zrobi\u0107 aby wr\u00f3ci\u0142y do bibliotek?<br \/>\nSpojrza\u0142em na moje czerwone trampki i obieca\u0142em sobie, \u017ce pomog\u0119 bibliotekarzowi rozwi\u0105za\u0107 zagadk\u0119 odlatuj\u0105cych ksi\u0105\u017cek. Szko\u0142a b\u0119dzie musia\u0142a na mnie poczeka\u0107 :).<\/p>\n<p><a href=\"http:\/\/bibliotekamoscisko.pl\/wp-content\/uploads\/2019\/05\/60448549_459515344856631_1138540558235467776_n.jpg\"><img fetchpriority=\"high\" decoding=\"async\" class=\"aligncenter size-large wp-image-8733\" src=\"http:\/\/bibliotekamoscisko.pl\/wp-content\/uploads\/2019\/05\/60448549_459515344856631_1138540558235467776_n-1024x576.jpg\" alt=\"\" width=\"654\" height=\"368\" srcset=\"https:\/\/bibliotekamoscisko.pl\/wp-content\/uploads\/2019\/05\/60448549_459515344856631_1138540558235467776_n-1024x576.jpg 1024w, https:\/\/bibliotekamoscisko.pl\/wp-content\/uploads\/2019\/05\/60448549_459515344856631_1138540558235467776_n-300x169.jpg 300w, https:\/\/bibliotekamoscisko.pl\/wp-content\/uploads\/2019\/05\/60448549_459515344856631_1138540558235467776_n-768x432.jpg 768w, https:\/\/bibliotekamoscisko.pl\/wp-content\/uploads\/2019\/05\/60448549_459515344856631_1138540558235467776_n-2x1.jpg 2w, https:\/\/bibliotekamoscisko.pl\/wp-content\/uploads\/2019\/05\/60448549_459515344856631_1138540558235467776_n.jpg 2048w\" sizes=\"(max-width: 654px) 100vw, 654px\" \/><\/a><\/p>\n","protected":false},"excerpt":{"rendered":"<p>Jak co roku 8 maja obchodzimy Dzie\u0144 Bibliotekarza. \u015awi\u0119tujemy go na r\u00f3\u017cne sposoby, a w tuszy\u0144skiej bibliotece czytelnicy sami stworzyli opowiadanie o bibliotekarzu. Ka\u017cdy m\u00f3g\u0142 dopisa\u0107 swoj\u0105 cze\u015b\u0107 opowie\u015bci i [&hellip;]<\/p>\n","protected":false},"author":1,"featured_media":0,"comment_status":"closed","ping_status":"open","sticky":false,"template":"","format":"standard","meta":{"ngg_post_thumbnail":0,"footnotes":""},"categories":[1],"tags":[],"class_list":["post-8732","post","type-post","status-publish","format-standard","hentry","category-uncategorized"],"_links":{"self":[{"href":"https:\/\/bibliotekamoscisko.pl\/index.php?rest_route=\/wp\/v2\/posts\/8732","targetHints":{"allow":["GET"]}}],"collection":[{"href":"https:\/\/bibliotekamoscisko.pl\/index.php?rest_route=\/wp\/v2\/posts"}],"about":[{"href":"https:\/\/bibliotekamoscisko.pl\/index.php?rest_route=\/wp\/v2\/types\/post"}],"author":[{"embeddable":true,"href":"https:\/\/bibliotekamoscisko.pl\/index.php?rest_route=\/wp\/v2\/users\/1"}],"replies":[{"embeddable":true,"href":"https:\/\/bibliotekamoscisko.pl\/index.php?rest_route=%2Fwp%2Fv2%2Fcomments&post=8732"}],"version-history":[{"count":3,"href":"https:\/\/bibliotekamoscisko.pl\/index.php?rest_route=\/wp\/v2\/posts\/8732\/revisions"}],"predecessor-version":[{"id":8736,"href":"https:\/\/bibliotekamoscisko.pl\/index.php?rest_route=\/wp\/v2\/posts\/8732\/revisions\/8736"}],"wp:attachment":[{"href":"https:\/\/bibliotekamoscisko.pl\/index.php?rest_route=%2Fwp%2Fv2%2Fmedia&parent=8732"}],"wp:term":[{"taxonomy":"category","embeddable":true,"href":"https:\/\/bibliotekamoscisko.pl\/index.php?rest_route=%2Fwp%2Fv2%2Fcategories&post=8732"},{"taxonomy":"post_tag","embeddable":true,"href":"https:\/\/bibliotekamoscisko.pl\/index.php?rest_route=%2Fwp%2Fv2%2Ftags&post=8732"}],"curies":[{"name":"wp","href":"https:\/\/api.w.org\/{rel}","templated":true}]}}