{"id":875,"date":"2014-09-30T08:20:59","date_gmt":"2014-09-30T08:20:59","guid":{"rendered":"http:\/\/bibliotekamoscisko.pl\/?p=875"},"modified":"2014-09-30T08:27:59","modified_gmt":"2014-09-30T08:27:59","slug":"kotwica-w-sercach","status":"publish","type":"post","link":"https:\/\/bibliotekamoscisko.pl\/?p=875","title":{"rendered":"Kotwica w sercach"},"content":{"rendered":"<p><em>\u201eW obliczu Boga Wszechmog\u0105cego i Naj\u015bwi\u0119tszej Maryi Panny, Kr\u00f3lowej Korony Polskiej k\u0142ad\u0119 swe r\u0119ce na ten \u015awi\u0119ty Krzy\u017c, znak M\u0119ki i Zbawienia, i przysi\u0119gam by\u0107 wiernym Ojczy\u017anie mej, Rzeczypospolitej Polskiej, sta\u0107 nieugi\u0119cie na stra\u017cy Jej honoru i o wyzwolenie Jej z niewoli walczy\u0107 ze wszystkich si\u0142 \u2013 a\u017c do ofiary \u017cycia mego.<\/em><\/p>\n<p><em>Prezydentowi Rzeczypospolitej Polskiej i rozkazom Naczelnego Wodza oraz wyznaczonemu przeze\u0144 Dow\u00f3dcy Armii Krajowej b\u0119d\u0119 bezwzgl\u0119dnie pos\u0142uszny, \u00a0 \u00a0a tajemnicy niez\u0142omnie dochowam, cokolwiek by mnie spotka\u0107 mia\u0142o.<\/em><\/p>\n<p><em>Tak mi dopom\u00f3\u017c B\u00f3g.\u201d\u00ad<\/em><\/p>\n<p>Powy\u017cszy tekst przysi\u0119gi, ustanowiony przez dow\u00f3dc\u0119 Armii Krajowej, gen. Stefana Roweckiego w 1942 roku, sk\u0142adali \u017co\u0142nierze z wiar\u0105 i nadziej\u0105 na zwyci\u0119stwo.<\/p>\n<p>25 wrze\u015bnia w Bibliotece Publicznej Gminy Dzier\u017coni\u00f3w uczniowie klas IV-VI z Zespo\u0142u Szkolno-Przedszkolnego w Mo\u015bcisku wys\u0142uchali w skupieniu roty przysi\u0119gi. Spotkanie w bibliotece przybli\u017cy\u0107 mia\u0142o m\u0142odym ludziom histori\u0119 i idea\u0142y pokolenia, kt\u00f3re walczy\u0142o o wolno\u015b\u0107 i niepodleg\u0142o\u015b\u0107. Uczniowie poznali wspomnienia Reny, czyli Ireny Kowalskiej-B\u0142asi\u0144skiej, kt\u00f3ra podczas \u00a0Powstania Warszawskiego pe\u0142ni\u0142a funkcj\u0119 sanitariuszki w grupie \u201eKrybar&#8221; Armii Krajowej oraz sylwetki kilku innych \u017co\u0142nierzy.<\/p>\n<p>Spotkanie by\u0142o r\u00f3wnie\u017c okazj\u0105 do zastanowienia si\u0119 nad w\u0142asn\u0105 postaw\u0105 i stosunkiem do Ojczyzny. Czy biliby\u015bmy w stanie z tak\u0105 sam\u0105 wiar\u0105 jak m\u0142odzi ludzie 70 lat temu z\u0142o\u017cy\u0107 przysi\u0119g\u0119 i walczy\u0107, bez wzgl\u0119du na ilo\u015b\u0107 przelanej krwi? Dop\u00f3ki jednak nie musimy podejmowa\u0107 takich decyzji i gin\u0105\u0107 za Polsk\u0119 powinni\u015bmy nauczy\u0107 si\u0119 bez niepotrzebnych k\u0142\u00f3tni pracowa\u0107 wsp\u00f3lnie dla Jej dobra. Ona to przecie\u017c My.<\/p>\n<p><a href=\"http:\/\/bibliotekamoscisko.pl\/wp-content\/uploads\/2014\/09\/Spotkanie-o-AK.jpg\"><img fetchpriority=\"high\" decoding=\"async\" class=\"aligncenter size-full wp-image-876\" src=\"http:\/\/bibliotekamoscisko.pl\/wp-content\/uploads\/2014\/09\/Spotkanie-o-AK.jpg\" alt=\"Spotkanie o AK\" width=\"800\" height=\"420\" srcset=\"https:\/\/bibliotekamoscisko.pl\/wp-content\/uploads\/2014\/09\/Spotkanie-o-AK.jpg 800w, https:\/\/bibliotekamoscisko.pl\/wp-content\/uploads\/2014\/09\/Spotkanie-o-AK-300x157.jpg 300w\" sizes=\"(max-width: 800px) 100vw, 800px\" \/><\/a> <a href=\"http:\/\/bibliotekamoscisko.pl\/wp-content\/uploads\/2014\/09\/Spotkanie-o-AK2.jpg\"><img decoding=\"async\" class=\"aligncenter size-full wp-image-877\" src=\"http:\/\/bibliotekamoscisko.pl\/wp-content\/uploads\/2014\/09\/Spotkanie-o-AK2.jpg\" alt=\"Spotkanie o AK2\" width=\"569\" height=\"552\" \/><\/a><\/p>\n<p>D.W.<\/p>\n","protected":false},"excerpt":{"rendered":"<p>\u201eW obliczu Boga Wszechmog\u0105cego i Naj\u015bwi\u0119tszej Maryi Panny, Kr\u00f3lowej Korony Polskiej k\u0142ad\u0119 swe r\u0119ce na ten \u015awi\u0119ty Krzy\u017c, znak M\u0119ki i Zbawienia, i przysi\u0119gam by\u0107 wiernym Ojczy\u017anie mej, Rzeczypospolitej Polskiej, [&hellip;]<\/p>\n","protected":false},"author":1,"featured_media":878,"comment_status":"closed","ping_status":"open","sticky":false,"template":"","format":"standard","meta":{"ngg_post_thumbnail":0,"footnotes":""},"categories":[1],"tags":[],"class_list":["post-875","post","type-post","status-publish","format-standard","has-post-thumbnail","hentry","category-uncategorized"],"_links":{"self":[{"href":"https:\/\/bibliotekamoscisko.pl\/index.php?rest_route=\/wp\/v2\/posts\/875","targetHints":{"allow":["GET"]}}],"collection":[{"href":"https:\/\/bibliotekamoscisko.pl\/index.php?rest_route=\/wp\/v2\/posts"}],"about":[{"href":"https:\/\/bibliotekamoscisko.pl\/index.php?rest_route=\/wp\/v2\/types\/post"}],"author":[{"embeddable":true,"href":"https:\/\/bibliotekamoscisko.pl\/index.php?rest_route=\/wp\/v2\/users\/1"}],"replies":[{"embeddable":true,"href":"https:\/\/bibliotekamoscisko.pl\/index.php?rest_route=%2Fwp%2Fv2%2Fcomments&post=875"}],"version-history":[{"count":5,"href":"https:\/\/bibliotekamoscisko.pl\/index.php?rest_route=\/wp\/v2\/posts\/875\/revisions"}],"predecessor-version":[{"id":883,"href":"https:\/\/bibliotekamoscisko.pl\/index.php?rest_route=\/wp\/v2\/posts\/875\/revisions\/883"}],"wp:featuredmedia":[{"embeddable":true,"href":"https:\/\/bibliotekamoscisko.pl\/index.php?rest_route=\/wp\/v2\/media\/878"}],"wp:attachment":[{"href":"https:\/\/bibliotekamoscisko.pl\/index.php?rest_route=%2Fwp%2Fv2%2Fmedia&parent=875"}],"wp:term":[{"taxonomy":"category","embeddable":true,"href":"https:\/\/bibliotekamoscisko.pl\/index.php?rest_route=%2Fwp%2Fv2%2Fcategories&post=875"},{"taxonomy":"post_tag","embeddable":true,"href":"https:\/\/bibliotekamoscisko.pl\/index.php?rest_route=%2Fwp%2Fv2%2Ftags&post=875"}],"curies":[{"name":"wp","href":"https:\/\/api.w.org\/{rel}","templated":true}]}}