{"id":8752,"date":"2019-05-17T09:25:30","date_gmt":"2019-05-17T09:25:30","guid":{"rendered":"http:\/\/bibliotekamoscisko.pl\/?p=8752"},"modified":"2019-05-17T09:25:30","modified_gmt":"2019-05-17T09:25:30","slug":"swieto-niezapominajki-w-tuszynskiej-bibliotece","status":"publish","type":"post","link":"https:\/\/bibliotekamoscisko.pl\/?p=8752","title":{"rendered":"\u015awi\u0119to Niezapominajki w tuszy\u0144skiej bibliotece"},"content":{"rendered":"<p>15 maja obchodzony jest <strong>Dzie\u0144 Niezapominajki<\/strong> &#8211; \u015bwi\u0119to maj\u0105ce na celu promowanie jej walor\u00f3w, sta\u0142e przypominanie o ochronie \u015brodowiska i zachowaniu <a href=\"http:\/\/bibliotekamoscisko.pl\/wp-content\/uploads\/2019\/05\/60350338_688137814975237_728948657000284160_n.jpg\"><img fetchpriority=\"high\" decoding=\"async\" class=\"alignright size-medium wp-image-8755\" src=\"http:\/\/bibliotekamoscisko.pl\/wp-content\/uploads\/2019\/05\/60350338_688137814975237_728948657000284160_n-167x300.jpg\" alt=\"\" width=\"167\" height=\"300\" srcset=\"https:\/\/bibliotekamoscisko.pl\/wp-content\/uploads\/2019\/05\/60350338_688137814975237_728948657000284160_n-167x300.jpg 167w, https:\/\/bibliotekamoscisko.pl\/wp-content\/uploads\/2019\/05\/60350338_688137814975237_728948657000284160_n-1x1.jpg 1w, https:\/\/bibliotekamoscisko.pl\/wp-content\/uploads\/2019\/05\/60350338_688137814975237_728948657000284160_n.jpg 400w\" sizes=\"(max-width: 167px) 100vw, 167px\" \/><\/a>r\u00f3\u017cnorodno\u015bci biologicznej Polski.<br \/>\n\u015awi\u0119to ma r\u00f3wnie\u017c na celu zachowanie od zapomnienia wa\u017cnych chwil w \u017cyciu, os\u00f3b, miejsc i sytuacji. I to w\u0142a\u015bnie ten temat by\u0142 podstaw\u0105 do naszych rozm\u00f3w w tuszy\u0144skiej bibliotece. Najm\u0142odsi czytelnicy zapoznali si\u0119 z ksi\u0105\u017ck\u0105 Agnieszki \u015awi\u0119tek \u201eNiezapominajka\u201d i poznali histori\u0119 dziewczynki zaniepokojonej problemami z pami\u0119ci\u0105 swojej ukochanej babci. Dzieci opowiedzia\u0142y o swoich najbli\u017cszych i o tym jak bardzo zale\u017cy im na tym, aby by\u0107 z nimi zawsze blisko. Specjalnie przygotowane serduszka, wr\u0119czone rodzicom, babciom, dziadkom i wszystkim, kt\u00f3rych kochaj\u0105, na pewno nie pozwol\u0105 nikomu o nich zapomnie\u0107.<\/p>\n<p><a href=\"http:\/\/bibliotekamoscisko.pl\/wp-content\/uploads\/2019\/05\/60338918_291427378474706_8486522121793568768_n.jpg\"><img decoding=\"async\" class=\"alignleft size-large wp-image-8754\" src=\"http:\/\/bibliotekamoscisko.pl\/wp-content\/uploads\/2019\/05\/60338918_291427378474706_8486522121793568768_n-1024x576.jpg\" alt=\"\" width=\"654\" height=\"368\" srcset=\"https:\/\/bibliotekamoscisko.pl\/wp-content\/uploads\/2019\/05\/60338918_291427378474706_8486522121793568768_n-1024x576.jpg 1024w, https:\/\/bibliotekamoscisko.pl\/wp-content\/uploads\/2019\/05\/60338918_291427378474706_8486522121793568768_n-300x169.jpg 300w, https:\/\/bibliotekamoscisko.pl\/wp-content\/uploads\/2019\/05\/60338918_291427378474706_8486522121793568768_n-768x432.jpg 768w, https:\/\/bibliotekamoscisko.pl\/wp-content\/uploads\/2019\/05\/60338918_291427378474706_8486522121793568768_n-2x1.jpg 2w, https:\/\/bibliotekamoscisko.pl\/wp-content\/uploads\/2019\/05\/60338918_291427378474706_8486522121793568768_n.jpg 2048w\" sizes=\"(max-width: 654px) 100vw, 654px\" \/><\/a><\/p>\n<div id='gallery-1' class='gallery galleryid-8752 gallery-columns-3 gallery-size-thumbnail'><figure class='gallery-item'>\n\t\t\t<div class='gallery-icon portrait'>\n\t\t\t\t<a href='https:\/\/bibliotekamoscisko.pl\/?attachment_id=8753'><img decoding=\"async\" width=\"150\" height=\"150\" src=\"https:\/\/bibliotekamoscisko.pl\/wp-content\/uploads\/2019\/05\/60241518_469499663820485_8880678292819017728_n-150x150.jpg\" class=\"attachment-thumbnail size-thumbnail\" alt=\"\" srcset=\"https:\/\/bibliotekamoscisko.pl\/wp-content\/uploads\/2019\/05\/60241518_469499663820485_8880678292819017728_n-150x150.jpg 150w, https:\/\/bibliotekamoscisko.pl\/wp-content\/uploads\/2019\/05\/60241518_469499663820485_8880678292819017728_n-1x1.jpg 1w, https:\/\/bibliotekamoscisko.pl\/wp-content\/uploads\/2019\/05\/60241518_469499663820485_8880678292819017728_n-400x400.jpg 400w\" sizes=\"(max-width: 150px) 100vw, 150px\" \/><\/a>\n\t\t\t<\/div><\/figure><figure class='gallery-item'>\n\t\t\t<div class='gallery-icon portrait'>\n\t\t\t\t<a href='https:\/\/bibliotekamoscisko.pl\/?attachment_id=8756'><img loading=\"lazy\" decoding=\"async\" width=\"150\" height=\"150\" src=\"https:\/\/bibliotekamoscisko.pl\/wp-content\/uploads\/2019\/05\/60562852_836007406774599_2242487684637392896_n-150x150.jpg\" class=\"attachment-thumbnail size-thumbnail\" alt=\"\" srcset=\"https:\/\/bibliotekamoscisko.pl\/wp-content\/uploads\/2019\/05\/60562852_836007406774599_2242487684637392896_n-150x150.jpg 150w, https:\/\/bibliotekamoscisko.pl\/wp-content\/uploads\/2019\/05\/60562852_836007406774599_2242487684637392896_n-1x1.jpg 1w, https:\/\/bibliotekamoscisko.pl\/wp-content\/uploads\/2019\/05\/60562852_836007406774599_2242487684637392896_n-400x400.jpg 400w\" sizes=\"(max-width: 150px) 100vw, 150px\" \/><\/a>\n\t\t\t<\/div><\/figure><figure class='gallery-item'>\n\t\t\t<div class='gallery-icon portrait'>\n\t\t\t\t<a href='https:\/\/bibliotekamoscisko.pl\/?attachment_id=8757'><img loading=\"lazy\" decoding=\"async\" width=\"150\" height=\"150\" src=\"https:\/\/bibliotekamoscisko.pl\/wp-content\/uploads\/2019\/05\/60702280_364130304450660_1004914174217682944_n-150x150.jpg\" class=\"attachment-thumbnail size-thumbnail\" alt=\"\" srcset=\"https:\/\/bibliotekamoscisko.pl\/wp-content\/uploads\/2019\/05\/60702280_364130304450660_1004914174217682944_n-150x150.jpg 150w, https:\/\/bibliotekamoscisko.pl\/wp-content\/uploads\/2019\/05\/60702280_364130304450660_1004914174217682944_n-1x1.jpg 1w, https:\/\/bibliotekamoscisko.pl\/wp-content\/uploads\/2019\/05\/60702280_364130304450660_1004914174217682944_n-400x400.jpg 400w\" sizes=\"(max-width: 150px) 100vw, 150px\" \/><\/a>\n\t\t\t<\/div><\/figure>\n\t\t<\/div>\n\n<p>M.A.T.<\/p>\n","protected":false},"excerpt":{"rendered":"<p>15 maja obchodzony jest Dzie\u0144 Niezapominajki &#8211; \u015bwi\u0119to maj\u0105ce na celu promowanie jej walor\u00f3w, sta\u0142e przypominanie o ochronie \u015brodowiska i zachowaniu r\u00f3\u017cnorodno\u015bci biologicznej Polski. \u015awi\u0119to ma r\u00f3wnie\u017c na celu zachowanie [&hellip;]<\/p>\n","protected":false},"author":1,"featured_media":0,"comment_status":"closed","ping_status":"open","sticky":false,"template":"","format":"standard","meta":{"ngg_post_thumbnail":0,"footnotes":""},"categories":[1],"tags":[],"class_list":["post-8752","post","type-post","status-publish","format-standard","hentry","category-uncategorized"],"_links":{"self":[{"href":"https:\/\/bibliotekamoscisko.pl\/index.php?rest_route=\/wp\/v2\/posts\/8752","targetHints":{"allow":["GET"]}}],"collection":[{"href":"https:\/\/bibliotekamoscisko.pl\/index.php?rest_route=\/wp\/v2\/posts"}],"about":[{"href":"https:\/\/bibliotekamoscisko.pl\/index.php?rest_route=\/wp\/v2\/types\/post"}],"author":[{"embeddable":true,"href":"https:\/\/bibliotekamoscisko.pl\/index.php?rest_route=\/wp\/v2\/users\/1"}],"replies":[{"embeddable":true,"href":"https:\/\/bibliotekamoscisko.pl\/index.php?rest_route=%2Fwp%2Fv2%2Fcomments&post=8752"}],"version-history":[{"count":1,"href":"https:\/\/bibliotekamoscisko.pl\/index.php?rest_route=\/wp\/v2\/posts\/8752\/revisions"}],"predecessor-version":[{"id":8758,"href":"https:\/\/bibliotekamoscisko.pl\/index.php?rest_route=\/wp\/v2\/posts\/8752\/revisions\/8758"}],"wp:attachment":[{"href":"https:\/\/bibliotekamoscisko.pl\/index.php?rest_route=%2Fwp%2Fv2%2Fmedia&parent=8752"}],"wp:term":[{"taxonomy":"category","embeddable":true,"href":"https:\/\/bibliotekamoscisko.pl\/index.php?rest_route=%2Fwp%2Fv2%2Fcategories&post=8752"},{"taxonomy":"post_tag","embeddable":true,"href":"https:\/\/bibliotekamoscisko.pl\/index.php?rest_route=%2Fwp%2Fv2%2Ftags&post=8752"}],"curies":[{"name":"wp","href":"https:\/\/api.w.org\/{rel}","templated":true}]}}