{"id":8772,"date":"2019-05-20T10:39:35","date_gmt":"2019-05-20T10:39:35","guid":{"rendered":"http:\/\/bibliotekamoscisko.pl\/?p=8772"},"modified":"2019-05-29T12:20:04","modified_gmt":"2019-05-29T12:20:04","slug":"rozstrzygniecie-konkursu-mamy-czas","status":"publish","type":"post","link":"https:\/\/bibliotekamoscisko.pl\/?p=8772","title":{"rendered":"Rozstrzygni\u0119cie konkursu Mamy Czas"},"content":{"rendered":"<p style=\"text-align: center;\"><a href=\"http:\/\/bibliotekamoscisko.pl\/wp-content\/uploads\/2019\/04\/plakat-2019.jpg\"><img fetchpriority=\"high\" decoding=\"async\" class=\"aligncenter wp-image-8550 size-full\" src=\"http:\/\/bibliotekamoscisko.pl\/wp-content\/uploads\/2019\/04\/plakat-2019.jpg\" alt=\"\" width=\"906\" height=\"642\" srcset=\"https:\/\/bibliotekamoscisko.pl\/wp-content\/uploads\/2019\/04\/plakat-2019.jpg 906w, https:\/\/bibliotekamoscisko.pl\/wp-content\/uploads\/2019\/04\/plakat-2019-300x213.jpg 300w, https:\/\/bibliotekamoscisko.pl\/wp-content\/uploads\/2019\/04\/plakat-2019-768x544.jpg 768w, https:\/\/bibliotekamoscisko.pl\/wp-content\/uploads\/2019\/04\/plakat-2019-1x1.jpg 1w\" sizes=\"(max-width: 906px) 100vw, 906px\" \/>\u00a0\u00a0\u00a0 <\/a><a href=\"http:\/\/bibliotekamoscisko.pl\/wp-content\/uploads\/2019\/04\/plakat-2019.jpg\">Wiemy ju\u017c kto zabierze swoj\u0105 Mam\u0119 na wycieczk\u0119 do Arboretum w Wojs\u0142awicach!<\/a><\/p>\n<p>Oto laureaci konkursu:<\/p>\n<p><strong>kategoria\u00a0 1 -szko\u0142y podstawowe klasy, I\u2013IV<\/strong><\/p>\n<p>Izabela Droszczak<\/p>\n<p>Marysia K\u0142ys<\/p>\n<p><strong>kategoria 2 &#8211; szko\u0142y podstawowe, klasy V \u2013VIII; gimnazja <\/strong><\/p>\n<p>Ma\u0142gorzata Zag\u00f3rska<\/p>\n<p>Aleksandra Nowak<\/p>\n<p>Nagrod\u0105 s\u0105 biletu wst\u0119pu do Arboretum w Wojs\u0142awicach oraz zielona niespodzianka ufundowana przez fili\u0119 Ogrodu Botanicznego Uniwersytetu Wroc\u0142awskiego.<\/p>\n<p>&nbsp;<\/p>\n<h1 style=\"text-align: center;\"><a href=\"http:\/\/arboretumwojslawice.pl\/\" target=\"_blank\" rel=\"noopener\">ZAJRZYJ<\/a><\/h1>\n<p>Nagrodzone prace<\/p>\n<div id='gallery-1' class='gallery galleryid-8772 gallery-columns-3 gallery-size-thumbnail'><figure class='gallery-item'>\n\t\t\t<div class='gallery-icon landscape'>\n\t\t\t\t<a href='https:\/\/bibliotekamoscisko.pl\/?attachment_id=8832'><img decoding=\"async\" width=\"150\" height=\"150\" src=\"https:\/\/bibliotekamoscisko.pl\/wp-content\/uploads\/2019\/05\/Marysia-K\u0142ys-150x150.jpg\" class=\"attachment-thumbnail size-thumbnail\" alt=\"\" aria-describedby=\"gallery-1-8832\" \/><\/a>\n\t\t\t<\/div>\n\t\t\t\t<figcaption class='wp-caption-text gallery-caption' id='gallery-1-8832'>\n\t\t\t\tMarysia K\u0142ys\n\t\t\t\t<\/figcaption><\/figure><figure class='gallery-item'>\n\t\t\t<div class='gallery-icon landscape'>\n\t\t\t\t<a href='https:\/\/bibliotekamoscisko.pl\/?attachment_id=8833'><img decoding=\"async\" width=\"150\" height=\"150\" src=\"https:\/\/bibliotekamoscisko.pl\/wp-content\/uploads\/2019\/05\/skan-mamy-czas-e1559131889767-150x150.jpeg\" class=\"attachment-thumbnail size-thumbnail\" alt=\"\" aria-describedby=\"gallery-1-8833\" srcset=\"https:\/\/bibliotekamoscisko.pl\/wp-content\/uploads\/2019\/05\/skan-mamy-czas-e1559131889767-150x150.jpeg 150w, https:\/\/bibliotekamoscisko.pl\/wp-content\/uploads\/2019\/05\/skan-mamy-czas-e1559131889767-1x1.jpeg 1w\" sizes=\"(max-width: 150px) 100vw, 150px\" \/><\/a>\n\t\t\t<\/div>\n\t\t\t\t<figcaption class='wp-caption-text gallery-caption' id='gallery-1-8833'>\n\t\t\t\tIzabela Droszczak\n\t\t\t\t<\/figcaption><\/figure><figure class='gallery-item'>\n\t\t\t<div class='gallery-icon landscape'>\n\t\t\t\t<a href='https:\/\/bibliotekamoscisko.pl\/?attachment_id=8834'><img loading=\"lazy\" decoding=\"async\" width=\"150\" height=\"150\" src=\"https:\/\/bibliotekamoscisko.pl\/wp-content\/uploads\/2019\/05\/Aleksandra-Nowak-e1559132028161-150x150.jpg\" class=\"attachment-thumbnail size-thumbnail\" alt=\"\" aria-describedby=\"gallery-1-8834\" srcset=\"https:\/\/bibliotekamoscisko.pl\/wp-content\/uploads\/2019\/05\/Aleksandra-Nowak-e1559132028161-150x150.jpg 150w, https:\/\/bibliotekamoscisko.pl\/wp-content\/uploads\/2019\/05\/Aleksandra-Nowak-e1559132028161-1x1.jpg 1w\" sizes=\"(max-width: 150px) 100vw, 150px\" \/><\/a>\n\t\t\t<\/div>\n\t\t\t\t<figcaption class='wp-caption-text gallery-caption' id='gallery-1-8834'>\n\t\t\t\tAleksandra Nowak\n\t\t\t\t<\/figcaption><\/figure><figure class='gallery-item'>\n\t\t\t<div class='gallery-icon portrait'>\n\t\t\t\t<a href='https:\/\/bibliotekamoscisko.pl\/?attachment_id=8835'><img loading=\"lazy\" decoding=\"async\" width=\"150\" height=\"150\" src=\"https:\/\/bibliotekamoscisko.pl\/wp-content\/uploads\/2019\/05\/Ma\u0142gorzata-Zag\u00f3rska-150x150.jpg\" class=\"attachment-thumbnail size-thumbnail\" alt=\"\" aria-describedby=\"gallery-1-8835\" srcset=\"https:\/\/bibliotekamoscisko.pl\/wp-content\/uploads\/2019\/05\/Ma\u0142gorzata-Zag\u00f3rska-150x150.jpg 150w, https:\/\/bibliotekamoscisko.pl\/wp-content\/uploads\/2019\/05\/Ma\u0142gorzata-Zag\u00f3rska-1x1.jpg 1w\" sizes=\"(max-width: 150px) 100vw, 150px\" \/><\/a>\n\t\t\t<\/div>\n\t\t\t\t<figcaption class='wp-caption-text gallery-caption' id='gallery-1-8835'>\n\t\t\t\tMa\u0142gorzata Zag\u00f3rska\n\t\t\t\t<\/figcaption><\/figure>\n\t\t<\/div>\n\n","protected":false},"excerpt":{"rendered":"<p>\u00a0\u00a0\u00a0 Wiemy ju\u017c kto zabierze swoj\u0105 Mam\u0119 na wycieczk\u0119 do Arboretum w Wojs\u0142awicach! Oto laureaci konkursu: kategoria\u00a0 1 -szko\u0142y podstawowe klasy, I\u2013IV Izabela Droszczak Marysia K\u0142ys kategoria 2 &#8211; szko\u0142y [&hellip;]<\/p>\n","protected":false},"author":1,"featured_media":0,"comment_status":"closed","ping_status":"open","sticky":false,"template":"","format":"standard","meta":{"ngg_post_thumbnail":0,"footnotes":""},"categories":[1],"tags":[],"class_list":["post-8772","post","type-post","status-publish","format-standard","hentry","category-uncategorized"],"_links":{"self":[{"href":"https:\/\/bibliotekamoscisko.pl\/index.php?rest_route=\/wp\/v2\/posts\/8772","targetHints":{"allow":["GET"]}}],"collection":[{"href":"https:\/\/bibliotekamoscisko.pl\/index.php?rest_route=\/wp\/v2\/posts"}],"about":[{"href":"https:\/\/bibliotekamoscisko.pl\/index.php?rest_route=\/wp\/v2\/types\/post"}],"author":[{"embeddable":true,"href":"https:\/\/bibliotekamoscisko.pl\/index.php?rest_route=\/wp\/v2\/users\/1"}],"replies":[{"embeddable":true,"href":"https:\/\/bibliotekamoscisko.pl\/index.php?rest_route=%2Fwp%2Fv2%2Fcomments&post=8772"}],"version-history":[{"count":4,"href":"https:\/\/bibliotekamoscisko.pl\/index.php?rest_route=\/wp\/v2\/posts\/8772\/revisions"}],"predecessor-version":[{"id":8836,"href":"https:\/\/bibliotekamoscisko.pl\/index.php?rest_route=\/wp\/v2\/posts\/8772\/revisions\/8836"}],"wp:attachment":[{"href":"https:\/\/bibliotekamoscisko.pl\/index.php?rest_route=%2Fwp%2Fv2%2Fmedia&parent=8772"}],"wp:term":[{"taxonomy":"category","embeddable":true,"href":"https:\/\/bibliotekamoscisko.pl\/index.php?rest_route=%2Fwp%2Fv2%2Fcategories&post=8772"},{"taxonomy":"post_tag","embeddable":true,"href":"https:\/\/bibliotekamoscisko.pl\/index.php?rest_route=%2Fwp%2Fv2%2Ftags&post=8772"}],"curies":[{"name":"wp","href":"https:\/\/api.w.org\/{rel}","templated":true}]}}