{"id":8837,"date":"2019-05-29T12:42:36","date_gmt":"2019-05-29T12:42:36","guid":{"rendered":"http:\/\/bibliotekamoscisko.pl\/?p=8837"},"modified":"2019-05-29T12:42:36","modified_gmt":"2019-05-29T12:42:36","slug":"pogoda-duszy-to-skarb-wielki-i-bezcenny","status":"publish","type":"post","link":"https:\/\/bibliotekamoscisko.pl\/?p=8837","title":{"rendered":"Pogoda duszy to skarb wielki i bezcenny"},"content":{"rendered":"<p>28 maja spotkali\u015bmy si\u0119 w bibliotece w Pi\u0142awie Dolnej na warsztatach literacko-plastycznych z przyjaci\u00f3\u0142mi Kozio\u0142ka Mato\u0142ka Kornela Makuszy\u0144skiego. Przyjaci\u00f3\u0142mi zostali u\u015bmiechni\u0119ci uczniowie klasy II Szko\u0142y Podstawowej w Pi\u0142awie Dolnej.<\/p>\n<p><a href=\"http:\/\/bibliotekamoscisko.pl\/wp-content\/uploads\/2019\/05\/IMG_4533.jpg\"><img fetchpriority=\"high\" decoding=\"async\" class=\"aligncenter wp-image-8844 size-medium\" src=\"http:\/\/bibliotekamoscisko.pl\/wp-content\/uploads\/2019\/05\/IMG_4533-300x225.jpg\" alt=\"\" width=\"300\" height=\"225\" srcset=\"https:\/\/bibliotekamoscisko.pl\/wp-content\/uploads\/2019\/05\/IMG_4533-300x225.jpg 300w, https:\/\/bibliotekamoscisko.pl\/wp-content\/uploads\/2019\/05\/IMG_4533.jpg 768w, https:\/\/bibliotekamoscisko.pl\/wp-content\/uploads\/2019\/05\/IMG_4533-1x1.jpg 1w\" sizes=\"(max-width: 300px) 100vw, 300px\" \/><\/a><\/p>\n<p>Dzieci odczytywa\u0142y rozsypane fragmenty utworu, uk\u0142adaj\u0105c histori\u0119 przyg\u00f3d Kozio\u0142ka Mato\u0142ka. Rozwi\u0105zywa\u0142y tak\u017ce krzy\u017c\u00f3wk\u0119 dotycz\u0105c\u0105 tw\u00f3rczo\u015bci Kornela Makuszy\u0144skiego. Potrzebne tytu\u0142y ksi\u0105\u017cek dzieci mia\u0142y w zasi\u0119gu r\u0119ki. Uk\u0142adanie puzzli i odgadywanie hase\u0142 zas\u0142ugiwa\u0142o na nagrody. Zabawa by\u0142a tw\u00f3rcza! Harce i nauka up\u0142yn\u0119\u0142y w przyjaznej atmosferze. Takiej,\u00a0 jak\u0105 ch\u0119tnie widzia\u0142by patron szko\u0142y Kornel Makuszy\u0144ski, kt\u00f3ry w ksi\u0105\u017cce \u201eAwantura o Basi\u0119&#8221; napisa\u0142: &#8222;Pogoda duszy to skarb wielki i bezcenny&#8221;.<\/p>\n<div id='gallery-1' class='gallery galleryid-8837 gallery-columns-3 gallery-size-thumbnail'><figure class='gallery-item'>\n\t\t\t<div class='gallery-icon landscape'>\n\t\t\t\t<a href='https:\/\/bibliotekamoscisko.pl\/?attachment_id=8838'><img decoding=\"async\" width=\"150\" height=\"150\" src=\"https:\/\/bibliotekamoscisko.pl\/wp-content\/uploads\/2019\/05\/IMG_4535-150x150.jpg\" class=\"attachment-thumbnail size-thumbnail\" alt=\"\" srcset=\"https:\/\/bibliotekamoscisko.pl\/wp-content\/uploads\/2019\/05\/IMG_4535-150x150.jpg 150w, https:\/\/bibliotekamoscisko.pl\/wp-content\/uploads\/2019\/05\/IMG_4535-1x1.jpg 1w\" sizes=\"(max-width: 150px) 100vw, 150px\" \/><\/a>\n\t\t\t<\/div><\/figure><figure class='gallery-item'>\n\t\t\t<div class='gallery-icon landscape'>\n\t\t\t\t<a href='https:\/\/bibliotekamoscisko.pl\/?attachment_id=8839'><img decoding=\"async\" width=\"150\" height=\"150\" src=\"https:\/\/bibliotekamoscisko.pl\/wp-content\/uploads\/2019\/05\/IMG_4537-150x150.jpg\" class=\"attachment-thumbnail size-thumbnail\" alt=\"\" srcset=\"https:\/\/bibliotekamoscisko.pl\/wp-content\/uploads\/2019\/05\/IMG_4537-150x150.jpg 150w, https:\/\/bibliotekamoscisko.pl\/wp-content\/uploads\/2019\/05\/IMG_4537-1x1.jpg 1w\" sizes=\"(max-width: 150px) 100vw, 150px\" \/><\/a>\n\t\t\t<\/div><\/figure><figure class='gallery-item'>\n\t\t\t<div class='gallery-icon portrait'>\n\t\t\t\t<a href='https:\/\/bibliotekamoscisko.pl\/?attachment_id=8840'><img loading=\"lazy\" decoding=\"async\" width=\"150\" height=\"150\" src=\"https:\/\/bibliotekamoscisko.pl\/wp-content\/uploads\/2019\/05\/IMG_4542-150x150.jpg\" class=\"attachment-thumbnail size-thumbnail\" alt=\"\" srcset=\"https:\/\/bibliotekamoscisko.pl\/wp-content\/uploads\/2019\/05\/IMG_4542-150x150.jpg 150w, https:\/\/bibliotekamoscisko.pl\/wp-content\/uploads\/2019\/05\/IMG_4542-1x1.jpg 1w\" sizes=\"(max-width: 150px) 100vw, 150px\" \/><\/a>\n\t\t\t<\/div><\/figure><figure class='gallery-item'>\n\t\t\t<div class='gallery-icon landscape'>\n\t\t\t\t<a href='https:\/\/bibliotekamoscisko.pl\/?attachment_id=8841'><img loading=\"lazy\" decoding=\"async\" width=\"150\" height=\"150\" src=\"https:\/\/bibliotekamoscisko.pl\/wp-content\/uploads\/2019\/05\/IMG_4516-150x150.jpg\" class=\"attachment-thumbnail size-thumbnail\" alt=\"\" srcset=\"https:\/\/bibliotekamoscisko.pl\/wp-content\/uploads\/2019\/05\/IMG_4516-150x150.jpg 150w, https:\/\/bibliotekamoscisko.pl\/wp-content\/uploads\/2019\/05\/IMG_4516-1x1.jpg 1w\" sizes=\"(max-width: 150px) 100vw, 150px\" \/><\/a>\n\t\t\t<\/div><\/figure><figure class='gallery-item'>\n\t\t\t<div class='gallery-icon landscape'>\n\t\t\t\t<a href='https:\/\/bibliotekamoscisko.pl\/?attachment_id=8842'><img loading=\"lazy\" decoding=\"async\" width=\"150\" height=\"150\" src=\"https:\/\/bibliotekamoscisko.pl\/wp-content\/uploads\/2019\/05\/IMG_4520-150x150.jpg\" class=\"attachment-thumbnail size-thumbnail\" alt=\"\" srcset=\"https:\/\/bibliotekamoscisko.pl\/wp-content\/uploads\/2019\/05\/IMG_4520-150x150.jpg 150w, https:\/\/bibliotekamoscisko.pl\/wp-content\/uploads\/2019\/05\/IMG_4520-1x1.jpg 1w\" sizes=\"(max-width: 150px) 100vw, 150px\" \/><\/a>\n\t\t\t<\/div><\/figure><figure class='gallery-item'>\n\t\t\t<div class='gallery-icon landscape'>\n\t\t\t\t<a href='https:\/\/bibliotekamoscisko.pl\/?attachment_id=8843'><img loading=\"lazy\" decoding=\"async\" width=\"150\" height=\"150\" src=\"https:\/\/bibliotekamoscisko.pl\/wp-content\/uploads\/2019\/05\/IMG_4522-150x150.jpg\" class=\"attachment-thumbnail size-thumbnail\" alt=\"\" srcset=\"https:\/\/bibliotekamoscisko.pl\/wp-content\/uploads\/2019\/05\/IMG_4522-150x150.jpg 150w, https:\/\/bibliotekamoscisko.pl\/wp-content\/uploads\/2019\/05\/IMG_4522-1x1.jpg 1w\" sizes=\"(max-width: 150px) 100vw, 150px\" \/><\/a>\n\t\t\t<\/div><\/figure>\n\t\t<\/div>\n\n<p>Dzi\u0119kuje pani Ewie Soko\u0142owskiej za zaanga\u017cowanie w przeprowadzeniu spotkania oraz dzieciom za mi\u0142e spotkanie.<\/p>\n<p style=\"text-align: center;\">Zapraszam ponownie do Naszej biblioteki.<\/p>\n<p>&nbsp;<\/p>\n<p style=\"text-align: left;\">\u00a0 Wanda Kun<\/p>\n","protected":false},"excerpt":{"rendered":"<p>28 maja spotkali\u015bmy si\u0119 w bibliotece w Pi\u0142awie Dolnej na warsztatach literacko-plastycznych z przyjaci\u00f3\u0142mi Kozio\u0142ka Mato\u0142ka Kornela Makuszy\u0144skiego. Przyjaci\u00f3\u0142mi zostali u\u015bmiechni\u0119ci uczniowie klasy II Szko\u0142y Podstawowej w Pi\u0142awie Dolnej. Dzieci [&hellip;]<\/p>\n","protected":false},"author":1,"featured_media":0,"comment_status":"closed","ping_status":"open","sticky":false,"template":"","format":"standard","meta":{"ngg_post_thumbnail":0,"footnotes":""},"categories":[1],"tags":[],"class_list":["post-8837","post","type-post","status-publish","format-standard","hentry","category-uncategorized"],"_links":{"self":[{"href":"https:\/\/bibliotekamoscisko.pl\/index.php?rest_route=\/wp\/v2\/posts\/8837","targetHints":{"allow":["GET"]}}],"collection":[{"href":"https:\/\/bibliotekamoscisko.pl\/index.php?rest_route=\/wp\/v2\/posts"}],"about":[{"href":"https:\/\/bibliotekamoscisko.pl\/index.php?rest_route=\/wp\/v2\/types\/post"}],"author":[{"embeddable":true,"href":"https:\/\/bibliotekamoscisko.pl\/index.php?rest_route=\/wp\/v2\/users\/1"}],"replies":[{"embeddable":true,"href":"https:\/\/bibliotekamoscisko.pl\/index.php?rest_route=%2Fwp%2Fv2%2Fcomments&post=8837"}],"version-history":[{"count":1,"href":"https:\/\/bibliotekamoscisko.pl\/index.php?rest_route=\/wp\/v2\/posts\/8837\/revisions"}],"predecessor-version":[{"id":8845,"href":"https:\/\/bibliotekamoscisko.pl\/index.php?rest_route=\/wp\/v2\/posts\/8837\/revisions\/8845"}],"wp:attachment":[{"href":"https:\/\/bibliotekamoscisko.pl\/index.php?rest_route=%2Fwp%2Fv2%2Fmedia&parent=8837"}],"wp:term":[{"taxonomy":"category","embeddable":true,"href":"https:\/\/bibliotekamoscisko.pl\/index.php?rest_route=%2Fwp%2Fv2%2Fcategories&post=8837"},{"taxonomy":"post_tag","embeddable":true,"href":"https:\/\/bibliotekamoscisko.pl\/index.php?rest_route=%2Fwp%2Fv2%2Ftags&post=8837"}],"curies":[{"name":"wp","href":"https:\/\/api.w.org\/{rel}","templated":true}]}}