{"id":884,"date":"2014-10-01T12:37:22","date_gmt":"2014-10-01T12:37:22","guid":{"rendered":"http:\/\/bibliotekamoscisko.pl\/?p=884"},"modified":"2014-10-01T12:37:22","modified_gmt":"2014-10-01T12:37:22","slug":"cztery-siostry-i-czyli-rozmowy-o-ksiazce-krystyny-patrzykat","status":"publish","type":"post","link":"https:\/\/bibliotekamoscisko.pl\/?p=884","title":{"rendered":"Cztery siostry i&#8230; czyli rozmowy o ksi\u0105\u017cce Krystyny Patrzyk\u0105t&#8230;"},"content":{"rendered":"<p><em>A gdy si\u0119 sko\u0144czy moje \u017cycie<\/em><\/p>\n<p><em>w rado\u015bci , szcz\u0119\u015bciu i dobrobycie,<\/em><\/p>\n<p><em>gdy przejd\u0119 ju\u017c na drug\u0105 stron\u0119<\/em><\/p>\n<p><em>i b\u0119d\u0119 lekka jak skowronek,<\/em><\/p>\n<p><em>wtedy mnie przyjmie Pan do nieba&#8230;.<\/em><\/p>\n<p><strong><em>\u00a0 \u00a0 \u00a0 \u00a0 \u00a0 <\/em><\/strong>We wtorek 30 pa\u017adziernika w Bibliotece Publiczno-Szkolnej w Ostroszowicach odby\u0142a si\u0119 dyskusja o ksi\u0105\u017cce Krystyny Patrzyk\u0105t ,,Cztery siostry i&#8230;&#8221;. Spotkanie prowadzi\u0142a Pani Jolanta Maniecka. Urokliwe opowie\u015bci o tych kt\u00f3rzy s\u0105 ,kt\u00f3rych ju\u017c nie ma, o pracowitej Matce i \u017cyciu we wspania\u0142ej rodzinie zaczarowa\u0142y s\u0142uchaczy. Wiersze czytane przez autork\u0119 i prowadz\u0105c\u0105 rozbudzi\u0142y wspomnienia oraz podziw nad warsztatem pisarskim Pani Krystyny.<\/p>\n<p><em>Ksi\u0119\u017cyc w pe\u0142ni<\/em><\/p>\n<p><em>noc\u0105 w\u0142azi mi do sypialni<\/em><\/p>\n<p><em>i budzi mnie<\/em><\/p>\n<p><em>jestem z\u0142a<\/em><\/p>\n<p><em>nie mog\u0119 usn\u0105\u0107<\/em><\/p>\n<p><em>a on \u015bmieje sie<\/em><\/p>\n<p><em>sw\u0105 puco\u0142owat\u0105 mord\u0105.<\/em><\/p>\n<p>&nbsp;<\/p>\n<p>Spotkanie w ramach Dyskusyjnego Klubu Ksi\u0105\u017cki zostawi\u0142o w nas trwa\u0142y \u015blad.<\/p>\n<p>Dobrze by\u0142o si\u0119 spotka\u0107 razem. Porozmawiali\u015bmy o wra\u017cliwo\u015bci, poezji i mi\u0142o\u015bci w rodzinie&#8230;<\/p>\n<p>&nbsp;<\/p>\n<p><em>\u00a0A gdy mnie Pan przyjmie do nieba,<\/em><\/p>\n<p><em>to b\u0119d\u0119 grzeczna jak potrzeba&#8230;\u00a0<\/em><\/p>\n<p>napisa\u0142a autorka w jednym ze swoich wierszy&#8230;<\/p>\n<p><a href=\"http:\/\/bibliotekamoscisko.pl\/wp-content\/uploads\/2014\/10\/ma\u0142e.jpg\"><img fetchpriority=\"high\" decoding=\"async\" class=\"aligncenter size-medium wp-image-885\" src=\"http:\/\/bibliotekamoscisko.pl\/wp-content\/uploads\/2014\/10\/ma\u0142e-300x225.jpg\" alt=\"ma\u0142e\" width=\"300\" height=\"225\" \/><\/a><\/p>\n<p>Maria Kirkiewicz<\/p>\n","protected":false},"excerpt":{"rendered":"<p>A gdy si\u0119 sko\u0144czy moje \u017cycie w rado\u015bci , szcz\u0119\u015bciu i dobrobycie, gdy przejd\u0119 ju\u017c na drug\u0105 stron\u0119 i b\u0119d\u0119 lekka jak skowronek, wtedy mnie przyjmie Pan do nieba&#8230;. \u00a0 [&hellip;]<\/p>\n","protected":false},"author":1,"featured_media":886,"comment_status":"closed","ping_status":"open","sticky":false,"template":"","format":"standard","meta":{"ngg_post_thumbnail":0,"footnotes":""},"categories":[1],"tags":[],"class_list":["post-884","post","type-post","status-publish","format-standard","has-post-thumbnail","hentry","category-uncategorized"],"_links":{"self":[{"href":"https:\/\/bibliotekamoscisko.pl\/index.php?rest_route=\/wp\/v2\/posts\/884","targetHints":{"allow":["GET"]}}],"collection":[{"href":"https:\/\/bibliotekamoscisko.pl\/index.php?rest_route=\/wp\/v2\/posts"}],"about":[{"href":"https:\/\/bibliotekamoscisko.pl\/index.php?rest_route=\/wp\/v2\/types\/post"}],"author":[{"embeddable":true,"href":"https:\/\/bibliotekamoscisko.pl\/index.php?rest_route=\/wp\/v2\/users\/1"}],"replies":[{"embeddable":true,"href":"https:\/\/bibliotekamoscisko.pl\/index.php?rest_route=%2Fwp%2Fv2%2Fcomments&post=884"}],"version-history":[{"count":1,"href":"https:\/\/bibliotekamoscisko.pl\/index.php?rest_route=\/wp\/v2\/posts\/884\/revisions"}],"predecessor-version":[{"id":887,"href":"https:\/\/bibliotekamoscisko.pl\/index.php?rest_route=\/wp\/v2\/posts\/884\/revisions\/887"}],"wp:featuredmedia":[{"embeddable":true,"href":"https:\/\/bibliotekamoscisko.pl\/index.php?rest_route=\/wp\/v2\/media\/886"}],"wp:attachment":[{"href":"https:\/\/bibliotekamoscisko.pl\/index.php?rest_route=%2Fwp%2Fv2%2Fmedia&parent=884"}],"wp:term":[{"taxonomy":"category","embeddable":true,"href":"https:\/\/bibliotekamoscisko.pl\/index.php?rest_route=%2Fwp%2Fv2%2Fcategories&post=884"},{"taxonomy":"post_tag","embeddable":true,"href":"https:\/\/bibliotekamoscisko.pl\/index.php?rest_route=%2Fwp%2Fv2%2Ftags&post=884"}],"curies":[{"name":"wp","href":"https:\/\/api.w.org\/{rel}","templated":true}]}}