{"id":8846,"date":"2019-06-03T10:04:49","date_gmt":"2019-06-03T10:04:49","guid":{"rendered":"http:\/\/bibliotekamoscisko.pl\/?p=8846"},"modified":"2019-06-03T10:04:49","modified_gmt":"2019-06-03T10:04:49","slug":"historia-inaczej","status":"publish","type":"post","link":"https:\/\/bibliotekamoscisko.pl\/?p=8846","title":{"rendered":"Historia inaczej"},"content":{"rendered":"<p>29 maja spotkali\u015bmy si\u0119 po raz kolejny\u00a0 w Bibliotece Publicznej w Pi\u0142awie Dolnej na cyklicznym spotkaniu nosz\u0105cym tytu\u0142 &#8211; &#8222;Historia inaczej&#8221;. Tematem naszych <a href=\"http:\/\/bibliotekamoscisko.pl\/wp-content\/uploads\/2019\/06\/IMG_4560.jpg\"><img fetchpriority=\"high\" decoding=\"async\" class=\"alignright size-medium wp-image-8851\" src=\"http:\/\/bibliotekamoscisko.pl\/wp-content\/uploads\/2019\/06\/IMG_4560-300x225.jpg\" alt=\"\" width=\"300\" height=\"225\" srcset=\"https:\/\/bibliotekamoscisko.pl\/wp-content\/uploads\/2019\/06\/IMG_4560-300x225.jpg 300w, https:\/\/bibliotekamoscisko.pl\/wp-content\/uploads\/2019\/06\/IMG_4560.jpg 768w, https:\/\/bibliotekamoscisko.pl\/wp-content\/uploads\/2019\/06\/IMG_4560-1x1.jpg 1w\" sizes=\"(max-width: 300px) 100vw, 300px\" \/><\/a>zaj\u0119\u0107 by\u0142a Polska w okresie mi\u0119dzywojennym\/1918-1939\/. Spotkanie poprowadzi\u0142a nauczycielka historii &#8211; Renata Kajkowska a aktywnymi rozm\u00f3wcami byli uczniowie klasy VII z Szko\u0142y Podstawowej w Pi\u0142awie Dolnej. Rozmowy dotyczy\u0142y m.in. ostatecznych kszta\u0142t\u00f3w granic Polski po roku 1922. W latach 1919 -1925 ustanowiono 16 nowych wojew\u00f3dztw. Przez ca\u0142y okres mi\u0119dzywojenny ich liczba nie uleg\u0142a zmianie. W latach 1921-1931 69% spo\u0142ecze\u0144stwa stanowili Polacy,14% Ukrai\u0144cy, 8% \u017bydzi, 4%Niemcy, 4%Bia\u0142orusini, 1% inni. W Polsce mi\u0119dzywojennej istnia\u0142 obowi\u0105zek szkolny dla dzieci od 7 do 14 lat. Na naszym spotkaniu mo\u017cna by\u0142o sobie przypomnie\u0107 wiele wiadomo\u015bci z historii oraz si\u0119gn\u0105\u0107 po ksi\u0105\u017cki aby odszuka\u0107 ciekawe wydarzenia z kart naszych dziej\u00f3w.<\/p>\n<div id='gallery-1' class='gallery galleryid-8846 gallery-columns-3 gallery-size-thumbnail'><figure class='gallery-item'>\n\t\t\t<div class='gallery-icon landscape'>\n\t\t\t\t<a href='https:\/\/bibliotekamoscisko.pl\/?attachment_id=8847'><img decoding=\"async\" width=\"150\" height=\"150\" src=\"https:\/\/bibliotekamoscisko.pl\/wp-content\/uploads\/2019\/06\/IMG_4543-150x150.jpg\" class=\"attachment-thumbnail size-thumbnail\" alt=\"\" srcset=\"https:\/\/bibliotekamoscisko.pl\/wp-content\/uploads\/2019\/06\/IMG_4543-150x150.jpg 150w, https:\/\/bibliotekamoscisko.pl\/wp-content\/uploads\/2019\/06\/IMG_4543-1x1.jpg 1w\" sizes=\"(max-width: 150px) 100vw, 150px\" \/><\/a>\n\t\t\t<\/div><\/figure><figure class='gallery-item'>\n\t\t\t<div class='gallery-icon landscape'>\n\t\t\t\t<a href='https:\/\/bibliotekamoscisko.pl\/?attachment_id=8848'><img decoding=\"async\" width=\"150\" height=\"150\" src=\"https:\/\/bibliotekamoscisko.pl\/wp-content\/uploads\/2019\/06\/IMG_4546-150x150.jpg\" class=\"attachment-thumbnail size-thumbnail\" alt=\"\" srcset=\"https:\/\/bibliotekamoscisko.pl\/wp-content\/uploads\/2019\/06\/IMG_4546-150x150.jpg 150w, https:\/\/bibliotekamoscisko.pl\/wp-content\/uploads\/2019\/06\/IMG_4546-1x1.jpg 1w\" sizes=\"(max-width: 150px) 100vw, 150px\" \/><\/a>\n\t\t\t<\/div><\/figure><figure class='gallery-item'>\n\t\t\t<div class='gallery-icon landscape'>\n\t\t\t\t<a href='https:\/\/bibliotekamoscisko.pl\/?attachment_id=8849'><img loading=\"lazy\" decoding=\"async\" width=\"150\" height=\"150\" src=\"https:\/\/bibliotekamoscisko.pl\/wp-content\/uploads\/2019\/06\/IMG_4550-150x150.jpg\" class=\"attachment-thumbnail size-thumbnail\" alt=\"\" srcset=\"https:\/\/bibliotekamoscisko.pl\/wp-content\/uploads\/2019\/06\/IMG_4550-150x150.jpg 150w, https:\/\/bibliotekamoscisko.pl\/wp-content\/uploads\/2019\/06\/IMG_4550-1x1.jpg 1w\" sizes=\"(max-width: 150px) 100vw, 150px\" \/><\/a>\n\t\t\t<\/div><\/figure><figure class='gallery-item'>\n\t\t\t<div class='gallery-icon landscape'>\n\t\t\t\t<a href='https:\/\/bibliotekamoscisko.pl\/?attachment_id=8850'><img loading=\"lazy\" decoding=\"async\" width=\"150\" height=\"150\" src=\"https:\/\/bibliotekamoscisko.pl\/wp-content\/uploads\/2019\/06\/IMG_4552-150x150.jpg\" class=\"attachment-thumbnail size-thumbnail\" alt=\"\" srcset=\"https:\/\/bibliotekamoscisko.pl\/wp-content\/uploads\/2019\/06\/IMG_4552-150x150.jpg 150w, https:\/\/bibliotekamoscisko.pl\/wp-content\/uploads\/2019\/06\/IMG_4552-1x1.jpg 1w\" sizes=\"(max-width: 150px) 100vw, 150px\" \/><\/a>\n\t\t\t<\/div><\/figure><figure class='gallery-item'>\n\t\t\t<div class='gallery-icon portrait'>\n\t\t\t\t<a href='https:\/\/bibliotekamoscisko.pl\/?attachment_id=8852'><img loading=\"lazy\" decoding=\"async\" width=\"150\" height=\"150\" src=\"https:\/\/bibliotekamoscisko.pl\/wp-content\/uploads\/2019\/06\/IMG_4561-150x150.jpg\" class=\"attachment-thumbnail size-thumbnail\" alt=\"\" srcset=\"https:\/\/bibliotekamoscisko.pl\/wp-content\/uploads\/2019\/06\/IMG_4561-150x150.jpg 150w, https:\/\/bibliotekamoscisko.pl\/wp-content\/uploads\/2019\/06\/IMG_4561-1x1.jpg 1w\" sizes=\"(max-width: 150px) 100vw, 150px\" \/><\/a>\n\t\t\t<\/div><\/figure><figure class='gallery-item'>\n\t\t\t<div class='gallery-icon landscape'>\n\t\t\t\t<a href='https:\/\/bibliotekamoscisko.pl\/?attachment_id=8853'><img loading=\"lazy\" decoding=\"async\" width=\"150\" height=\"150\" src=\"https:\/\/bibliotekamoscisko.pl\/wp-content\/uploads\/2019\/06\/IMG_4570-150x150.jpg\" class=\"attachment-thumbnail size-thumbnail\" alt=\"\" srcset=\"https:\/\/bibliotekamoscisko.pl\/wp-content\/uploads\/2019\/06\/IMG_4570-150x150.jpg 150w, https:\/\/bibliotekamoscisko.pl\/wp-content\/uploads\/2019\/06\/IMG_4570-1x1.jpg 1w\" sizes=\"(max-width: 150px) 100vw, 150px\" \/><\/a>\n\t\t\t<\/div><\/figure>\n\t\t<\/div>\n\n<p>Dzi\u0119kuje pani Renacie Kajkowskiej za prelekcj\u0119 a m\u0142odzie\u017cy za aktywno\u015b\u0107 i wiedz\u0119.<\/p>\n<p>Zapraszam ponownie do naszej biblioteki.<\/p>\n<p>Wanda Kun<\/p>\n","protected":false},"excerpt":{"rendered":"<p>29 maja spotkali\u015bmy si\u0119 po raz kolejny\u00a0 w Bibliotece Publicznej w Pi\u0142awie Dolnej na cyklicznym spotkaniu nosz\u0105cym tytu\u0142 &#8211; &#8222;Historia inaczej&#8221;. Tematem naszych zaj\u0119\u0107 by\u0142a Polska w okresie mi\u0119dzywojennym\/1918-1939\/. Spotkanie [&hellip;]<\/p>\n","protected":false},"author":1,"featured_media":0,"comment_status":"closed","ping_status":"open","sticky":false,"template":"","format":"standard","meta":{"ngg_post_thumbnail":0,"footnotes":""},"categories":[1],"tags":[],"class_list":["post-8846","post","type-post","status-publish","format-standard","hentry","category-uncategorized"],"_links":{"self":[{"href":"https:\/\/bibliotekamoscisko.pl\/index.php?rest_route=\/wp\/v2\/posts\/8846","targetHints":{"allow":["GET"]}}],"collection":[{"href":"https:\/\/bibliotekamoscisko.pl\/index.php?rest_route=\/wp\/v2\/posts"}],"about":[{"href":"https:\/\/bibliotekamoscisko.pl\/index.php?rest_route=\/wp\/v2\/types\/post"}],"author":[{"embeddable":true,"href":"https:\/\/bibliotekamoscisko.pl\/index.php?rest_route=\/wp\/v2\/users\/1"}],"replies":[{"embeddable":true,"href":"https:\/\/bibliotekamoscisko.pl\/index.php?rest_route=%2Fwp%2Fv2%2Fcomments&post=8846"}],"version-history":[{"count":1,"href":"https:\/\/bibliotekamoscisko.pl\/index.php?rest_route=\/wp\/v2\/posts\/8846\/revisions"}],"predecessor-version":[{"id":8854,"href":"https:\/\/bibliotekamoscisko.pl\/index.php?rest_route=\/wp\/v2\/posts\/8846\/revisions\/8854"}],"wp:attachment":[{"href":"https:\/\/bibliotekamoscisko.pl\/index.php?rest_route=%2Fwp%2Fv2%2Fmedia&parent=8846"}],"wp:term":[{"taxonomy":"category","embeddable":true,"href":"https:\/\/bibliotekamoscisko.pl\/index.php?rest_route=%2Fwp%2Fv2%2Fcategories&post=8846"},{"taxonomy":"post_tag","embeddable":true,"href":"https:\/\/bibliotekamoscisko.pl\/index.php?rest_route=%2Fwp%2Fv2%2Ftags&post=8846"}],"curies":[{"name":"wp","href":"https:\/\/api.w.org\/{rel}","templated":true}]}}