{"id":888,"date":"2014-10-04T08:44:34","date_gmt":"2014-10-04T08:44:34","guid":{"rendered":"http:\/\/bibliotekamoscisko.pl\/?p=888"},"modified":"2014-10-04T08:44:34","modified_gmt":"2014-10-04T08:44:34","slug":"wystawa-prac-heleny-lipowskiej","status":"publish","type":"post","link":"https:\/\/bibliotekamoscisko.pl\/?p=888","title":{"rendered":"Wystawa prac Heleny Lipowskiej"},"content":{"rendered":"<p>3 pa\u017adziernika w Bibliotece Publicznej Gminy Dzier\u017coni\u00f3w w Mo\u015bcisku odby\u0142 si\u0119 wernisa\u017c wystawy Heleny Lipowskiej. W galerii zgromadzili si\u0119 przyjaciele i sympatycy tw\u00f3rczo\u015bci artystki, kt\u00f3ra z u\u015bmiechem odpowiada\u0142a na wiele pyta\u0144 dotycz\u0105cych g\u0142\u00f3wnie warsztatu i metod pracy. Go\u015bcie \u00a0z podziwem ogl\u0105dali nie tylko obrazy ale tak\u017ce misterne plecionki z gazet, czyli z papierowej wikliny. Ka\u017cdy kolejny egzemplarz jest inny i wyj\u0105tkowy. Niestety wymaga r\u00f3wnie\u017c ogromnej ilo\u015bci wolnego czasu a z tym ju\u017c bywa r\u00f3\u017cnie.<\/p>\n<p>To ju\u017c 46 wystawa prac Heleny Lipowskiej, kt\u00f3ra zaprezentowa\u0142a w Mo\u015bcisku zar\u00f3wno nowe obrazy, jak i te nagrodzone na wielu przegl\u0105dach. Jak sama mawia &#8211; \u00a0&#8222;<em>Inspiracj\u0105 do moich prac jest pi\u0119kno otaczaj\u0105cego nas \u015bwiata. Ciesz\u0119 si\u0119, \u017ce przez sztuk\u0119 wyra\u017cam siebie, pragn\u0119, aby moje obrazy dawa\u0142y ludziom rado\u015b\u0107\u201d.<\/em><\/p>\n<div id='gallery-1' class='gallery galleryid-888 gallery-columns-3 gallery-size-thumbnail'><figure class='gallery-item'>\n\t\t\t<div class='gallery-icon portrait'>\n\t\t\t\t<a href='https:\/\/bibliotekamoscisko.pl\/?attachment_id=895'><img decoding=\"async\" width=\"150\" height=\"150\" src=\"https:\/\/bibliotekamoscisko.pl\/wp-content\/uploads\/2014\/10\/DSCN3145-150x150.jpeg\" class=\"attachment-thumbnail size-thumbnail\" alt=\"\" \/><\/a>\n\t\t\t<\/div><\/figure><figure class='gallery-item'>\n\t\t\t<div class='gallery-icon portrait'>\n\t\t\t\t<a href='https:\/\/bibliotekamoscisko.pl\/?attachment_id=889'><img decoding=\"async\" width=\"150\" height=\"150\" src=\"https:\/\/bibliotekamoscisko.pl\/wp-content\/uploads\/2014\/10\/DSCN3139-150x150.jpeg\" class=\"attachment-thumbnail size-thumbnail\" alt=\"\" \/><\/a>\n\t\t\t<\/div><\/figure><figure class='gallery-item'>\n\t\t\t<div class='gallery-icon landscape'>\n\t\t\t\t<a href='https:\/\/bibliotekamoscisko.pl\/?attachment_id=891'><img decoding=\"async\" width=\"150\" height=\"150\" src=\"https:\/\/bibliotekamoscisko.pl\/wp-content\/uploads\/2014\/10\/DSCN3141-150x150.jpeg\" class=\"attachment-thumbnail size-thumbnail\" alt=\"\" \/><\/a>\n\t\t\t<\/div><\/figure><figure class='gallery-item'>\n\t\t\t<div class='gallery-icon portrait'>\n\t\t\t\t<a href='https:\/\/bibliotekamoscisko.pl\/?attachment_id=893'><img loading=\"lazy\" decoding=\"async\" width=\"150\" height=\"150\" src=\"https:\/\/bibliotekamoscisko.pl\/wp-content\/uploads\/2014\/10\/DSCN3143-150x150.jpeg\" class=\"attachment-thumbnail size-thumbnail\" alt=\"\" \/><\/a>\n\t\t\t<\/div><\/figure>\n\t\t<\/div>\n\n<p>Wystaw\u0119 b\u0119dzie mo\u017cna obejrze\u0107 w godzinach pracy biblioteki do 31 pa\u017adziernika. Zapraszamy.<\/p>\n<p>D.W.<\/p>\n","protected":false},"excerpt":{"rendered":"<p>3 pa\u017adziernika w Bibliotece Publicznej Gminy Dzier\u017coni\u00f3w w Mo\u015bcisku odby\u0142 si\u0119 wernisa\u017c wystawy Heleny Lipowskiej. W galerii zgromadzili si\u0119 przyjaciele i sympatycy tw\u00f3rczo\u015bci artystki, kt\u00f3ra z u\u015bmiechem odpowiada\u0142a na wiele [&hellip;]<\/p>\n","protected":false},"author":1,"featured_media":895,"comment_status":"closed","ping_status":"open","sticky":false,"template":"","format":"standard","meta":{"ngg_post_thumbnail":0,"footnotes":""},"categories":[1],"tags":[],"class_list":["post-888","post","type-post","status-publish","format-standard","has-post-thumbnail","hentry","category-uncategorized"],"_links":{"self":[{"href":"https:\/\/bibliotekamoscisko.pl\/index.php?rest_route=\/wp\/v2\/posts\/888","targetHints":{"allow":["GET"]}}],"collection":[{"href":"https:\/\/bibliotekamoscisko.pl\/index.php?rest_route=\/wp\/v2\/posts"}],"about":[{"href":"https:\/\/bibliotekamoscisko.pl\/index.php?rest_route=\/wp\/v2\/types\/post"}],"author":[{"embeddable":true,"href":"https:\/\/bibliotekamoscisko.pl\/index.php?rest_route=\/wp\/v2\/users\/1"}],"replies":[{"embeddable":true,"href":"https:\/\/bibliotekamoscisko.pl\/index.php?rest_route=%2Fwp%2Fv2%2Fcomments&post=888"}],"version-history":[{"count":1,"href":"https:\/\/bibliotekamoscisko.pl\/index.php?rest_route=\/wp\/v2\/posts\/888\/revisions"}],"predecessor-version":[{"id":903,"href":"https:\/\/bibliotekamoscisko.pl\/index.php?rest_route=\/wp\/v2\/posts\/888\/revisions\/903"}],"wp:featuredmedia":[{"embeddable":true,"href":"https:\/\/bibliotekamoscisko.pl\/index.php?rest_route=\/wp\/v2\/media\/895"}],"wp:attachment":[{"href":"https:\/\/bibliotekamoscisko.pl\/index.php?rest_route=%2Fwp%2Fv2%2Fmedia&parent=888"}],"wp:term":[{"taxonomy":"category","embeddable":true,"href":"https:\/\/bibliotekamoscisko.pl\/index.php?rest_route=%2Fwp%2Fv2%2Fcategories&post=888"},{"taxonomy":"post_tag","embeddable":true,"href":"https:\/\/bibliotekamoscisko.pl\/index.php?rest_route=%2Fwp%2Fv2%2Ftags&post=888"}],"curies":[{"name":"wp","href":"https:\/\/api.w.org\/{rel}","templated":true}]}}