{"id":8910,"date":"2019-06-10T07:18:47","date_gmt":"2019-06-10T07:18:47","guid":{"rendered":"http:\/\/bibliotekamoscisko.pl\/?p=8910"},"modified":"2019-06-10T07:18:47","modified_gmt":"2019-06-10T07:18:47","slug":"mistrzowie-literatury-dzieciom","status":"publish","type":"post","link":"https:\/\/bibliotekamoscisko.pl\/?p=8910","title":{"rendered":"Mistrzowie literatury dzieciom"},"content":{"rendered":"<p><a href=\"http:\/\/bibliotekamoscisko.pl\/wp-content\/uploads\/2019\/06\/napis.jpg\"><img fetchpriority=\"high\" decoding=\"async\" class=\"aligncenter size-full wp-image-8922\" src=\"http:\/\/bibliotekamoscisko.pl\/wp-content\/uploads\/2019\/06\/napis.jpg\" alt=\"\" width=\"360\" height=\"140\" srcset=\"https:\/\/bibliotekamoscisko.pl\/wp-content\/uploads\/2019\/06\/napis.jpg 360w, https:\/\/bibliotekamoscisko.pl\/wp-content\/uploads\/2019\/06\/napis-300x117.jpg 300w, https:\/\/bibliotekamoscisko.pl\/wp-content\/uploads\/2019\/06\/napis-3x1.jpg 3w\" sizes=\"(max-width: 360px) 100vw, 360px\" \/><\/a>Od 5. czerwca po raz szesnasty w tras\u0119 po wojew\u00f3dztwie dolno\u015bl\u0105skim w ramach akcji &#8222;Z Ksi\u0105\u017ck\u0105 na Walizkach&#8221; ruszyli autorzy ksi\u0105\u017cek dla dzieci i m\u0142odzie\u017cy. Razem z Dolno\u015bl\u0105sk\u0105 Bibliotek\u0105 Publiczn\u0105, Wydawnictwem Akapit Press i Wydawnictwem Literatura odwiedzili ponad 50 miejscowo\u015bci!\u00a0\u00a0\u00a0\u00a0\u00a0\u00a0\u00a0\u00a0\u00a0\u00a0\u00a0\u00a0\u00a0\u00a0\u00a0\u00a0\u00a0\u00a0\u00a0\u00a0\u00a0\u00a0\u00a0\u00a0\u00a0\u00a0\u00a0\u00a0\u00a0\u00a0\u00a0\u00a0\u00a0\u00a0\u00a0\u00a0\u00a0\u00a0\u00a0\u00a0\u00a0\u00a0\u00a0\u00a0\u00a0\u00a0\u00a0\u00a0\u00a0\u00a0\u00a0\u00a0\u00a0 \u00a0 \u00a0 \u00a0 \u00a0 \u00a0 \u00a0 \u00a0\u00a0\u00a0\u00a0\u00a0\u00a0 \u00a0 \u00a0 \u00a0 \u00a0 \u00a0 \u00a0 \u00a0 \u00a0 Na spotkaniach z dzie\u0107mi i m\u0142odzie\u017c\u0105 o swojej pracy i ksi\u0105\u017ckach opowiadali <a href=\"https:\/\/www.wydawnictwoliteratura.pl\/tworcy\/autorzy\/pawel-beresewicz\">Pawe\u0142 Ber\u0119sewicz<\/a>, <a href=\"https:\/\/www.wydawnictwoliteratura.pl\/tworcy\/autorzy\/anna-czerwinska-rydel\">Anna Czerwi\u0144ska-Rydel<\/a>, <a href=\"https:\/\/www.wydawnictwoliteratura.pl\/tworcy\/autorzy\/agnieszka-fraczek\">Agnieszka Fr\u0105czek<\/a>, <a href=\"https:\/\/www.wydawnictwoliteratura.pl\/tworcy\/autorzy\/barbara-gawryluk\">Barbara Gawryluk<\/a>, Ewa Karwan-Jastrz\u0119bska, Emilia Kiere\u015b, <a href=\"https:\/\/www.wydawnictwoliteratura.pl\/tworcy\/autorzy\/renata-piatkowska\">Renata Pi\u0105tkowska<\/a>, <a href=\"https:\/\/www.wydawnictwoliteratura.pl\/tworcy\/autorzy\/katarzyna-ryrych\">Katarzyna Ryrych<\/a>, Agnieszka Tyszka i <a href=\"https:\/\/www.wydawnictwoliteratura.pl\/tworcy\/ilustratorzy\/joanna-zagner-kolat\">Joanna Zagner-Ko\u0142at<\/a>. \u201eDolno\u015bl\u0105skie Spotkania Pisarzy z M\u0142odymi Czytelnikami\u201d to najwi\u0119ksza impreza promuj\u0105ca czytelnictwo w\u015br\u00f3d dzieci i m\u0142odzie\u017cy na Dolnym \u015al\u0105sku, w kt\u00f3rej bior\u0105 udzia\u0142 wybitni tw\u00f3rcy literatury dzieci\u0119cej, ilustratorzy i wydawcy. Oficjalne has\u0142o tegorocznych spotka\u0144 brzmia\u0142o &#8222;Mistrzowie literatury dzieciom&#8221;.\u00a0\u00a0\u00a0 \u00a0\u00a0\u00a0\u00a0\u00a0\u00a0\u00a0\u00a0 \u00a0\u00a0\u00a0\u00a0\u00a0\u00a0\u00a0\u00a0\u00a0\u00a0\u00a0\u00a0\u00a0\u00a0\u00a0\u00a0\u00a0\u00a0\u00a0\u00a0\u00a0\u00a0\u00a0\u00a0\u00a0\u00a0\u00a0\u00a0\u00a0\u00a0\u00a0\u00a0\u00a0\u00a0\u00a0\u00a0\u00a0\u00a0\u00a0\u00a0\u00a0\u00a0\u00a0\u00a0\u00a0\u00a0 \u00a0\u00a0\u00a0\u00a0\u00a0\u00a0\u00a0\u00a0\u00a0\u00a0\u00a0\u00a0\u00a0\u00a0\u00a0\u00a0\u00a0\u00a0\u00a0\u00a0\u00a0\u00a0\u00a0\u00a0\u00a0\u00a0\u00a0\u00a0\u00a0\u00a0\u00a0\u00a0\u00a0\u00a0\u00a0\u00a0 \u00a0 \u00a0 \u00a0 \u00a0 \u00a0 \u00a0 \u00a0 \u00a0 \u00a0 \u00a0\u00a0 R\u00f3wnie\u017c Biblioteka Publiczna Gminy Dzier\u017coni\u00f3w znalaz\u0142a si\u0119 na tegorocznej walizkowej trasie. W gor\u0105cy czwartek 6 czerwca stan\u0119\u0142a w drzwiach prawdziwa wr\u00f3\u017cka s\u0142owa \u2013 Agnieszka Fr\u0105czek. O czary zacz\u0119li\u015bmy j\u0105 podejrzewa\u0107 ju\u017c po pierwszych pi\u0119ciu minutach spotkania.\u00a0 Inaczej nie mo\u017cna nazwa\u0107 zapanowania\u00a0 nad 60 dzieci w wielu od 6 do 10 lat \u2013 czysta magia. By\u0142o to tym trudniejsze, \u017ce autorka ponad 80 wydanych do tej pory ksi\u0105\u017cek m\u00f3wi\u0142a o trudnych terminach j\u0119zykowych i b\u0142\u0119dach jakie zdarza si\u0119 pope\u0142nia\u0107 zar\u00f3wno dzieciom jak i doros\u0142ym. Podczas spotkania dwie prace plastyczne zosta\u0142y nominowane do fina\u0142u konkursu \u201eM\u00f3j mistrz literatury\u201d. Ilustracje do ulubionej ksi\u0105\u017cki przedstawione przez Marcela Mazurkiewicza i Mart\u0119 Wi\u015bniewsk\u0105 mo\u017cna obejrze\u0107 w Miejskiej Bibliotece Publicznej w \u015awidnicy, kt\u00f3ra czuwa\u0142a 8 czerwca nad fina\u0142em akcji. Maraton, podsumowanie konkurs\u00f3w, spotkania z wszystkimi pisarzami i artystami, zabawy dla dzieci i pyszny tort to tylko niewielki wycinek z wszystkich atrakcji, kt\u00f3re czeka\u0142y w sobot\u0119 na \u015bwidnickim rynku.<\/p>\n<div id='gallery-1' class='gallery galleryid-8910 gallery-columns-3 gallery-size-thumbnail'><figure class='gallery-item'>\n\t\t\t<div class='gallery-icon landscape'>\n\t\t\t\t<a href='https:\/\/bibliotekamoscisko.pl\/?attachment_id=8911'><img decoding=\"async\" width=\"150\" height=\"150\" src=\"https:\/\/bibliotekamoscisko.pl\/wp-content\/uploads\/2019\/06\/DSC0844-150x150.jpeg\" class=\"attachment-thumbnail size-thumbnail\" alt=\"\" srcset=\"https:\/\/bibliotekamoscisko.pl\/wp-content\/uploads\/2019\/06\/DSC0844-150x150.jpeg 150w, https:\/\/bibliotekamoscisko.pl\/wp-content\/uploads\/2019\/06\/DSC0844-1x1.jpeg 1w\" sizes=\"(max-width: 150px) 100vw, 150px\" \/><\/a>\n\t\t\t<\/div><\/figure><figure class='gallery-item'>\n\t\t\t<div class='gallery-icon landscape'>\n\t\t\t\t<a href='https:\/\/bibliotekamoscisko.pl\/?attachment_id=8912'><img decoding=\"async\" width=\"150\" height=\"150\" src=\"https:\/\/bibliotekamoscisko.pl\/wp-content\/uploads\/2019\/06\/DSC0845-150x150.jpeg\" class=\"attachment-thumbnail size-thumbnail\" alt=\"\" srcset=\"https:\/\/bibliotekamoscisko.pl\/wp-content\/uploads\/2019\/06\/DSC0845-150x150.jpeg 150w, https:\/\/bibliotekamoscisko.pl\/wp-content\/uploads\/2019\/06\/DSC0845-2x1.jpeg 2w\" sizes=\"(max-width: 150px) 100vw, 150px\" \/><\/a>\n\t\t\t<\/div><\/figure><figure class='gallery-item'>\n\t\t\t<div class='gallery-icon landscape'>\n\t\t\t\t<a href='https:\/\/bibliotekamoscisko.pl\/?attachment_id=8914'><img loading=\"lazy\" decoding=\"async\" width=\"150\" height=\"150\" src=\"https:\/\/bibliotekamoscisko.pl\/wp-content\/uploads\/2019\/06\/DSC0952-150x150.jpeg\" class=\"attachment-thumbnail size-thumbnail\" alt=\"\" srcset=\"https:\/\/bibliotekamoscisko.pl\/wp-content\/uploads\/2019\/06\/DSC0952-150x150.jpeg 150w, https:\/\/bibliotekamoscisko.pl\/wp-content\/uploads\/2019\/06\/DSC0952-2x1.jpeg 2w\" sizes=\"(max-width: 150px) 100vw, 150px\" \/><\/a>\n\t\t\t<\/div><\/figure><figure class='gallery-item'>\n\t\t\t<div class='gallery-icon landscape'>\n\t\t\t\t<a href='https:\/\/bibliotekamoscisko.pl\/?attachment_id=8915'><img loading=\"lazy\" decoding=\"async\" width=\"150\" height=\"150\" src=\"https:\/\/bibliotekamoscisko.pl\/wp-content\/uploads\/2019\/06\/DSC0978-150x150.jpeg\" class=\"attachment-thumbnail size-thumbnail\" alt=\"\" srcset=\"https:\/\/bibliotekamoscisko.pl\/wp-content\/uploads\/2019\/06\/DSC0978-150x150.jpeg 150w, https:\/\/bibliotekamoscisko.pl\/wp-content\/uploads\/2019\/06\/DSC0978-2x1.jpeg 2w\" sizes=\"(max-width: 150px) 100vw, 150px\" \/><\/a>\n\t\t\t<\/div><\/figure><figure class='gallery-item'>\n\t\t\t<div class='gallery-icon landscape'>\n\t\t\t\t<a href='https:\/\/bibliotekamoscisko.pl\/?attachment_id=8916'><img loading=\"lazy\" decoding=\"async\" width=\"150\" height=\"150\" src=\"https:\/\/bibliotekamoscisko.pl\/wp-content\/uploads\/2019\/06\/DSC0969-150x150.jpeg\" class=\"attachment-thumbnail size-thumbnail\" alt=\"\" srcset=\"https:\/\/bibliotekamoscisko.pl\/wp-content\/uploads\/2019\/06\/DSC0969-150x150.jpeg 150w, https:\/\/bibliotekamoscisko.pl\/wp-content\/uploads\/2019\/06\/DSC0969-2x1.jpeg 2w\" sizes=\"(max-width: 150px) 100vw, 150px\" \/><\/a>\n\t\t\t<\/div><\/figure><figure class='gallery-item'>\n\t\t\t<div class='gallery-icon landscape'>\n\t\t\t\t<a href='https:\/\/bibliotekamoscisko.pl\/?attachment_id=8917'><img loading=\"lazy\" decoding=\"async\" width=\"150\" height=\"150\" src=\"https:\/\/bibliotekamoscisko.pl\/wp-content\/uploads\/2019\/06\/DSC0905-150x150.jpeg\" class=\"attachment-thumbnail size-thumbnail\" alt=\"\" srcset=\"https:\/\/bibliotekamoscisko.pl\/wp-content\/uploads\/2019\/06\/DSC0905-150x150.jpeg 150w, https:\/\/bibliotekamoscisko.pl\/wp-content\/uploads\/2019\/06\/DSC0905-1x1.jpeg 1w\" sizes=\"(max-width: 150px) 100vw, 150px\" \/><\/a>\n\t\t\t<\/div><\/figure><figure class='gallery-item'>\n\t\t\t<div class='gallery-icon landscape'>\n\t\t\t\t<a href='https:\/\/bibliotekamoscisko.pl\/?attachment_id=8918'><img loading=\"lazy\" decoding=\"async\" width=\"150\" height=\"150\" src=\"https:\/\/bibliotekamoscisko.pl\/wp-content\/uploads\/2019\/06\/DSC0942-150x150.jpeg\" class=\"attachment-thumbnail size-thumbnail\" alt=\"\" srcset=\"https:\/\/bibliotekamoscisko.pl\/wp-content\/uploads\/2019\/06\/DSC0942-150x150.jpeg 150w, https:\/\/bibliotekamoscisko.pl\/wp-content\/uploads\/2019\/06\/DSC0942-2x1.jpeg 2w\" sizes=\"(max-width: 150px) 100vw, 150px\" \/><\/a>\n\t\t\t<\/div><\/figure><figure class='gallery-item'>\n\t\t\t<div class='gallery-icon landscape'>\n\t\t\t\t<a href='https:\/\/bibliotekamoscisko.pl\/?attachment_id=8919'><img loading=\"lazy\" decoding=\"async\" width=\"150\" height=\"150\" src=\"https:\/\/bibliotekamoscisko.pl\/wp-content\/uploads\/2019\/06\/DSC0923-150x150.jpeg\" class=\"attachment-thumbnail size-thumbnail\" alt=\"\" srcset=\"https:\/\/bibliotekamoscisko.pl\/wp-content\/uploads\/2019\/06\/DSC0923-150x150.jpeg 150w, https:\/\/bibliotekamoscisko.pl\/wp-content\/uploads\/2019\/06\/DSC0923-1x1.jpeg 1w\" sizes=\"(max-width: 150px) 100vw, 150px\" \/><\/a>\n\t\t\t<\/div><\/figure><figure class='gallery-item'>\n\t\t\t<div class='gallery-icon portrait'>\n\t\t\t\t<a href='https:\/\/bibliotekamoscisko.pl\/?attachment_id=8920'><img loading=\"lazy\" decoding=\"async\" width=\"150\" height=\"150\" src=\"https:\/\/bibliotekamoscisko.pl\/wp-content\/uploads\/2019\/06\/\u015awidnica1-150x150.jpg\" class=\"attachment-thumbnail size-thumbnail\" alt=\"\" srcset=\"https:\/\/bibliotekamoscisko.pl\/wp-content\/uploads\/2019\/06\/\u015awidnica1-150x150.jpg 150w, https:\/\/bibliotekamoscisko.pl\/wp-content\/uploads\/2019\/06\/\u015awidnica1-1x1.jpg 1w\" sizes=\"(max-width: 150px) 100vw, 150px\" \/><\/a>\n\t\t\t<\/div><\/figure><figure class='gallery-item'>\n\t\t\t<div class='gallery-icon landscape'>\n\t\t\t\t<a href='https:\/\/bibliotekamoscisko.pl\/?attachment_id=8921'><img loading=\"lazy\" decoding=\"async\" width=\"150\" height=\"150\" src=\"https:\/\/bibliotekamoscisko.pl\/wp-content\/uploads\/2019\/06\/\u015awidnica2-150x150.jpg\" class=\"attachment-thumbnail size-thumbnail\" alt=\"\" srcset=\"https:\/\/bibliotekamoscisko.pl\/wp-content\/uploads\/2019\/06\/\u015awidnica2-150x150.jpg 150w, https:\/\/bibliotekamoscisko.pl\/wp-content\/uploads\/2019\/06\/\u015awidnica2-2x1.jpg 2w\" sizes=\"(max-width: 150px) 100vw, 150px\" \/><\/a>\n\t\t\t<\/div><\/figure><figure class='gallery-item'>\n\t\t\t<div class='gallery-icon landscape'>\n\t\t\t\t<a href='https:\/\/bibliotekamoscisko.pl\/?attachment_id=8913'><img loading=\"lazy\" decoding=\"async\" width=\"150\" height=\"150\" src=\"https:\/\/bibliotekamoscisko.pl\/wp-content\/uploads\/2019\/06\/DSC0868-150x150.jpeg\" class=\"attachment-thumbnail size-thumbnail\" alt=\"\" srcset=\"https:\/\/bibliotekamoscisko.pl\/wp-content\/uploads\/2019\/06\/DSC0868-150x150.jpeg 150w, https:\/\/bibliotekamoscisko.pl\/wp-content\/uploads\/2019\/06\/DSC0868-1x1.jpeg 1w\" sizes=\"(max-width: 150px) 100vw, 150px\" \/><\/a>\n\t\t\t<\/div><\/figure><figure class='gallery-item'>\n\t\t\t<div class='gallery-icon landscape'>\n\t\t\t\t<a href='https:\/\/bibliotekamoscisko.pl\/?attachment_id=8923'><img loading=\"lazy\" decoding=\"async\" width=\"150\" height=\"150\" src=\"https:\/\/bibliotekamoscisko.pl\/wp-content\/uploads\/2019\/06\/DSC0880-150x150.jpeg\" class=\"attachment-thumbnail size-thumbnail\" alt=\"\" srcset=\"https:\/\/bibliotekamoscisko.pl\/wp-content\/uploads\/2019\/06\/DSC0880-150x150.jpeg 150w, https:\/\/bibliotekamoscisko.pl\/wp-content\/uploads\/2019\/06\/DSC0880-2x1.jpeg 2w\" sizes=\"(max-width: 150px) 100vw, 150px\" \/><\/a>\n\t\t\t<\/div><\/figure>\n\t\t<\/div>\n\n<p>&nbsp;<\/p>\n<p>D.W.<\/p>\n<h6>Projekt dofinansowano ze \u015brodk\u00f3w Ministra Kultury i Dziedzictwa Narodowego, pochodz\u0105cych z Funduszu Promocji Kultury oraz dzi\u0119ki wsparciu samorz\u0105d\u00f3w wojew\u00f3dztwa dolno\u015bl\u0105skiego, miasta i gminy \u015awidnica, powiatu \u015bwidnickiego i samorz\u0105dowych instytucji kultury na Dolnym \u015al\u0105sku.<\/h6>\n","protected":false},"excerpt":{"rendered":"<p>Od 5. czerwca po raz szesnasty w tras\u0119 po wojew\u00f3dztwie dolno\u015bl\u0105skim w ramach akcji &#8222;Z Ksi\u0105\u017ck\u0105 na Walizkach&#8221; ruszyli autorzy ksi\u0105\u017cek dla dzieci i m\u0142odzie\u017cy. Razem z Dolno\u015bl\u0105sk\u0105 Bibliotek\u0105 Publiczn\u0105, [&hellip;]<\/p>\n","protected":false},"author":1,"featured_media":0,"comment_status":"closed","ping_status":"open","sticky":false,"template":"","format":"standard","meta":{"ngg_post_thumbnail":0,"footnotes":""},"categories":[1],"tags":[],"class_list":["post-8910","post","type-post","status-publish","format-standard","hentry","category-uncategorized"],"_links":{"self":[{"href":"https:\/\/bibliotekamoscisko.pl\/index.php?rest_route=\/wp\/v2\/posts\/8910","targetHints":{"allow":["GET"]}}],"collection":[{"href":"https:\/\/bibliotekamoscisko.pl\/index.php?rest_route=\/wp\/v2\/posts"}],"about":[{"href":"https:\/\/bibliotekamoscisko.pl\/index.php?rest_route=\/wp\/v2\/types\/post"}],"author":[{"embeddable":true,"href":"https:\/\/bibliotekamoscisko.pl\/index.php?rest_route=\/wp\/v2\/users\/1"}],"replies":[{"embeddable":true,"href":"https:\/\/bibliotekamoscisko.pl\/index.php?rest_route=%2Fwp%2Fv2%2Fcomments&post=8910"}],"version-history":[{"count":8,"href":"https:\/\/bibliotekamoscisko.pl\/index.php?rest_route=\/wp\/v2\/posts\/8910\/revisions"}],"predecessor-version":[{"id":8931,"href":"https:\/\/bibliotekamoscisko.pl\/index.php?rest_route=\/wp\/v2\/posts\/8910\/revisions\/8931"}],"wp:attachment":[{"href":"https:\/\/bibliotekamoscisko.pl\/index.php?rest_route=%2Fwp%2Fv2%2Fmedia&parent=8910"}],"wp:term":[{"taxonomy":"category","embeddable":true,"href":"https:\/\/bibliotekamoscisko.pl\/index.php?rest_route=%2Fwp%2Fv2%2Fcategories&post=8910"},{"taxonomy":"post_tag","embeddable":true,"href":"https:\/\/bibliotekamoscisko.pl\/index.php?rest_route=%2Fwp%2Fv2%2Ftags&post=8910"}],"curies":[{"name":"wp","href":"https:\/\/api.w.org\/{rel}","templated":true}]}}