{"id":8932,"date":"2019-06-10T07:56:21","date_gmt":"2019-06-10T07:56:21","guid":{"rendered":"http:\/\/bibliotekamoscisko.pl\/?p=8932"},"modified":"2019-06-11T12:03:21","modified_gmt":"2019-06-11T12:03:21","slug":"zabawa-z-usmiechem","status":"publish","type":"post","link":"https:\/\/bibliotekamoscisko.pl\/?p=8932","title":{"rendered":"Zabawa z u\u015bmiechem"},"content":{"rendered":"<p style=\"text-align: center;\">&#8222;We wszystkich krajach z bliska i z daleka<br \/>\nDla bia\u0142ych, \u017c\u00f3\u0142tych, czarnych dzieci<br \/>\nJedno si\u0119 s\u0142onko rankiem zapala<br \/>\nI jeden ksi\u0119\u017cyc srebrzy\u015bcie \u015bwieci\u2019\u2019<\/p>\n<p>W ten wyj\u0105tkowy dzie\u0144\u00a0 2 czerwca <strong>Biblioteka w Owie\u015bnie<\/strong> przy wsp\u00f3\u0142pracy <strong>So\u0142ectwa Owiesno<\/strong> zorganizowa\u0142a dla wszystkich dzieci festyn z okazji Dnia Dziecka pod nazw\u0105 &#8222;Zabawa z u\u015bmiechem\u201d . Organizatorzy zadbali o moc atrakcji dla wszystkich uczestnik\u00f3w imprezy. Odby\u0142y si\u0119 liczne, gry i zabawy, kt\u00f3re przygotowa\u0142a grupa animacyjna Miki &#8211; Wiki. Grupa ta zadba\u0142a r\u00f3wnie\u017c o stoisko z malowaniem twarzy, ba\u0144kami mydlanymi, k\u0105cikiem plastycznym oraz k\u0105cikiem dla maluch\u00f3w. Przeprowadzi\u0142a tak\u017ce liczne rozgrywki sportowe i rodzinne. Wiele rado\u015bci\u00a0 sprawi\u0142y du\u017ce, weso\u0142e chodz\u0105ce maskotki. Odby\u0142 si\u0119 te\u017c konkurs plastyczny \u201eProwad\u017a zdrowy styl \u017bycia\u201d, w ramach organizacji przedsi\u0119wzi\u0119\u0107 profilaktycznych z uwzgl\u0119dnieniem dzia\u0142alno\u015bci informacyjnej i edukacyjnej. Nie zabrak\u0142o dmuchanego zamku, s\u0142odkich upomink\u00f3w dla ka\u017cdego oraz ogniska z kie\u0142baskami.<\/p>\n<p>Niesamowit\u0105 rado\u015b\u0107 sprawi\u0142 r\u00f3wnie\u017c dzieciom najprawdziwszy w\u00f3z stra\u017cacki i dzielni stra\u017cacy \u2013 gdy pojawili si\u0119 na sygnale w naszej Zamkowej Przystani, dzieci od razu czym pr\u0119dzej wskoczy\u0142y na w\u00f3z, a na ich twarzach wida\u0107 by\u0142o rado\u015b\u0107 i \u017cywe zainteresowanie.<br \/>\nDzi\u0119kujemy stra\u017cakom za cenn\u0105 na miar\u0119 \u017cycia nauk\u0119 pierwszej pomocy, kt\u00f3r\u0105 przeprowadzili dla dzieci i rodzic\u00f3w.<\/p>\n<div id='gallery-1' class='gallery galleryid-8932 gallery-columns-3 gallery-size-thumbnail'><figure class='gallery-item'>\n\t\t\t<div class='gallery-icon landscape'>\n\t\t\t\t<a href='https:\/\/bibliotekamoscisko.pl\/?attachment_id=8933'><img decoding=\"async\" width=\"150\" height=\"150\" src=\"https:\/\/bibliotekamoscisko.pl\/wp-content\/uploads\/2019\/06\/IMG_20190602_145408-150x150.jpg\" class=\"attachment-thumbnail size-thumbnail\" alt=\"\" srcset=\"https:\/\/bibliotekamoscisko.pl\/wp-content\/uploads\/2019\/06\/IMG_20190602_145408-150x150.jpg 150w, https:\/\/bibliotekamoscisko.pl\/wp-content\/uploads\/2019\/06\/IMG_20190602_145408-1x1.jpg 1w\" sizes=\"(max-width: 150px) 100vw, 150px\" \/><\/a>\n\t\t\t<\/div><\/figure><figure class='gallery-item'>\n\t\t\t<div class='gallery-icon landscape'>\n\t\t\t\t<a href='https:\/\/bibliotekamoscisko.pl\/?attachment_id=8934'><img decoding=\"async\" width=\"150\" height=\"150\" src=\"https:\/\/bibliotekamoscisko.pl\/wp-content\/uploads\/2019\/06\/IMG_20190602_152751-150x150.jpg\" class=\"attachment-thumbnail size-thumbnail\" alt=\"\" srcset=\"https:\/\/bibliotekamoscisko.pl\/wp-content\/uploads\/2019\/06\/IMG_20190602_152751-150x150.jpg 150w, https:\/\/bibliotekamoscisko.pl\/wp-content\/uploads\/2019\/06\/IMG_20190602_152751-1x1.jpg 1w\" sizes=\"(max-width: 150px) 100vw, 150px\" \/><\/a>\n\t\t\t<\/div><\/figure><figure class='gallery-item'>\n\t\t\t<div class='gallery-icon portrait'>\n\t\t\t\t<a href='https:\/\/bibliotekamoscisko.pl\/?attachment_id=8935'><img decoding=\"async\" width=\"150\" height=\"150\" src=\"https:\/\/bibliotekamoscisko.pl\/wp-content\/uploads\/2019\/06\/IMG_20190602_155056-150x150.jpg\" class=\"attachment-thumbnail size-thumbnail\" alt=\"\" srcset=\"https:\/\/bibliotekamoscisko.pl\/wp-content\/uploads\/2019\/06\/IMG_20190602_155056-150x150.jpg 150w, https:\/\/bibliotekamoscisko.pl\/wp-content\/uploads\/2019\/06\/IMG_20190602_155056-1x1.jpg 1w\" sizes=\"(max-width: 150px) 100vw, 150px\" \/><\/a>\n\t\t\t<\/div><\/figure><figure class='gallery-item'>\n\t\t\t<div class='gallery-icon landscape'>\n\t\t\t\t<a href='https:\/\/bibliotekamoscisko.pl\/?attachment_id=8936'><img loading=\"lazy\" decoding=\"async\" width=\"150\" height=\"150\" src=\"https:\/\/bibliotekamoscisko.pl\/wp-content\/uploads\/2019\/06\/IMG_20190602_161913-150x150.jpg\" class=\"attachment-thumbnail size-thumbnail\" alt=\"\" srcset=\"https:\/\/bibliotekamoscisko.pl\/wp-content\/uploads\/2019\/06\/IMG_20190602_161913-150x150.jpg 150w, https:\/\/bibliotekamoscisko.pl\/wp-content\/uploads\/2019\/06\/IMG_20190602_161913-1x1.jpg 1w\" sizes=\"(max-width: 150px) 100vw, 150px\" \/><\/a>\n\t\t\t<\/div><\/figure><figure class='gallery-item'>\n\t\t\t<div class='gallery-icon landscape'>\n\t\t\t\t<a href='https:\/\/bibliotekamoscisko.pl\/?attachment_id=8937'><img loading=\"lazy\" decoding=\"async\" width=\"150\" height=\"150\" src=\"https:\/\/bibliotekamoscisko.pl\/wp-content\/uploads\/2019\/06\/IMG_20190602_162047-150x150.jpg\" class=\"attachment-thumbnail size-thumbnail\" alt=\"\" srcset=\"https:\/\/bibliotekamoscisko.pl\/wp-content\/uploads\/2019\/06\/IMG_20190602_162047-150x150.jpg 150w, https:\/\/bibliotekamoscisko.pl\/wp-content\/uploads\/2019\/06\/IMG_20190602_162047-1x1.jpg 1w\" sizes=\"(max-width: 150px) 100vw, 150px\" \/><\/a>\n\t\t\t<\/div><\/figure><figure class='gallery-item'>\n\t\t\t<div class='gallery-icon landscape'>\n\t\t\t\t<a href='https:\/\/bibliotekamoscisko.pl\/?attachment_id=8938'><img loading=\"lazy\" decoding=\"async\" width=\"150\" height=\"150\" src=\"https:\/\/bibliotekamoscisko.pl\/wp-content\/uploads\/2019\/06\/IMG_20190602_164537-150x150.jpg\" class=\"attachment-thumbnail size-thumbnail\" alt=\"\" srcset=\"https:\/\/bibliotekamoscisko.pl\/wp-content\/uploads\/2019\/06\/IMG_20190602_164537-150x150.jpg 150w, https:\/\/bibliotekamoscisko.pl\/wp-content\/uploads\/2019\/06\/IMG_20190602_164537-1x1.jpg 1w\" sizes=\"(max-width: 150px) 100vw, 150px\" \/><\/a>\n\t\t\t<\/div><\/figure><figure class='gallery-item'>\n\t\t\t<div class='gallery-icon landscape'>\n\t\t\t\t<a href='https:\/\/bibliotekamoscisko.pl\/?attachment_id=8939'><img loading=\"lazy\" decoding=\"async\" width=\"150\" height=\"150\" src=\"https:\/\/bibliotekamoscisko.pl\/wp-content\/uploads\/2019\/06\/IMG_20190602_164548-150x150.jpg\" class=\"attachment-thumbnail size-thumbnail\" alt=\"\" srcset=\"https:\/\/bibliotekamoscisko.pl\/wp-content\/uploads\/2019\/06\/IMG_20190602_164548-150x150.jpg 150w, https:\/\/bibliotekamoscisko.pl\/wp-content\/uploads\/2019\/06\/IMG_20190602_164548-1x1.jpg 1w\" sizes=\"(max-width: 150px) 100vw, 150px\" \/><\/a>\n\t\t\t<\/div><\/figure><figure class='gallery-item'>\n\t\t\t<div class='gallery-icon portrait'>\n\t\t\t\t<a href='https:\/\/bibliotekamoscisko.pl\/?attachment_id=8940'><img loading=\"lazy\" decoding=\"async\" width=\"150\" height=\"150\" src=\"https:\/\/bibliotekamoscisko.pl\/wp-content\/uploads\/2019\/06\/IMG_20190602_170022-150x150.jpg\" class=\"attachment-thumbnail size-thumbnail\" alt=\"\" srcset=\"https:\/\/bibliotekamoscisko.pl\/wp-content\/uploads\/2019\/06\/IMG_20190602_170022-150x150.jpg 150w, https:\/\/bibliotekamoscisko.pl\/wp-content\/uploads\/2019\/06\/IMG_20190602_170022-1x1.jpg 1w\" sizes=\"(max-width: 150px) 100vw, 150px\" \/><\/a>\n\t\t\t<\/div><\/figure><figure class='gallery-item'>\n\t\t\t<div class='gallery-icon portrait'>\n\t\t\t\t<a href='https:\/\/bibliotekamoscisko.pl\/?attachment_id=8941'><img loading=\"lazy\" decoding=\"async\" width=\"150\" height=\"150\" src=\"https:\/\/bibliotekamoscisko.pl\/wp-content\/uploads\/2019\/06\/IMG-20190602-WA0015-150x150.jpg\" class=\"attachment-thumbnail size-thumbnail\" alt=\"\" srcset=\"https:\/\/bibliotekamoscisko.pl\/wp-content\/uploads\/2019\/06\/IMG-20190602-WA0015-150x150.jpg 150w, https:\/\/bibliotekamoscisko.pl\/wp-content\/uploads\/2019\/06\/IMG-20190602-WA0015-1x1.jpg 1w\" sizes=\"(max-width: 150px) 100vw, 150px\" \/><\/a>\n\t\t\t<\/div><\/figure>\n\t\t<\/div>\n\n<p>Do zobaczenia za rok.<\/p>\n<p>J.P.<\/p>\n<p>Festyn dofinansowany by\u0142 ze \u015brodk\u00f3w Gminy Dzier\u017coni\u00f3w.<\/p>\n","protected":false},"excerpt":{"rendered":"<p>&#8222;We wszystkich krajach z bliska i z daleka Dla bia\u0142ych, \u017c\u00f3\u0142tych, czarnych dzieci Jedno si\u0119 s\u0142onko rankiem zapala I jeden ksi\u0119\u017cyc srebrzy\u015bcie \u015bwieci\u2019\u2019 W ten wyj\u0105tkowy dzie\u0144\u00a0 2 czerwca Biblioteka [&hellip;]<\/p>\n","protected":false},"author":1,"featured_media":0,"comment_status":"closed","ping_status":"open","sticky":false,"template":"","format":"standard","meta":{"ngg_post_thumbnail":0,"footnotes":""},"categories":[1],"tags":[],"class_list":["post-8932","post","type-post","status-publish","format-standard","hentry","category-uncategorized"],"_links":{"self":[{"href":"https:\/\/bibliotekamoscisko.pl\/index.php?rest_route=\/wp\/v2\/posts\/8932","targetHints":{"allow":["GET"]}}],"collection":[{"href":"https:\/\/bibliotekamoscisko.pl\/index.php?rest_route=\/wp\/v2\/posts"}],"about":[{"href":"https:\/\/bibliotekamoscisko.pl\/index.php?rest_route=\/wp\/v2\/types\/post"}],"author":[{"embeddable":true,"href":"https:\/\/bibliotekamoscisko.pl\/index.php?rest_route=\/wp\/v2\/users\/1"}],"replies":[{"embeddable":true,"href":"https:\/\/bibliotekamoscisko.pl\/index.php?rest_route=%2Fwp%2Fv2%2Fcomments&post=8932"}],"version-history":[{"count":2,"href":"https:\/\/bibliotekamoscisko.pl\/index.php?rest_route=\/wp\/v2\/posts\/8932\/revisions"}],"predecessor-version":[{"id":8944,"href":"https:\/\/bibliotekamoscisko.pl\/index.php?rest_route=\/wp\/v2\/posts\/8932\/revisions\/8944"}],"wp:attachment":[{"href":"https:\/\/bibliotekamoscisko.pl\/index.php?rest_route=%2Fwp%2Fv2%2Fmedia&parent=8932"}],"wp:term":[{"taxonomy":"category","embeddable":true,"href":"https:\/\/bibliotekamoscisko.pl\/index.php?rest_route=%2Fwp%2Fv2%2Fcategories&post=8932"},{"taxonomy":"post_tag","embeddable":true,"href":"https:\/\/bibliotekamoscisko.pl\/index.php?rest_route=%2Fwp%2Fv2%2Ftags&post=8932"}],"curies":[{"name":"wp","href":"https:\/\/api.w.org\/{rel}","templated":true}]}}