{"id":9140,"date":"2019-09-04T11:24:44","date_gmt":"2019-09-04T11:24:44","guid":{"rendered":"http:\/\/bibliotekamoscisko.pl\/?p=9140"},"modified":"2019-09-04T11:24:44","modified_gmt":"2019-09-04T11:24:44","slug":"weekend-z-dozynkami-i-bukowinskim-folklorem","status":"publish","type":"post","link":"https:\/\/bibliotekamoscisko.pl\/?p=9140","title":{"rendered":"Weekend z do\u017cynkami i bukowi\u0144skim folklorem"},"content":{"rendered":"<p><a href=\"http:\/\/bibliotekamoscisko.pl\/wp-content\/uploads\/2019\/09\/bukowi\u0144skie.jpg\"><img fetchpriority=\"high\" decoding=\"async\" class=\"aligncenter size-full wp-image-9141\" src=\"http:\/\/bibliotekamoscisko.pl\/wp-content\/uploads\/2019\/09\/bukowi\u0144skie.jpg\" alt=\"\" width=\"1024\" height=\"683\" srcset=\"https:\/\/bibliotekamoscisko.pl\/wp-content\/uploads\/2019\/09\/bukowi\u0144skie.jpg 1024w, https:\/\/bibliotekamoscisko.pl\/wp-content\/uploads\/2019\/09\/bukowi\u0144skie-300x200.jpg 300w, https:\/\/bibliotekamoscisko.pl\/wp-content\/uploads\/2019\/09\/bukowi\u0144skie-768x512.jpg 768w, https:\/\/bibliotekamoscisko.pl\/wp-content\/uploads\/2019\/09\/bukowi\u0144skie-1x1.jpg 1w\" sizes=\"(max-width: 1024px) 100vw, 1024px\" \/><\/a><\/p>\n<p>Miniony weekend up\u0142yn\u0105\u0142 nam przy d\u017awi\u0119kach energetycznego bukowi\u0144skiego folkloru. W sobot\u0119 w dzier\u017coniowskim Rynku w ramach XXX edycji Mi\u0119dzynarodowego Festiwalu Folklorystycznego &#8222;Bukowi\u0144skie Spotkania&#8221; zaprezentowa\u0142y si\u0119 zespo\u0142y z Polski, Rumunii, Ukrainy i W\u0119gier. W niedziel\u0119 przenie\u015bli\u015bmy si\u0119 do Dobrocina, aby wsp\u00f3lnie \u015bwi\u0119towa\u0107 Do\u017cynki Gminy Dzier\u017coni\u00f3w.<br \/>\n&#8222;Bukowi\u0144skie Spotkania&#8221; to wyj\u0105tkowe przedsi\u0119wzi\u0119cie promuj\u0105ce kultur\u0119 Bukowiny, regionu po\u0142o\u017conego w Karpatach Wschodnich, na obecnym pograniczu ukrai\u0144sko-rumu\u0144skim. W tegorocznej edycji wydarzenia tradycyjnie uczestniczyli reprezentanci wielu bukowi\u0144skich nacji i r\u00f3\u017cnorodnych nurt\u00f3w folkloru.<br \/>\nG\u0142\u00f3wna cz\u0119\u015b\u0107 festiwalu odby\u0142a si\u0119 w sobot\u0119 24 sierpnia. Uroczysto\u015bci rozpocz\u0119\u0142y si\u0119 msz\u0105 \u015bw. w ko\u015bciele pw. Maryi Matki Ko\u015bcio\u0142a w Dzier\u017coniowie. P\u00f3\u017aniej ulicami miasta przeszed\u0142 korow\u00f3d festiwalowy. Podobnie jak w ubieg\u0142ych latach, g\u0142\u00f3wn\u0105 aren\u0105 &#8222;Bukowi\u0144skich Spotka\u0144&#8221; by\u0142 dzier\u017coniowski Rynek. Zaprezentowa\u0142y si\u0119 tam zespo\u0142y folklorystyczne z ca\u0142ego kraju, a tak\u017ce go\u015bcie z zagranicy: grupy z Rumunii, Ukrainy i W\u0119gier. G\u0142\u00f3wnym organizatorem &#8222;Bukowi\u0144skich Spotka\u0144&#8221; by\u0142a Biblioteka Publiczna Gminy Dzier\u017coni\u00f3w im. W\u0142adys\u0142awa Reymonta.<br \/>\nW niedziel\u0119 wraz z Bukowi\u0144czykami przenie\u015bli\u015bmy si\u0119 do Dobrocina, gdzie wsp\u00f3lnie \u015bwi\u0119towali\u015bmy Do\u017cynki Gminy Dzier\u017coni\u00f3w. Na obchody tego najwa\u017cniejszego rolniczego \u015bwi\u0119ta przybyli reprezentanci gminnych so\u0142ectw i okolicznych miejscowo\u015bci, grupy wie\u0144cowe, w\u0142adze s\u0105siednich gmin oraz zaproszeni go\u015bcie.<br \/>\nDo\u017cynki rozpocz\u0119\u0142y si\u0119 uroczyst\u0105 msz\u0105 \u015bwi\u0119t\u0105 w ko\u015bciele w Dobrocinie. Po mszy korow\u00f3d do\u017cynkowy przeszed\u0142 na boisko sportowe. To w\u0142a\u015bnie tam rozpocz\u0119\u0142y si\u0119 obrz\u0119dy do\u017cynkowe.<br \/>\nPo od\u015bpiewaniu hymnu gminy starostowie do\u017cynek &#8211; Agnieszka St\u0119pie\u0144 i Krzysztof Ostrowski wraz z delegacjami wie\u0144cowymi przekazali na r\u0119ce W\u00f3jta Gminy Dzier\u017coni\u00f3w Marka Chmielewskiego oraz Zast\u0119pcy Przewodnicz\u0105cego Rady Gminy Dzier\u017coni\u00f3w Gra\u017cyny Ziernik chleb do\u017cynkowy i kosze z darami. Poszczeg\u00f3lne delegacje zaprezentowa\u0142y r\u00f3wnie\u017c przygotowane przez siebie wie\u0144ce.<br \/>\nNast\u0119pnie odby\u0142o si\u0119 tradycyjne misterium chleba. W\u0142adze gminy, starostowie do\u017cynek oraz zaproszeni go\u015bcie podzielili si\u0119 chlebem z uczestnikami imprezy. Go\u015bcie do\u017cynek mogli r\u00f3wnie\u017c obejrze\u0107 przygotowane specjalnie na t\u0119 okazj\u0119 wystawy r\u0119kodzie\u0142a ludowego i produkt\u00f3w lokalnych oraz stoiska naszych partner\u00f3w i wspieraj\u0105cych nas instytucji.<br \/>\nW czasie radosnej biesiady do\u017cynkowej publiczno\u015b\u0107 bawi\u0142a si\u0119 przy wyst\u0119pach gminnych zespo\u0142\u00f3w folklorystycznych i naszych zagranicznych go\u015bci, kt\u00f3rzy odwiedzili nas w ramach &#8222;Bukowi\u0144skich Spotka\u0144&#8221;.<br \/>\nTradycyjnie podczas imprezy odby\u0142a si\u0119 licytacja chleb\u00f3w do\u017cynkowych, a ca\u0142y uzyskany doch\u00f3d zosta\u0142 przeznaczony na rzecz uczni\u00f3w Zespo\u0142u Niepublicznych Szk\u00f3\u0142 Specjalnych w Dobrocinie. Pieni\u0105dze na ten cel w ramach zbi\u00f3rki publicznej zbiera\u0142a Fundacja &#8222;Pokolorujmy Szaro\u015b\u0107&#8221;.<br \/>\nGwiazdami tegorocznego \u015bwi\u0119ta plon\u00f3w by\u0142y zespo\u0142y Karpacka Tajstra, R\u00f3\u017ce Europy i duet Kalwi&amp;Remi. W klimat imprezy wpisa\u0142 si\u0119 tak\u017ce spektakl ognia w wykonaniu grupy Osculum Ignis.<br \/>\nSerdeczne podzi\u0119kowania sk\u0142adamy so\u0142tysom, delegacjom wie\u0144cowym oraz osobom, kt\u00f3re zaanga\u017cowa\u0142y si\u0119 w przygotowanie i przeprowadzenie tegorocznego \u015bwi\u0119ta plon\u00f3w, a szczeg\u00f3lnie: so\u0142tys Dobrocina Gra\u017cynie Ziernik, Radzie So\u0142eckiej Dobrocina, Stowarzyszeniu &#8222;Dobrocin &#8211; Wie\u015b XXI w.&#8221;, s\u0142u\u017cbom mundurowym oraz Ochotniczej Stra\u017cy Po\u017carnej z Pi\u0142awy Dolnej.<br \/>\nDzi\u0119kujemy tak\u017ce instytucjom i firmom, kt\u00f3re wspar\u0142y organizacj\u0119 &#8222;Bukowi\u0144skich Spotka\u0144&#8221; i do\u017cynek. Partnerem strategicznym przedsi\u0119wzi\u0119cia by\u0142a Kompania G\u00f3rnicza sp. z o.o. &#8211; kopalnia Pi\u0142awa G\u00f3rna.<\/p>\n<h6>\u00a0\u00a0\u00a0\u00a0\u00a0\u00a0\u00a0\u00a0\u00a0\u00a0\u00a0\u00a0\u00a0\u00a0\u00a0\u00a0\u00a0\u00a0\u00a0\u00a0\u00a0\u00a0\u00a0\u00a0\u00a0\u00a0\u00a0\u00a0\u00a0\u00a0\u00a0\u00a0\u00a0\u00a0\u00a0\u00a0\u00a0\u00a0\u00a0\u00a0\u00a0\u00a0\u00a0\u00a0\u00a0\u00a0\u00a0\u00a0\u00a0\u00a0\u00a0\u00a0\u00a0\u00a0\u00a0\u00a0\u00a0\u00a0\u00a0\u00a0\u00a0\u00a0\u00a0\u00a0\u00a0\u00a0\u00a0\u00a0\u00a0\u00a0\u00a0\u00a0\u00a0\u00a0\u00a0\u00a0\u00a0\u00a0\u00a0\u00a0\u00a0\u00a0\u00a0\u00a0\u00a0\u00a0\u00a0\u00a0\u00a0\u00a0\u00a0\u00a0\u00a0\u00a0\u00a0\u00a0\u00a0\u00a0\u00a0\u00a0\u00a0\u00a0\u00a0\u00a0\u00a0\u00a0\u00a0\u00a0\u00a0\u00a0\u00a0\u00a0\u00a0\u00a0\u00a0\u00a0\u00a0\u00a0\u00a0\u00a0\u00a0\u00a0\u00a0\u00a0\u00a0\u00a0\u00a0\u00a0\u00a0\u00a0\u00a0\u00a0\u00a0\u00a0\u00a0\u00a0\u00a0\u00a0\u00a0\u00a0\u00a0\u00a0\u00a0\u00a0\u00a0\u00a0\u00a0\u00a0\u00a0\u00a0\u00a0\u00a0\u00a0\u00a0\u00a0\u00a0\u00a0\u00a0\u00a0\u00a0\u00a0\u00a0\u00a0\u00a0\u00a0\u00a0\u00a0\u00a0\u00a0\u00a0\u00a0\u00a0\u00a0\u00a0\u00a0\u00a0\u00a0\u00a0\u00a0\u00a0\u00a0\u00a0\u00a0\u00a0\u00a0\u00a0\u00a0\u00a0\u00a0\u00a0\u00a0\u00a0\u00a0\u00a0\u00a0\u00a0\u00a0\u00a0\u00a0\u00a0\u00a0\u00a0\u00a0\u00a0\u00a0\u00a0\u00a0\u00a0\u00a0\u00a0\u00a0\u00a0\u00a0\u00a0\u00a0\u00a0\u00a0 https:\/\/www.ug.dzierzoniow.pl\/wydarzenia\/weekend-z-dozynkami-i-bukowinskim-folklorem-2<\/h6>\n<h2>\n<a href=\"https:\/\/www.ug.dzierzoniow.pl\/galeria\/173\/\" target=\"_blank\" rel=\"noopener\"><strong>Galeria zdj\u0119\u0107 &#8211; zajrzyj<\/strong><\/a><\/h2>\n","protected":false},"excerpt":{"rendered":"<p>Miniony weekend up\u0142yn\u0105\u0142 nam przy d\u017awi\u0119kach energetycznego bukowi\u0144skiego folkloru. W sobot\u0119 w dzier\u017coniowskim Rynku w ramach XXX edycji Mi\u0119dzynarodowego Festiwalu Folklorystycznego &#8222;Bukowi\u0144skie Spotkania&#8221; zaprezentowa\u0142y si\u0119 zespo\u0142y z Polski, Rumunii, Ukrainy [&hellip;]<\/p>\n","protected":false},"author":1,"featured_media":0,"comment_status":"closed","ping_status":"open","sticky":false,"template":"","format":"standard","meta":{"ngg_post_thumbnail":0,"footnotes":""},"categories":[1],"tags":[],"class_list":["post-9140","post","type-post","status-publish","format-standard","hentry","category-uncategorized"],"_links":{"self":[{"href":"https:\/\/bibliotekamoscisko.pl\/index.php?rest_route=\/wp\/v2\/posts\/9140","targetHints":{"allow":["GET"]}}],"collection":[{"href":"https:\/\/bibliotekamoscisko.pl\/index.php?rest_route=\/wp\/v2\/posts"}],"about":[{"href":"https:\/\/bibliotekamoscisko.pl\/index.php?rest_route=\/wp\/v2\/types\/post"}],"author":[{"embeddable":true,"href":"https:\/\/bibliotekamoscisko.pl\/index.php?rest_route=\/wp\/v2\/users\/1"}],"replies":[{"embeddable":true,"href":"https:\/\/bibliotekamoscisko.pl\/index.php?rest_route=%2Fwp%2Fv2%2Fcomments&post=9140"}],"version-history":[{"count":1,"href":"https:\/\/bibliotekamoscisko.pl\/index.php?rest_route=\/wp\/v2\/posts\/9140\/revisions"}],"predecessor-version":[{"id":9142,"href":"https:\/\/bibliotekamoscisko.pl\/index.php?rest_route=\/wp\/v2\/posts\/9140\/revisions\/9142"}],"wp:attachment":[{"href":"https:\/\/bibliotekamoscisko.pl\/index.php?rest_route=%2Fwp%2Fv2%2Fmedia&parent=9140"}],"wp:term":[{"taxonomy":"category","embeddable":true,"href":"https:\/\/bibliotekamoscisko.pl\/index.php?rest_route=%2Fwp%2Fv2%2Fcategories&post=9140"},{"taxonomy":"post_tag","embeddable":true,"href":"https:\/\/bibliotekamoscisko.pl\/index.php?rest_route=%2Fwp%2Fv2%2Ftags&post=9140"}],"curies":[{"name":"wp","href":"https:\/\/api.w.org\/{rel}","templated":true}]}}