{"id":9143,"date":"2019-09-04T12:01:44","date_gmt":"2019-09-04T12:01:44","guid":{"rendered":"http:\/\/bibliotekamoscisko.pl\/?p=9143"},"modified":"2019-09-05T13:26:04","modified_gmt":"2019-09-05T13:26:04","slug":"narodowe-czytanie-3","status":"publish","type":"post","link":"https:\/\/bibliotekamoscisko.pl\/?p=9143","title":{"rendered":"Narodowe Czytanie"},"content":{"rendered":"<p style=\"text-align: center;\"><a href=\"http:\/\/bibliotekamoscisko.pl\/wp-content\/uploads\/2019\/09\/Bez-tytu\u0142u.jpg\"><img fetchpriority=\"high\" decoding=\"async\" class=\"aligncenter size-full wp-image-9144\" src=\"http:\/\/bibliotekamoscisko.pl\/wp-content\/uploads\/2019\/09\/Bez-tytu\u0142u.jpg\" alt=\"\" width=\"1014\" height=\"710\" srcset=\"https:\/\/bibliotekamoscisko.pl\/wp-content\/uploads\/2019\/09\/Bez-tytu\u0142u.jpg 1014w, https:\/\/bibliotekamoscisko.pl\/wp-content\/uploads\/2019\/09\/Bez-tytu\u0142u-300x210.jpg 300w, https:\/\/bibliotekamoscisko.pl\/wp-content\/uploads\/2019\/09\/Bez-tytu\u0142u-768x538.jpg 768w, https:\/\/bibliotekamoscisko.pl\/wp-content\/uploads\/2019\/09\/Bez-tytu\u0142u-1x1.jpg 1w\" sizes=\"(max-width: 1014px) 100vw, 1014px\" \/><\/a><strong>Po raz kolejny zapraszamy do naszych bibliotek na Narodowe Czytanie!<\/strong><\/p>\n<p>Podczas tegorocznej ods\u0142ony akcji &#8222;<strong>Narodowe Czytanie&#8221;<\/strong> Para Prezydencka zaproponowa\u0142a do czytania\u00a0 <em>Nowele polskie<\/em>. Prezydent Andrzej Duda z Ma\u0142\u017conk\u0105 dokonali wyboru z ponad stu propozycji tytu\u0142\u00f3w przes\u0142anych do Kancelarii Prezydenta.<\/p>\n<ol>\n<li><em>Dobra pani <\/em>\u2013 Eliza Orzeszkowa;<\/li>\n<li><em>Dym <\/em>\u2013 Maria Konopnicka<\/li>\n<li><em>Katarynka <\/em>\u2013 Boles\u0142aw Prus<\/li>\n<li><em>M\u00f3j ojciec wst\u0119puje do stra\u017cak\u00f3w<\/em> (ze zbioru: <em>Sanatorium pod Klepsydr\u0105<\/em>) \u2013 Bruno Schulz<\/li>\n<li><em>Orka<\/em> \u2013 W\u0142adys\u0142aw Stanis\u0142aw Reymont<\/li>\n<li><em>Rozdzi\u00f3bi\u0105 nas kruki, wrony\u2026 <\/em>\u2013 Stefan \u017beromski<\/li>\n<li><em>Sachem<\/em> \u2013 Henryk Sienkiewicz<\/li>\n<li><em>Sawa<\/em> (z cyklu: <em>Pami\u0105tki Soplicy<\/em>) \u2013 Henryk Rzewuski<\/li>\n<\/ol>\n<p>Akcja <strong>Narodowe Czytanie <\/strong>organizowana jest przez Prezydenta RP od 2012 roku. Zosta\u0142a zainicjowana wsp\u00f3ln\u0105 lektur\u0105 <em>Pana Tadeusza<\/em> Adama Mickiewicza. W 2013 roku w ca\u0142ej Polsce odby\u0142o si\u0119 czytanie dzie\u0142 Aleksandra Fredry, a podczas nast\u0119pnych edycji przeczytano kolejno: <em>Trylogi\u0119<\/em> Henryka Sienkiewicza oraz <em>Lalk\u0119 <\/em>Boles\u0142awa Prusa. W 2016 roku Andrzej Duda i Agata Kornhauser-Duda rozpocz\u0119li Narodowe Czytanie <em>Quo vadis <\/em>Henryka Sienkiewicza w warszawskim Ogrodzie Saskim. W 2017 roku lektur\u0105 Narodowego Czytania by\u0142o <em>Wesele<\/em> Stanis\u0142awa Wyspia\u0144skiego. W ca\u0142ej Polsce i za granic\u0105 dramat ten przeczytano w ponad 2000 miejsc.<\/p>\n<p style=\"text-align: center;\"><strong>Ju\u017c w czwartek 5 wrze\u015bnia zapraszamy do :<\/strong><\/p>\n<p style=\"text-align: center;\">Biblioteki w Ostroszowicach &#8211; godz. 16.00<\/p>\n<p style=\"text-align: center;\"><strong>W pi\u0105tek 6 wrze\u015bnia zapraszamy do:<\/strong><\/p>\n<p style=\"text-align: center;\">Biblioteki w Tuszynie &#8211; godz. 11.15<\/p>\n<p style=\"text-align: center;\">Biblioteki w Mo\u015bcisku &#8211; godz. 12.00<\/p>\n<p style=\"text-align: center;\"><strong>\u00a0<\/strong><\/p>\n","protected":false},"excerpt":{"rendered":"<p>Po raz kolejny zapraszamy do naszych bibliotek na Narodowe Czytanie! Podczas tegorocznej ods\u0142ony akcji &#8222;Narodowe Czytanie&#8221; Para Prezydencka zaproponowa\u0142a do czytania\u00a0 Nowele polskie. Prezydent Andrzej Duda z Ma\u0142\u017conk\u0105 dokonali wyboru [&hellip;]<\/p>\n","protected":false},"author":1,"featured_media":0,"comment_status":"closed","ping_status":"open","sticky":false,"template":"","format":"standard","meta":{"ngg_post_thumbnail":0,"footnotes":""},"categories":[1],"tags":[],"class_list":["post-9143","post","type-post","status-publish","format-standard","hentry","category-uncategorized"],"_links":{"self":[{"href":"https:\/\/bibliotekamoscisko.pl\/index.php?rest_route=\/wp\/v2\/posts\/9143","targetHints":{"allow":["GET"]}}],"collection":[{"href":"https:\/\/bibliotekamoscisko.pl\/index.php?rest_route=\/wp\/v2\/posts"}],"about":[{"href":"https:\/\/bibliotekamoscisko.pl\/index.php?rest_route=\/wp\/v2\/types\/post"}],"author":[{"embeddable":true,"href":"https:\/\/bibliotekamoscisko.pl\/index.php?rest_route=\/wp\/v2\/users\/1"}],"replies":[{"embeddable":true,"href":"https:\/\/bibliotekamoscisko.pl\/index.php?rest_route=%2Fwp%2Fv2%2Fcomments&post=9143"}],"version-history":[{"count":3,"href":"https:\/\/bibliotekamoscisko.pl\/index.php?rest_route=\/wp\/v2\/posts\/9143\/revisions"}],"predecessor-version":[{"id":9147,"href":"https:\/\/bibliotekamoscisko.pl\/index.php?rest_route=\/wp\/v2\/posts\/9143\/revisions\/9147"}],"wp:attachment":[{"href":"https:\/\/bibliotekamoscisko.pl\/index.php?rest_route=%2Fwp%2Fv2%2Fmedia&parent=9143"}],"wp:term":[{"taxonomy":"category","embeddable":true,"href":"https:\/\/bibliotekamoscisko.pl\/index.php?rest_route=%2Fwp%2Fv2%2Fcategories&post=9143"},{"taxonomy":"post_tag","embeddable":true,"href":"https:\/\/bibliotekamoscisko.pl\/index.php?rest_route=%2Fwp%2Fv2%2Ftags&post=9143"}],"curies":[{"name":"wp","href":"https:\/\/api.w.org\/{rel}","templated":true}]}}