{"id":9152,"date":"2019-09-06T12:59:09","date_gmt":"2019-09-06T12:59:09","guid":{"rendered":"http:\/\/bibliotekamoscisko.pl\/?p=9152"},"modified":"2019-09-06T12:59:09","modified_gmt":"2019-09-06T12:59:09","slug":"swiat-haftem-malowany","status":"publish","type":"post","link":"https:\/\/bibliotekamoscisko.pl\/?p=9152","title":{"rendered":"\u015awiat haftem malowany"},"content":{"rendered":"<p style=\"text-align: center;\">Od poniedzia\u0142ku 9 wrze\u015bnia mo\u017cna zwiedza\u0107 wystaw\u0119 Doroty Chmielewskiej pt. <strong>&#8222;\u015awiat haftem malowany&#8221;<\/strong>. Autorka prac jest \u00a0hafciark\u0105 i \u00a0instruktork\u0105 Ko\u0142a Haftu\u00a0\u00a0 i Sztuki U\u017cytkowej. Prace Doroty Chmielewskiej to wyj\u0105tkowe dzie\u0142a. Artystka pos\u0142uguje si\u0119 acupictur\u0105, haftem p\u0142askim, cieniowanym. Jest to najtrudniejszy\u00a0 \u00a0 \u00a0 \u00a0\u00a0\u00a0\u00a0\u00a0\u00a0\u00a0\u00a0\u00a0 w wykonaniu rodzaj haftu, ale daj\u0105cy najpi\u0119kniejsze efekty. Kontury wype\u0142nia si\u0119 ni\u0107mi, a zamierzone efekty uzyskuje m.in. przez zmian\u0119 kierunku i d\u0142ugo\u015bci \u015bcieg\u00f3w, wykorzystuj\u0105c r\u00f3\u017cne rodzaje haftu, satynowego, kolo\u0144skiego, roz\u0142upanego.\u00a0 Artystka \u0142\u0105czy r\u00f3wnie\u017c haft p\u0142aski z innymi technikami, z aplikacj\u0105 i haftem nak\u0142adanym i z haftem metalowymi ni\u0107mi.<\/p>\n<p style=\"text-align: center;\"><strong>Wystaw<\/strong><strong>\u0119<\/strong><strong> mo<\/strong><strong>\u017c<\/strong><strong>na odwiedza<\/strong><strong>\u0107<\/strong><strong> w godzinach od 8.00 do 18.00 do ko<\/strong><strong>\u0144<\/strong><strong>ca listopada.<\/strong><\/p>\n<p style=\"text-align: center;\"><strong><a href=\"http:\/\/bibliotekamoscisko.pl\/wp-content\/uploads\/2019\/09\/plakat.jpg\"><img fetchpriority=\"high\" decoding=\"async\" class=\"aligncenter size-full wp-image-9153\" src=\"http:\/\/bibliotekamoscisko.pl\/wp-content\/uploads\/2019\/09\/plakat.jpg\" alt=\"\" width=\"586\" height=\"768\" srcset=\"https:\/\/bibliotekamoscisko.pl\/wp-content\/uploads\/2019\/09\/plakat.jpg 586w, https:\/\/bibliotekamoscisko.pl\/wp-content\/uploads\/2019\/09\/plakat-229x300.jpg 229w, https:\/\/bibliotekamoscisko.pl\/wp-content\/uploads\/2019\/09\/plakat-1x1.jpg 1w\" sizes=\"(max-width: 586px) 100vw, 586px\" \/><\/a><\/strong><\/p>\n","protected":false},"excerpt":{"rendered":"<p>Od poniedzia\u0142ku 9 wrze\u015bnia mo\u017cna zwiedza\u0107 wystaw\u0119 Doroty Chmielewskiej pt. &#8222;\u015awiat haftem malowany&#8221;. Autorka prac jest \u00a0hafciark\u0105 i \u00a0instruktork\u0105 Ko\u0142a Haftu\u00a0\u00a0 i Sztuki U\u017cytkowej. Prace Doroty Chmielewskiej to wyj\u0105tkowe dzie\u0142a. [&hellip;]<\/p>\n","protected":false},"author":1,"featured_media":0,"comment_status":"closed","ping_status":"open","sticky":false,"template":"","format":"standard","meta":{"ngg_post_thumbnail":0,"footnotes":""},"categories":[1],"tags":[],"class_list":["post-9152","post","type-post","status-publish","format-standard","hentry","category-uncategorized"],"_links":{"self":[{"href":"https:\/\/bibliotekamoscisko.pl\/index.php?rest_route=\/wp\/v2\/posts\/9152","targetHints":{"allow":["GET"]}}],"collection":[{"href":"https:\/\/bibliotekamoscisko.pl\/index.php?rest_route=\/wp\/v2\/posts"}],"about":[{"href":"https:\/\/bibliotekamoscisko.pl\/index.php?rest_route=\/wp\/v2\/types\/post"}],"author":[{"embeddable":true,"href":"https:\/\/bibliotekamoscisko.pl\/index.php?rest_route=\/wp\/v2\/users\/1"}],"replies":[{"embeddable":true,"href":"https:\/\/bibliotekamoscisko.pl\/index.php?rest_route=%2Fwp%2Fv2%2Fcomments&post=9152"}],"version-history":[{"count":5,"href":"https:\/\/bibliotekamoscisko.pl\/index.php?rest_route=\/wp\/v2\/posts\/9152\/revisions"}],"predecessor-version":[{"id":9158,"href":"https:\/\/bibliotekamoscisko.pl\/index.php?rest_route=\/wp\/v2\/posts\/9152\/revisions\/9158"}],"wp:attachment":[{"href":"https:\/\/bibliotekamoscisko.pl\/index.php?rest_route=%2Fwp%2Fv2%2Fmedia&parent=9152"}],"wp:term":[{"taxonomy":"category","embeddable":true,"href":"https:\/\/bibliotekamoscisko.pl\/index.php?rest_route=%2Fwp%2Fv2%2Fcategories&post=9152"},{"taxonomy":"post_tag","embeddable":true,"href":"https:\/\/bibliotekamoscisko.pl\/index.php?rest_route=%2Fwp%2Fv2%2Ftags&post=9152"}],"curies":[{"name":"wp","href":"https:\/\/api.w.org\/{rel}","templated":true}]}}